{"id":4470,"date":"2018-11-21T01:04:15","date_gmt":"2018-11-21T00:04:15","guid":{"rendered":"http:\/\/culturaliagz.com\/?p=4470"},"modified":"2018-11-21T01:07:05","modified_gmt":"2018-11-21T00:07:05","slug":"xornada-de-reflexion-no-dia-contra-a-violencia-machista","status":"publish","type":"post","link":"http:\/\/culturaliagz.com\/?p=4470","title":{"rendered":"Xornada de reflexi\u00f3n no DIA CONTRA A VIOLENCIA MACHISTA"},"content":{"rendered":"<p>Enviamos <a href=\"http:\/\/culturaliagz.com\/wp-content\/uploads\/2018\/11\/Cartaz-24N-Vilalba.pdf\" target=\"_blank\" rel=\"noopener\">cartaz<\/a> e <a href=\"http:\/\/culturaliagz.com\/wp-content\/uploads\/2018\/11\/NOTA_INFORMATIVA_NON-VIOLENCIA-copia.pdf\" target=\"_blank\" rel=\"noopener\">nota<\/a> informando do acto previsto para o s\u00e1bado 24 de novembro, \u00e1s 18:00 horas, na Casa da Cultura de Vilalba, organizado polo IESCHA e a \u00a0Secretar\u00eda das Mulleres do Sindicato Labrego Galego, nunha xornada de reflexi\u00f3n no D\u00cdA CONTRA A VIOLENCIA MACHISTA.<\/p>\n<p>&nbsp;<\/p>\n<p><em>*Informaci\u00f3n achegada desde o IESCHA.<\/em><\/p>\n","protected":false},"excerpt":{"rendered":"<p>Enviamos cartaz e nota informando do acto previsto para o s\u00e1bado 24 de novembro, \u00e1s 18:00 horas, na Casa da Cultura de Vilalba, organizado polo IESCHA e a \u00a0Secretar\u00eda das [&hellip;]<\/p>\n","protected":false},"author":1,"featured_media":0,"comment_status":"open","ping_status":"open","sticky":false,"template":"","format":"standard","meta":{"_et_pb_use_builder":"","_et_pb_old_content":"","_et_gb_content_width":"","_jetpack_memberships_contains_paid_content":false,"footnotes":""},"categories":[23,6,1],"tags":[],"class_list":["post-4470","post","type-post","status-publish","format-standard","hentry","category-autoresas","category-novas","category-xeral"],"jetpack_featured_media_url":"","jetpack_sharing_enabled":true,"_links":{"self":[{"href":"http:\/\/culturaliagz.com\/index.php?rest_route=\/wp\/v2\/posts\/4470","targetHints":{"allow":["GET"]}}],"collection":[{"href":"http:\/\/culturaliagz.com\/index.php?rest_route=\/wp\/v2\/posts"}],"about":[{"href":"http:\/\/culturaliagz.com\/index.php?rest_route=\/wp\/v2\/types\/post"}],"author":[{"embeddable":true,"href":"http:\/\/culturaliagz.com\/index.php?rest_route=\/wp\/v2\/users\/1"}],"replies":[{"embeddable":true,"href":"http:\/\/culturaliagz.com\/index.php?rest_route=%2Fwp%2Fv2%2Fcomments&post=4470"}],"version-history":[{"count":3,"href":"http:\/\/culturaliagz.com\/index.php?rest_route=\/wp\/v2\/posts\/4470\/revisions"}],"predecessor-version":[{"id":4475,"href":"http:\/\/culturaliagz.com\/index.php?rest_route=\/wp\/v2\/posts\/4470\/revisions\/4475"}],"wp:attachment":[{"href":"http:\/\/culturaliagz.com\/index.php?rest_route=%2Fwp%2Fv2%2Fmedia&parent=4470"}],"wp:term":[{"taxonomy":"category","embeddable":true,"href":"http:\/\/culturaliagz.com\/index.php?rest_route=%2Fwp%2Fv2%2Fcategories&post=4470"},{"taxonomy":"post_tag","embeddable":true,"href":"http:\/\/culturaliagz.com\/index.php?rest_route=%2Fwp%2Fv2%2Ftags&post=4470"}],"curies":[{"name":"wp","href":"https:\/\/api.w.org\/{rel}","templated":true}]}}