{"id":4454,"date":"2018-11-15T20:22:00","date_gmt":"2018-11-15T19:22:00","guid":{"rendered":"http:\/\/culturaliagz.com\/?p=4454"},"modified":"2018-11-15T20:22:00","modified_gmt":"2018-11-15T19:22:00","slug":"xornadas-centenario-da-i-asemblea-das-irmandades-da-fala","status":"publish","type":"post","link":"http:\/\/culturaliagz.com\/?p=4454","title":{"rendered":"XORNADAS CENTENARIO DA I ASEMBLEA DAS IRMANDADES DA FALA"},"content":{"rendered":"<p>Adxuntamos cartaz, <a href=\"http:\/\/culturaliagz.com\/wp-content\/uploads\/2018\/11\/trp1_peq.pdf\" target=\"_blank\" rel=\"noopener\">tr\u00edptico 1<\/a>, <a href=\"http:\/\/culturaliagz.com\/wp-content\/uploads\/2018\/11\/trp2_2\u00aa_peq.pdf\" target=\"_blank\" rel=\"noopener\">tr\u00edptico 2<\/a>\u00a0e <a href=\"http:\/\/culturaliagz.com\/wp-content\/uploads\/2018\/11\/NOTA_INFORMATIVA_irmandades.pdf\" target=\"_blank\" rel=\"noopener\">nota informando<\/a> das Xornadas CENTENARIO DA I ASEMBLEA DAS IRMANDADES DA FALA, organizadas polo Instituto de Estudos Chairegos e o Consello da Cultura Galega, coa colaboraci\u00f3n do Concello de Vilalba, e que ter\u00e1n lugar na casa da Cultura de Vilalba o venres, 16, e o s\u00e1bado, 17, de novembro de 2018, sendo o acto de apertura o venres, 16, \u00e1s 17:30 horas.<\/p>\n<p>&nbsp;<\/p>\n<p>&nbsp;<\/p>\n<p><em>*Informaci\u00f3n facilitada polo IESCHA.<\/em><\/p>\n","protected":false},"excerpt":{"rendered":"<p>Adxuntamos cartaz, tr\u00edptico 1, tr\u00edptico 2\u00a0e nota informando das Xornadas CENTENARIO DA I ASEMBLEA DAS IRMANDADES DA FALA, organizadas polo Instituto de Estudos Chairegos e o Consello da Cultura Galega, [&hellip;]<\/p>\n","protected":false},"author":1,"featured_media":4456,"comment_status":"open","ping_status":"open","sticky":false,"template":"","format":"standard","meta":{"_et_pb_use_builder":"","_et_pb_old_content":"","_et_gb_content_width":"","_jetpack_memberships_contains_paid_content":false,"footnotes":""},"categories":[23,6,1],"tags":[],"class_list":["post-4454","post","type-post","status-publish","format-standard","has-post-thumbnail","hentry","category-autoresas","category-novas","category-xeral"],"jetpack_featured_media_url":"http:\/\/culturaliagz.com\/wp-content\/uploads\/2018\/11\/CARTAZ_XORNADAS_4_PEQ2.jpg","jetpack_sharing_enabled":true,"_links":{"self":[{"href":"http:\/\/culturaliagz.com\/index.php?rest_route=\/wp\/v2\/posts\/4454","targetHints":{"allow":["GET"]}}],"collection":[{"href":"http:\/\/culturaliagz.com\/index.php?rest_route=\/wp\/v2\/posts"}],"about":[{"href":"http:\/\/culturaliagz.com\/index.php?rest_route=\/wp\/v2\/types\/post"}],"author":[{"embeddable":true,"href":"http:\/\/culturaliagz.com\/index.php?rest_route=\/wp\/v2\/users\/1"}],"replies":[{"embeddable":true,"href":"http:\/\/culturaliagz.com\/index.php?rest_route=%2Fwp%2Fv2%2Fcomments&post=4454"}],"version-history":[{"count":4,"href":"http:\/\/culturaliagz.com\/index.php?rest_route=\/wp\/v2\/posts\/4454\/revisions"}],"predecessor-version":[{"id":4462,"href":"http:\/\/culturaliagz.com\/index.php?rest_route=\/wp\/v2\/posts\/4454\/revisions\/4462"}],"wp:featuredmedia":[{"embeddable":true,"href":"http:\/\/culturaliagz.com\/index.php?rest_route=\/wp\/v2\/media\/4456"}],"wp:attachment":[{"href":"http:\/\/culturaliagz.com\/index.php?rest_route=%2Fwp%2Fv2%2Fmedia&parent=4454"}],"wp:term":[{"taxonomy":"category","embeddable":true,"href":"http:\/\/culturaliagz.com\/index.php?rest_route=%2Fwp%2Fv2%2Fcategories&post=4454"},{"taxonomy":"post_tag","embeddable":true,"href":"http:\/\/culturaliagz.com\/index.php?rest_route=%2Fwp%2Fv2%2Ftags&post=4454"}],"curies":[{"name":"wp","href":"https:\/\/api.w.org\/{rel}","templated":true}]}}