{"id":4451,"date":"2018-11-15T20:02:45","date_gmt":"2018-11-15T19:02:45","guid":{"rendered":"http:\/\/culturaliagz.com\/?p=4451"},"modified":"2018-11-15T20:02:45","modified_gmt":"2018-11-15T19:02:45","slug":"oracion-a-san-vicenzo-e-a-virxe-dos-desamparados-por-anton-de-guizan","status":"publish","type":"post","link":"http:\/\/culturaliagz.com\/?p=4451","title":{"rendered":"ORACI\u00d3N A SAN VICENZO E \u00c1 VIRXE DOS DESAMPARADOS, por Ant\u00f3n de Guiz\u00e1n"},"content":{"rendered":"<p>San Vicenzo dos Vilares \u00e9 unha igrexa co\u00f1ecida por cel\u00e9brar a popular romar\u00eda da Virxe dos Desamparados.<\/p>\n<p>\u00c9 por iso que vos pregamos San Vicente e Nosa Se\u00f1ora dos Desamparados para que movades a consci\u00e9ncia das administraci\u00f3ns p\u00fablicas para que non deixen desaparecer os frescos da igrexa.<\/p>\n<p>Como ben sabedes, as orixes do templo datan do s. XII, se ben\u00a0 os restos rom\u00e1nicos red\u00facense aos muros laterais da nave con varios canecillos, sendo a fachada principal do XVIII.<\/p>\n<p>No exterior o conxunto est\u00e1 formado un atrio murado con baixo muro de pedra gran\u00edtica, con cruceiro, d\u00faas pilas bautismais e un sarc\u00f3fago. T\u00e1m\u00e9n existe un Calvario nas inmediaci\u00f3ns que leva dez meses sen un pedazo do mastro e a cruz por un accidente de tr\u00e1fico.<\/p>\n<p>No interior ten catro retablos neocl\u00e1sicos e un barroco con tallas dos ss. XVII e XVIII, a\u00ednda que destacan especialemnte os restos de pintura mural \u00f3 fresco do S.XVI, que forman un ciclo de grande calidade art\u00edstica \u00f3 longo dos muros da nave, con distintos temas, como o do enterro do Conde Orgaz da autor\u00eda, segundo o profesor Monterroso Montero do afamado Mestre de Parga, de grande respeto naquela \u00e9poca.<\/p>\n<p>O estado xeral de conservaci\u00f3n \u00e9 verdadeiramente moi malo. A gravedade acelerada e activa dos axentes\u00a0 de deterioro, provoca en primeiro lugar o risco de desprendemento das pinturas murais, polo que urxe imperiosamente proceder \u00e1 sua restauraci\u00f3n, xa que de acabar caendo, a s\u00faa p\u00e9rdida ser\u00eda irreversibel.<\/p>\n<p>Adem\u00e1is deste perigo urxente de resolver, o seu aspecto sucio e abandonado desvirt\u00faa a s\u00faa calidade como elemento singular e moi visible de este templo teu,\u00a0 San Vicenzo dos Vilares, centro de peregrinaxe senlleiro.<\/p>\n<p>En conclusi\u00f3n podemos dicir que se est\u00e1 a perder un ciclo mural ao fresco de gran relevancia art\u00edstica \u00e9 hist\u00f3rica para a provincia de Lugo coa pasividade das diferentes administraci\u00f3ns a pesares de que a s\u00faa restauraci\u00f3n ser\u00eda perfectamente asumibel econ\u00f3micamente e e que a salvaci\u00f3n das pinturas supor\u00eda un importante valor para o patrimonio da provincia.<\/p>\n<p>A perda destas pinturas ser\u00e1 unha grande irresponsabilidade por parte da Igrexa, a Consellar\u00eda de Cultura da Xunta de Galicia, a Deputaci\u00f3n Provincial e o Concello de Guitiriz, sabedores da trascendencia desta obra e do perigo existente de perda definitiva si non se act\u00faa con urxencia, pois os frescos murais dos Vilares te\u00f1en V S\u00c9CULOS DE N\u00d3S, \u00e9 patrim\u00f3nio de tod@s e non s\u00f3 da igrexa e as administraci\u00f3ns te\u00f1en o deber de preservalos e po\u00f1elos en valor e volver a atraer peregrinaxe non s\u00f3 \u00e1 Romar\u00eda da Nosa Se\u00f1ora na Pascua, sen\u00f3n ao longo de todo o ano.<\/p>\n<p>\u00c9 por isto que vos pregamos que movades os fr\u00edos e calculadores coraz\u00f3ns administrativos das instituci\u00f3ns e non deixedes desaparecer tan valiosa decoraci\u00f3n renacentista das paredes rom\u00e1nicas da igrexa e que esta recupere o explendor e o seu enorme valor patrimonial conservado ao longo de s\u00e9culos e s\u00e9culos e co perigo de desaparecer en s\u00f3 26 anos ap\u00f3s do seu descubrimento ao quitar o caleado profil\u00e1ctico minhas obras na o cando era p\u00e1rroco Segundo P\u00e9rez, hoxe De\u00e1n da catedral compostel\u00e1.<\/p>\n<p>E para que as\u00ed sexa pregamos que intercedades polos vosos\/nosos frescos, San Vicenzo e Virxe dos Desamparados, para que sigan nas paredes da igrexa, AM\u00c9N!<\/p>\n<p>&nbsp;<\/p>\n<p>&nbsp;<\/p>\n<p>Ant\u00f3n Tenreiro Ferreiro<br \/>\nANT\u00d3N DE GUIZ\u00c1N<br \/>\n<a href=\"mailto:antontenreiro@gmail.com\">antontenreiro@gmail.com<\/a><br \/>\n<a href=\"http:\/\/www.blogoteca.com\/antonte\/\">www.blogoteca.com\/antonte\/<\/a><br \/>\n+34 662 183 149<\/p>\n","protected":false},"excerpt":{"rendered":"<p>San Vicenzo dos Vilares \u00e9 unha igrexa co\u00f1ecida por cel\u00e9brar a popular romar\u00eda da Virxe dos Desamparados. \u00c9 por iso que vos pregamos San Vicente e Nosa Se\u00f1ora dos Desamparados [&hellip;]<\/p>\n","protected":false},"author":1,"featured_media":4452,"comment_status":"open","ping_status":"open","sticky":false,"template":"","format":"standard","meta":{"_et_pb_use_builder":"","_et_pb_old_content":"","_et_gb_content_width":"","_jetpack_memberships_contains_paid_content":false,"footnotes":""},"categories":[23,6,1],"tags":[],"class_list":["post-4451","post","type-post","status-publish","format-standard","has-post-thumbnail","hentry","category-autoresas","category-novas","category-xeral"],"jetpack_featured_media_url":"http:\/\/culturaliagz.com\/wp-content\/uploads\/2018\/11\/IMG_20181022_204718.png","jetpack_sharing_enabled":true,"_links":{"self":[{"href":"http:\/\/culturaliagz.com\/index.php?rest_route=\/wp\/v2\/posts\/4451","targetHints":{"allow":["GET"]}}],"collection":[{"href":"http:\/\/culturaliagz.com\/index.php?rest_route=\/wp\/v2\/posts"}],"about":[{"href":"http:\/\/culturaliagz.com\/index.php?rest_route=\/wp\/v2\/types\/post"}],"author":[{"embeddable":true,"href":"http:\/\/culturaliagz.com\/index.php?rest_route=\/wp\/v2\/users\/1"}],"replies":[{"embeddable":true,"href":"http:\/\/culturaliagz.com\/index.php?rest_route=%2Fwp%2Fv2%2Fcomments&post=4451"}],"version-history":[{"count":1,"href":"http:\/\/culturaliagz.com\/index.php?rest_route=\/wp\/v2\/posts\/4451\/revisions"}],"predecessor-version":[{"id":4453,"href":"http:\/\/culturaliagz.com\/index.php?rest_route=\/wp\/v2\/posts\/4451\/revisions\/4453"}],"wp:featuredmedia":[{"embeddable":true,"href":"http:\/\/culturaliagz.com\/index.php?rest_route=\/wp\/v2\/media\/4452"}],"wp:attachment":[{"href":"http:\/\/culturaliagz.com\/index.php?rest_route=%2Fwp%2Fv2%2Fmedia&parent=4451"}],"wp:term":[{"taxonomy":"category","embeddable":true,"href":"http:\/\/culturaliagz.com\/index.php?rest_route=%2Fwp%2Fv2%2Fcategories&post=4451"},{"taxonomy":"post_tag","embeddable":true,"href":"http:\/\/culturaliagz.com\/index.php?rest_route=%2Fwp%2Fv2%2Ftags&post=4451"}],"curies":[{"name":"wp","href":"https:\/\/api.w.org\/{rel}","templated":true}]}}