{"id":4440,"date":"2018-11-07T23:50:59","date_gmt":"2018-11-07T22:50:59","guid":{"rendered":"http:\/\/culturaliagz.com\/?p=4440"},"modified":"2018-11-08T00:04:09","modified_gmt":"2018-11-07T23:04:09","slug":"a-artista-e-poeta-adolfina-mesa-presenta-a-exposicion-diacronia-cromatica-na-sala-de-exposicions-do-edificio-administrativo-da-xunta-de-galicia-en-lugo","status":"publish","type":"post","link":"http:\/\/culturaliagz.com\/?p=4440","title":{"rendered":"A artista e poeta Adolfina Mesa presenta a Exposici\u00f3n DIACRON\u00cdA CROM\u00c1TICA en Lugo"},"content":{"rendered":"<p><img loading=\"lazy\" decoding=\"async\" class=\"alignleft size-medium wp-image-4441\" src=\"http:\/\/culturaliagz.com\/wp-content\/uploads\/2018\/11\/ADOLFINA-MESA-294x300.jpg\" alt=\"\" width=\"294\" height=\"300\" srcset=\"http:\/\/culturaliagz.com\/wp-content\/uploads\/2018\/11\/ADOLFINA-MESA-294x300.jpg 294w, http:\/\/culturaliagz.com\/wp-content\/uploads\/2018\/11\/ADOLFINA-MESA-768x783.jpg 768w, http:\/\/culturaliagz.com\/wp-content\/uploads\/2018\/11\/ADOLFINA-MESA.jpg 916w\" sizes=\"auto, (max-width: 294px) 100vw, 294px\" \/>A artista e poeta Adolfina Mesa presenta a Exposici\u00f3n Pict\u00f3rica DIACRON\u00cdA CROM\u00c1TICA o vindeiro xoves, 22 de novembro, a partir das 19 horas, na Sala de Exposici\u00f3ns do Edificio Administrativo da Xunta de Galicia en Lugo.<\/p>\n<p>Segundo palabras da propia artista dita Exposici\u00f3n &#8220;ten como finalidade o achegamento e comprensi\u00f3n do p\u00fablico coa obra, pola s\u00faa tem\u00e1tica evolutiva en conceptos e cromatismos; tratando temas diversos, desde o expresionismo abstracto na maior\u00eda das s\u00faas pinturas, pasando polo tratamento da figura feminina dentro do feminismo: a igualdade de x\u00e9nero, reivindicaci\u00f3n de dereitos, violencia de x\u00e9nero, etc, e outros temas e estilos como o paisaxismo, a abstracci\u00f3n, tocando tam\u00e9n o surrealismo e o impresionismo partindo sempre dunha realidade\u00a8.<\/p>\n<p>Unha das caracter\u00edsticas desta mostra, titulada <em>Diacron\u00eda Crom\u00e1tica<\/em>, \u00e9 a busca do pracer e a beleza crom\u00e1tica asociada \u00e1 poes\u00eda e \u00e1 pintura -talvez para mitigar a dor e a realidade social- onde a artista intenta reflectir todas as emoci\u00f3ns e sentimentos, tentando procurar espazos novos, transmitindo sensaci\u00f3ns.<\/p>\n<p>Na s\u00faa obra di contar historias reais e conflitos sociais na vida actual, estados an\u00edmicos e do ser con cadros cheos de cor, dando beleza aos estados e situaci\u00f3ns m\u00e1is grises; defendendo causas sociais como as citadas anteriormente: a do feminismo ou a violencia de x\u00e9nero. Sempre na intencion de chegar ao espectador ao m\u00e1is profundo do seu interior, captar a s\u00faa mirada, a s\u00faa intenci\u00f3n, a s\u00faa sensibilidade e transmitir o que sente ao pintar unha obra.<\/p>\n<p>Os estilos poden ser diferentes, pero procurando sempre identificarse dentro do expresionismo abstracto. Nos trazos e pinceladas dos diferentes entramados busca xerar movementos, musicalidade, poes\u00eda, forza e misterio, sendo o obxectivo acadar a poes\u00eda visual.<\/p>\n","protected":false},"excerpt":{"rendered":"<p>A artista e poeta Adolfina Mesa presenta a Exposici\u00f3n Pict\u00f3rica DIACRON\u00cdA CROM\u00c1TICA o vindeiro xoves, 22 de novembro, a partir das 19 horas, na Sala de Exposici\u00f3ns do Edificio Administrativo [&hellip;]<\/p>\n","protected":false},"author":1,"featured_media":4442,"comment_status":"open","ping_status":"open","sticky":false,"template":"","format":"standard","meta":{"_et_pb_use_builder":"","_et_pb_old_content":"","_et_gb_content_width":"","_jetpack_memberships_contains_paid_content":false,"footnotes":""},"categories":[23,6,1],"tags":[],"class_list":["post-4440","post","type-post","status-publish","format-standard","has-post-thumbnail","hentry","category-autoresas","category-novas","category-xeral"],"jetpack_featured_media_url":"http:\/\/culturaliagz.com\/wp-content\/uploads\/2018\/11\/CARTEL-DE-EXPOSICI\u00d3N-GALEGO.jpg","jetpack_sharing_enabled":true,"_links":{"self":[{"href":"http:\/\/culturaliagz.com\/index.php?rest_route=\/wp\/v2\/posts\/4440","targetHints":{"allow":["GET"]}}],"collection":[{"href":"http:\/\/culturaliagz.com\/index.php?rest_route=\/wp\/v2\/posts"}],"about":[{"href":"http:\/\/culturaliagz.com\/index.php?rest_route=\/wp\/v2\/types\/post"}],"author":[{"embeddable":true,"href":"http:\/\/culturaliagz.com\/index.php?rest_route=\/wp\/v2\/users\/1"}],"replies":[{"embeddable":true,"href":"http:\/\/culturaliagz.com\/index.php?rest_route=%2Fwp%2Fv2%2Fcomments&post=4440"}],"version-history":[{"count":3,"href":"http:\/\/culturaliagz.com\/index.php?rest_route=\/wp\/v2\/posts\/4440\/revisions"}],"predecessor-version":[{"id":4445,"href":"http:\/\/culturaliagz.com\/index.php?rest_route=\/wp\/v2\/posts\/4440\/revisions\/4445"}],"wp:featuredmedia":[{"embeddable":true,"href":"http:\/\/culturaliagz.com\/index.php?rest_route=\/wp\/v2\/media\/4442"}],"wp:attachment":[{"href":"http:\/\/culturaliagz.com\/index.php?rest_route=%2Fwp%2Fv2%2Fmedia&parent=4440"}],"wp:term":[{"taxonomy":"category","embeddable":true,"href":"http:\/\/culturaliagz.com\/index.php?rest_route=%2Fwp%2Fv2%2Fcategories&post=4440"},{"taxonomy":"post_tag","embeddable":true,"href":"http:\/\/culturaliagz.com\/index.php?rest_route=%2Fwp%2Fv2%2Ftags&post=4440"}],"curies":[{"name":"wp","href":"https:\/\/api.w.org\/{rel}","templated":true}]}}