{"id":4426,"date":"2018-11-06T12:46:42","date_gmt":"2018-11-06T11:46:42","guid":{"rendered":"http:\/\/culturaliagz.com\/?p=4426"},"modified":"2018-11-06T12:50:47","modified_gmt":"2018-11-06T11:50:47","slug":"lareira-de-sonos-lamenta-a-hipocrisia-da-deputacion-provincial-e-o-pasotismo-do-concello-de-guitiriz-cos-frescos-dos-vilares-por-anton-de-guizan","status":"publish","type":"post","link":"http:\/\/culturaliagz.com\/?p=4426","title":{"rendered":"Lareira de So\u00f1os lamenta a hipocrisia da Deputaci\u00f3n Provincial e o pasotismo do Concello de Guitiriz cos frescos dos Vilares, por Ant\u00f3n de Guiz\u00e1n"},"content":{"rendered":"<p>V S\u00c9CULOS DE N\u00d3S\/FRESCOS DOS VILARES<\/p>\n<p>#SalvemosOsFrescosDosVilares<\/p>\n<p><img loading=\"lazy\" decoding=\"async\" class=\"alignleft size-medium wp-image-4430\" src=\"http:\/\/culturaliagz.com\/wp-content\/uploads\/2018\/11\/IMG_20181105_184701-225x300.jpg\" alt=\"\" width=\"225\" height=\"300\" srcset=\"http:\/\/culturaliagz.com\/wp-content\/uploads\/2018\/11\/IMG_20181105_184701-225x300.jpg 225w, http:\/\/culturaliagz.com\/wp-content\/uploads\/2018\/11\/IMG_20181105_184701.jpg 720w\" sizes=\"auto, (max-width: 225px) 100vw, 225px\" \/><img loading=\"lazy\" decoding=\"async\" class=\"alignleft size-medium wp-image-4428\" src=\"http:\/\/culturaliagz.com\/wp-content\/uploads\/2018\/11\/IMG_20181105_184618-225x300.jpg\" alt=\"\" width=\"225\" height=\"300\" srcset=\"http:\/\/culturaliagz.com\/wp-content\/uploads\/2018\/11\/IMG_20181105_184618-225x300.jpg 225w, http:\/\/culturaliagz.com\/wp-content\/uploads\/2018\/11\/IMG_20181105_184618.jpg 720w\" sizes=\"auto, (max-width: 225px) 100vw, 225px\" \/> <img loading=\"lazy\" decoding=\"async\" class=\"alignleft size-medium wp-image-4429\" src=\"http:\/\/culturaliagz.com\/wp-content\/uploads\/2018\/11\/IMG_20181105_184642-225x300.jpg\" alt=\"\" width=\"225\" height=\"300\" srcset=\"http:\/\/culturaliagz.com\/wp-content\/uploads\/2018\/11\/IMG_20181105_184642-225x300.jpg 225w, http:\/\/culturaliagz.com\/wp-content\/uploads\/2018\/11\/IMG_20181105_184642.jpg 720w\" sizes=\"auto, (max-width: 225px) 100vw, 225px\" \/> <img loading=\"lazy\" decoding=\"async\" class=\"alignleft size-medium wp-image-4427\" src=\"http:\/\/culturaliagz.com\/wp-content\/uploads\/2018\/11\/IMG_20181105_184559-225x300.jpg\" alt=\"\" width=\"225\" height=\"300\" srcset=\"http:\/\/culturaliagz.com\/wp-content\/uploads\/2018\/11\/IMG_20181105_184559-225x300.jpg 225w, http:\/\/culturaliagz.com\/wp-content\/uploads\/2018\/11\/IMG_20181105_184559.jpg 720w\" sizes=\"auto, (max-width: 225px) 100vw, 225px\" \/><\/p>\n<p>&nbsp;<\/p>\n<p>&nbsp;<\/p>\n<p>&nbsp;<\/p>\n<p>&nbsp;<\/p>\n<p>&nbsp;<\/p>\n<p>&nbsp;<\/p>\n<p>&nbsp;<\/p>\n<p>&nbsp;<\/p>\n<p>&nbsp;<\/p>\n<p>Atendendo ao informe da Oficina do Valedor do Pobo de Galicia, pola queixa presentada pola Asociaci\u00f3n Sociocultural Lareira de so\u00f1os, lamentamos a postura hip\u00f3crita da Deputaci\u00f3n Provincial de Lugo, que ten visitado os frescos en d\u00faas ocasi\u00f3ns e con deputados diferentes acompa\u00f1ados da alcaldesa de Guitiriz que se comprometeron verbalmente en diferentes ocasi\u00f3ns a tentar solucionar o deterioro dos Frescos non s\u00f3 nas visitas \u00e1s pinturas sen\u00f3n en diferentes reuni\u00f3ns no pazo provincial. Que o argumento sexa que non restauran monumentos de propiedade da igrexa, \u00e9 unha mentira cando sabemos que te\u00f1en restaurado numerosas obras relixiosas na provincia ben directamente ou a trav\u00e9s de colaboraci\u00f3ns econ\u00f3micas, frescos en igrexas inclu\u00eddos.<\/p>\n<p>Por outra banda, que o concello leve meses sen contestar aos requerimentos da Valedora do pobo cando \u00e9 de obrigado cumprimento, sup\u00f3n unha irresponsabilidade trat\u00e1ndose de patrimonio catalogado no seu termo municipal con serio risco de desaparici\u00f3n e unha antig\u00fcidade de m\u00e1is de cinco s\u00e9culos.<\/p>\n<p>Resulta lament\u00e1bel ver que cuesti\u00f3ns de tipo pol\u00edtico primen sobre o patrimonio de todos, ao m\u00e1is rancio estilo caciquil e que lembra os vellos tempos da provincia.<\/p>\n<p>Desde a Lareira de so\u00f1os agardamos que a responsabilidade e o ben com\u00fan prevaleza e as diferentes instituci\u00f3ns colaboran na salvaci\u00f3n destas importantes pinturas renacentistas da Terra Ch\u00e1, cuxo custo de recuperaci\u00f3n non superar\u00e1 os 90.000\u20ac, cifra asumible para as instituci\u00f3ns implicadas e que evitar\u00eda a perda de tan importante obra de arte.<\/p>\n<p>De non seren as\u00ed, a Asociaci\u00f3n Sociocultural Lareira de so\u00f1os seguir\u00e1 adiante coa s\u00faa campa\u00f1a de Crowfunding a partir do m\u00eas de Febreiro para sensibilizar sobre o valor dos frescos da autor\u00eda do Mestre de Parga e que sexa a xente abandonada polas instituci\u00f3ns que din representar, quen recupere as pinturas dos Vilares.<\/p>\n<p>Seguiremos mentras esixindo o cumplimento do compeomiso parlamentar e demandando o entendemento entre as diferentes instituci\u00f3ns respons\u00e1beis, Igrexa, Deputaci\u00f3n, Xunta e Concello para a salvaci\u00f3n das pinturas murais da igrexa de San Vicenzo (S.XII) e a posta em valor do conxunto monumental nas Reixas como activo econ\u00f3mica, tur\u00edstico e relixioso da parroquia de D\u00edaz Castro.<\/p>\n<p>&nbsp;<\/p>\n<p>*Adxuntamos carta da Valedora do Pobo e imaxe oficial da campa\u00f1a.<\/p>\n<p>&nbsp;<\/p>\n<p>Os Vilares, lareira de so\u00f1os<br \/>\n<a href=\"mailto:dosvilares@gmail.com\">dosvilares@gmail.com<\/a><br \/>\n+34 662 183 149<br \/>\n<a href=\"http:\/\/www.facebook.com\/osvilares\">www.facebook.com\/osvilares<\/a><\/p>\n","protected":false},"excerpt":{"rendered":"<p>V S\u00c9CULOS DE N\u00d3S\/FRESCOS DOS VILARES #SalvemosOsFrescosDosVilares &nbsp; &nbsp; &nbsp; &nbsp; &nbsp; &nbsp; &nbsp; &nbsp; &nbsp; Atendendo ao informe da Oficina do Valedor do Pobo de Galicia, pola queixa presentada [&hellip;]<\/p>\n","protected":false},"author":1,"featured_media":4431,"comment_status":"open","ping_status":"open","sticky":false,"template":"","format":"standard","meta":{"_et_pb_use_builder":"","_et_pb_old_content":"","_et_gb_content_width":"","_jetpack_memberships_contains_paid_content":false,"footnotes":""},"categories":[23,6,1],"tags":[],"class_list":["post-4426","post","type-post","status-publish","format-standard","has-post-thumbnail","hentry","category-autoresas","category-novas","category-xeral"],"jetpack_featured_media_url":"http:\/\/culturaliagz.com\/wp-content\/uploads\/2018\/11\/1539185742167.jpg","jetpack_sharing_enabled":true,"_links":{"self":[{"href":"http:\/\/culturaliagz.com\/index.php?rest_route=\/wp\/v2\/posts\/4426","targetHints":{"allow":["GET"]}}],"collection":[{"href":"http:\/\/culturaliagz.com\/index.php?rest_route=\/wp\/v2\/posts"}],"about":[{"href":"http:\/\/culturaliagz.com\/index.php?rest_route=\/wp\/v2\/types\/post"}],"author":[{"embeddable":true,"href":"http:\/\/culturaliagz.com\/index.php?rest_route=\/wp\/v2\/users\/1"}],"replies":[{"embeddable":true,"href":"http:\/\/culturaliagz.com\/index.php?rest_route=%2Fwp%2Fv2%2Fcomments&post=4426"}],"version-history":[{"count":4,"href":"http:\/\/culturaliagz.com\/index.php?rest_route=\/wp\/v2\/posts\/4426\/revisions"}],"predecessor-version":[{"id":4435,"href":"http:\/\/culturaliagz.com\/index.php?rest_route=\/wp\/v2\/posts\/4426\/revisions\/4435"}],"wp:featuredmedia":[{"embeddable":true,"href":"http:\/\/culturaliagz.com\/index.php?rest_route=\/wp\/v2\/media\/4431"}],"wp:attachment":[{"href":"http:\/\/culturaliagz.com\/index.php?rest_route=%2Fwp%2Fv2%2Fmedia&parent=4426"}],"wp:term":[{"taxonomy":"category","embeddable":true,"href":"http:\/\/culturaliagz.com\/index.php?rest_route=%2Fwp%2Fv2%2Fcategories&post=4426"},{"taxonomy":"post_tag","embeddable":true,"href":"http:\/\/culturaliagz.com\/index.php?rest_route=%2Fwp%2Fv2%2Ftags&post=4426"}],"curies":[{"name":"wp","href":"https:\/\/api.w.org\/{rel}","templated":true}]}}