{"id":4423,"date":"2018-11-05T22:58:58","date_gmt":"2018-11-05T21:58:58","guid":{"rendered":"http:\/\/culturaliagz.com\/?p=4423"},"modified":"2018-11-05T22:58:58","modified_gmt":"2018-11-05T21:58:58","slug":"proxeccion-de-dhogs-e-coloquio-co-seu-director-andres-goteira-este-sabado-na-casa-museo-manuel-maria","status":"publish","type":"post","link":"http:\/\/culturaliagz.com\/?p=4423","title":{"rendered":"PROXECCI\u00d3N DE DHOGS E COLOQUIO CO SEU DIRECTOR, ANDR\u00c9S GOTEIRA, ESTE S\u00c1BADO NA CASA-MUSEO MANUEL MAR\u00cdA"},"content":{"rendered":"<p align=\"left\"><span style=\"color: #3d3d3d;\"><span style=\"font-family: Roboto, sans-serif;\"><span style=\"font-size: medium;\">O filme m\u00e1is premiado do cinema galego \u00faltimo,\u00a0<b>DHOGS<\/b>, ser\u00e1 proxectado este s\u00e1bado, 10 de novembro, \u00e1s 20 hrs, na Casa-Museo Manuel Mar\u00eda. Ao final da proxecci\u00f3n haber\u00e1 un coloquio co director\u00a0<b>Andr\u00e9s Goteira<\/b>\u00a0e con outras persoas do equipo (Adri\u00e1n Folgueira e Ismael Garc\u00eda)<\/span><\/span><\/span><\/p>\n<p align=\"left\"><span style=\"color: #3d3d3d;\"><span style=\"font-family: Roboto, sans-serif;\"><span style=\"font-size: medium;\">A fita<i>\u00a0<\/i>coa que o meirense Andr\u00e9s Goteira debuta como director na longametraxe de ficci\u00f3n toca distintos x\u00e9neros ( comedia rom\u00e1ntica, cinema experimental, drama, western, terror,\u00a0<i>thriller\u2026<\/i>) e ten a seguinte sinopse:<br \/>\nMentres un estra\u00f1o personaxe atravesa as r\u00faas da cidade ao volante dun vello taxi, no bar dun luxoso hotel est\u00e1 \u00c1lex, unha muller que goza dunha \u00faltima copa, inconsciente do monte de acontecementos que lle suceder\u00e1n nas pr\u00f3ximas horas. Despois dunha fugaz aventura cun executivo verase inmersa nunha vaga de violencia sen motivo aparente.<\/span><\/span><\/span><\/p>\n<p align=\"left\"><span style=\"color: #3d3d3d;\"><span style=\"font-family: Roboto, sans-serif;\"><span style=\"font-size: medium;\">Producida por Gaitafilmes e Pixel Films conta no seu reparto, entre outros, con Antonio Dur\u00e1n \u201cMorris\u201d, Melania Cruz, Carlos Blanco, Iv\u00e1n Marcos, Miguel de Lira, Mar\u00eda Costas\u2026Luc\u00eda C. Pan \u00e9 a respons\u00e1bel da fotograf\u00eda, e G\u00e9rm\u00e1n D\u00edaz e \u00d3scar Trigo da m\u00fasica<\/span><\/span><\/span><\/p>\n<p align=\"left\"><span style=\"color: #3d3d3d;\"><span style=\"font-family: Roboto, sans-serif;\"><span style=\"font-size: medium;\">Alg\u00fans dos reco\u00f1ecementos\u00a0<\/span><\/span><\/span><span style=\"color: #3d3d3d;\"><span style=\"font-family: Roboto, sans-serif;\"><span style=\"font-size: medium;\">do filme\u00a0<\/span><\/span><\/span><span style=\"color: #3d3d3d;\"><span style=\"font-family: Roboto, sans-serif;\"><span style=\"font-size: medium;\">foron os 13 premios Mestre Mateo que colleitou na \u00faltima edici\u00f3n dos premios da Academia Galega do Audiovisual,\u00a0<\/span><\/span><\/span><span style=\"color: #3d3d3d;\"><span style=\"font-family: Roboto, sans-serif;\"><span style=\"font-size: medium;\">o\u00a0<\/span><\/span><\/span><span style=\"color: #3d3d3d;\"><span style=\"font-family: Roboto, sans-serif;\"><span style=\"font-size: medium;\">premio a Mellor Longametraxe no Panorama Fant\u00e1stico do FANT de Bilbao, o Premio da cr\u00edtica no BIFFF de Bruxelas, o de Mellor\u00a0<\/span><\/span><\/span><span style=\"color: #3d3d3d;\"><span style=\"font-family: Roboto, sans-serif;\"><span style=\"font-size: medium;\">F<\/span><\/span><\/span><span style=\"color: #3d3d3d;\"><span style=\"font-family: Roboto, sans-serif;\"><span style=\"font-size: medium;\">ilme no Filmfest de Split\u00a0<\/span><\/span><\/span><span style=\"color: #3d3d3d;\"><span style=\"font-family: Roboto, sans-serif;\"><span style=\"font-size: medium;\">e no Algeciras Fant\u00e1stika, Mellor Filme e Mellor Actor Nocturna de Madrid, Mellor Director San Cugat Fant\u00e1stico\u2026<\/span><\/span><\/span><\/p>\n<p align=\"left\"><span style=\"color: #3d3d3d;\"><span style=\"font-family: Roboto, sans-serif;\"><span style=\"font-size: medium;\">A\u00a0<\/span><\/span><\/span><span style=\"color: #3d3d3d;\"><span style=\"font-family: Roboto, sans-serif;\"><span style=\"font-size: medium;\">fita non \u00e9 recomendada para persoas menores de 18 anos e pode facerse reserva en\u00a0<a href=\"mailto:contacto@casamuseomanuelmaria.gal\" target=\"_blank\" rel=\"noopener\">contacto@casamuseomanuelmaria.<wbr \/>gal<\/a>\u00a0ou chamando ao tel. 698177621. O prezo do billete \u00e9 de 2 euros.<\/span><\/span><\/span><\/p>\n<p align=\"left\">\n<p align=\"left\">\n<p align=\"left\"><span style=\"color: #3d3d3d;\"><span style=\"font-family: Roboto, sans-serif;\"><span style=\"font-size: medium;\"><em>*Informaci\u00f3n facilitada pola\u00a0Casa-Museo Manuel Mar\u00eda<\/em><\/span><\/span><\/span><\/p>\n","protected":false},"excerpt":{"rendered":"<p>O filme m\u00e1is premiado do cinema galego \u00faltimo,\u00a0DHOGS, ser\u00e1 proxectado este s\u00e1bado, 10 de novembro, \u00e1s 20 hrs, na Casa-Museo Manuel Mar\u00eda. Ao final da proxecci\u00f3n haber\u00e1 un coloquio co [&hellip;]<\/p>\n","protected":false},"author":1,"featured_media":4424,"comment_status":"open","ping_status":"open","sticky":false,"template":"","format":"standard","meta":{"_et_pb_use_builder":"","_et_pb_old_content":"","_et_gb_content_width":"","_jetpack_memberships_contains_paid_content":false,"footnotes":""},"categories":[23,6,1],"tags":[],"class_list":["post-4423","post","type-post","status-publish","format-standard","has-post-thumbnail","hentry","category-autoresas","category-novas","category-xeral"],"jetpack_featured_media_url":"http:\/\/culturaliagz.com\/wp-content\/uploads\/2018\/11\/DHOGS-3novembroc.jpg","jetpack_sharing_enabled":true,"_links":{"self":[{"href":"http:\/\/culturaliagz.com\/index.php?rest_route=\/wp\/v2\/posts\/4423","targetHints":{"allow":["GET"]}}],"collection":[{"href":"http:\/\/culturaliagz.com\/index.php?rest_route=\/wp\/v2\/posts"}],"about":[{"href":"http:\/\/culturaliagz.com\/index.php?rest_route=\/wp\/v2\/types\/post"}],"author":[{"embeddable":true,"href":"http:\/\/culturaliagz.com\/index.php?rest_route=\/wp\/v2\/users\/1"}],"replies":[{"embeddable":true,"href":"http:\/\/culturaliagz.com\/index.php?rest_route=%2Fwp%2Fv2%2Fcomments&post=4423"}],"version-history":[{"count":1,"href":"http:\/\/culturaliagz.com\/index.php?rest_route=\/wp\/v2\/posts\/4423\/revisions"}],"predecessor-version":[{"id":4425,"href":"http:\/\/culturaliagz.com\/index.php?rest_route=\/wp\/v2\/posts\/4423\/revisions\/4425"}],"wp:featuredmedia":[{"embeddable":true,"href":"http:\/\/culturaliagz.com\/index.php?rest_route=\/wp\/v2\/media\/4424"}],"wp:attachment":[{"href":"http:\/\/culturaliagz.com\/index.php?rest_route=%2Fwp%2Fv2%2Fmedia&parent=4423"}],"wp:term":[{"taxonomy":"category","embeddable":true,"href":"http:\/\/culturaliagz.com\/index.php?rest_route=%2Fwp%2Fv2%2Fcategories&post=4423"},{"taxonomy":"post_tag","embeddable":true,"href":"http:\/\/culturaliagz.com\/index.php?rest_route=%2Fwp%2Fv2%2Ftags&post=4423"}],"curies":[{"name":"wp","href":"https:\/\/api.w.org\/{rel}","templated":true}]}}