{"id":4390,"date":"2018-10-30T01:07:29","date_gmt":"2018-10-30T00:07:29","guid":{"rendered":"http:\/\/culturaliagz.com\/?p=4390"},"modified":"2018-10-30T01:07:29","modified_gmt":"2018-10-30T00:07:29","slug":"xoan-neira-presenta-na-casa-museo-manuel-maria-o-seu-libro-gaiola-aberta","status":"publish","type":"post","link":"http:\/\/culturaliagz.com\/?p=4390","title":{"rendered":"Xo\u00e1n Neira presenta, na Casa-Museo Manuel Mar\u00eda, o seu libro GAIOLA ABERTA"},"content":{"rendered":"<p align=\"center\"><span style=\"font-family: Arial, sans-serif;\"><span style=\"font-size: large;\"><b><span style=\"color: #1d2129;\">Xo\u00e1n Neira presenta, este s\u00e1bado, \u00e1s 19.30 h, na Casa-Museo Manuel Mar\u00eda, o seu poemario\u00a0<\/span><span style=\"color: #1d2129;\"><i>Gaiola Aberta. Escolma de poes\u00eda infantil (1997-2017)<\/i><\/span><\/b><\/span><\/span><\/p>\n<p><span style=\"color: #000000;\"><span style=\"font-family: Arial, sans-serif;\"><span style=\"font-size: medium;\">Esta obra, dirixida para as crianzas, recolle unha selecci\u00f3n de poemas escritos por Xo\u00e1n Neira durante os \u00faltimos vinte anos, e con ela, o autor, quere facer unha sentida homenaxe a Manuel Mar\u00eda no cincuentenario da publicaci\u00f3n da primeira edici\u00f3n do seu celeb\u00e9rrimo\u00a0<i>Os so\u00f1os na gaiola.<\/i><\/span><\/span><\/span><\/p>\n<p><span style=\"color: #000000;\"><span style=\"font-family: Arial, sans-serif;\"><span style=\"font-size: medium;\">Na presentaci\u00f3n deste s\u00e1bado, ademais do autor, intervir\u00e1n\u00a0Bel\u00e9n L\u00f3pez (directora de edici\u00f3ns Ba\u00eda)\u00a0e\u00a0Armando Requeixo (autor da edici\u00f3n e do limiar).<\/span><\/span><\/span><\/p>\n<p>&nbsp;<\/p>\n<p>*<em>Informaci\u00f3n achegada dende a Casa-Museo Manuel Mar\u00eda<\/em><\/p>\n","protected":false},"excerpt":{"rendered":"<p>Xo\u00e1n Neira presenta, este s\u00e1bado, \u00e1s 19.30 h, na Casa-Museo Manuel Mar\u00eda, o seu poemario\u00a0Gaiola Aberta. Escolma de poes\u00eda infantil (1997-2017) Esta obra, dirixida para as crianzas, recolle unha selecci\u00f3n [&hellip;]<\/p>\n","protected":false},"author":1,"featured_media":4391,"comment_status":"open","ping_status":"open","sticky":false,"template":"","format":"standard","meta":{"_et_pb_use_builder":"","_et_pb_old_content":"","_et_gb_content_width":"","_jetpack_memberships_contains_paid_content":false,"footnotes":""},"categories":[23,129,6,1],"tags":[],"class_list":["post-4390","post","type-post","status-publish","format-standard","has-post-thumbnail","hentry","category-autoresas","category-literaria","category-novas","category-xeral"],"jetpack_featured_media_url":"http:\/\/culturaliagz.com\/wp-content\/uploads\/2018\/10\/presenlibgaiolabertac-2.jpg","jetpack_sharing_enabled":true,"_links":{"self":[{"href":"http:\/\/culturaliagz.com\/index.php?rest_route=\/wp\/v2\/posts\/4390","targetHints":{"allow":["GET"]}}],"collection":[{"href":"http:\/\/culturaliagz.com\/index.php?rest_route=\/wp\/v2\/posts"}],"about":[{"href":"http:\/\/culturaliagz.com\/index.php?rest_route=\/wp\/v2\/types\/post"}],"author":[{"embeddable":true,"href":"http:\/\/culturaliagz.com\/index.php?rest_route=\/wp\/v2\/users\/1"}],"replies":[{"embeddable":true,"href":"http:\/\/culturaliagz.com\/index.php?rest_route=%2Fwp%2Fv2%2Fcomments&post=4390"}],"version-history":[{"count":1,"href":"http:\/\/culturaliagz.com\/index.php?rest_route=\/wp\/v2\/posts\/4390\/revisions"}],"predecessor-version":[{"id":4392,"href":"http:\/\/culturaliagz.com\/index.php?rest_route=\/wp\/v2\/posts\/4390\/revisions\/4392"}],"wp:featuredmedia":[{"embeddable":true,"href":"http:\/\/culturaliagz.com\/index.php?rest_route=\/wp\/v2\/media\/4391"}],"wp:attachment":[{"href":"http:\/\/culturaliagz.com\/index.php?rest_route=%2Fwp%2Fv2%2Fmedia&parent=4390"}],"wp:term":[{"taxonomy":"category","embeddable":true,"href":"http:\/\/culturaliagz.com\/index.php?rest_route=%2Fwp%2Fv2%2Fcategories&post=4390"},{"taxonomy":"post_tag","embeddable":true,"href":"http:\/\/culturaliagz.com\/index.php?rest_route=%2Fwp%2Fv2%2Ftags&post=4390"}],"curies":[{"name":"wp","href":"https:\/\/api.w.org\/{rel}","templated":true}]}}