{"id":3857,"date":"2018-06-26T21:13:01","date_gmt":"2018-06-26T20:13:01","guid":{"rendered":"http:\/\/culturaliagz.com\/?p=3857"},"modified":"2018-06-27T00:29:24","modified_gmt":"2018-06-26T23:29:24","slug":"das-extensas-pradarias-de-avalon","status":"publish","type":"post","link":"http:\/\/culturaliagz.com\/?p=3857","title":{"rendered":"Das extensas pradar\u00edas de \u00c1valon"},"content":{"rendered":"<p style=\"text-align: right;\"><em>Para o amigo Xabier P. Docampo: as\u00ed gratitude e memoria na posteridade.<\/em><\/p>\n<p>&nbsp;<\/p>\n<h1 style=\"text-align: center;\">I<\/h1>\n<p>Sabemos do territorio. De como a infancia marca os corpos para configurar a filiaci\u00f3n da carne. E bordeamos as lagoas, as extensas pradar\u00edas de \u00c1valon onde o froito se ofrece perpetuo. E bordeamos os sinuosos meandros do <em>Minius<\/em>, falamos dos c\u00e1ncaros que circundan o leito: a certa distancia prudencial. Co\u00f1ecemos a transhumancia da pel sobre o mineral que nos invoca.<\/p>\n<p>Existe a radiograf\u00eda da dor: esta precede sempre ao nervio. Os cami\u00f1os da luz son premisa. Os cami\u00f1os da luz son premisa. Pero a primeira luz procede do incendio, se \u00e9 que define na implosi\u00f3n.<\/p>\n<p>O frenes\u00ed das aves nas m\u00e1rdeas da Patria. Falo de como o lavanco aterra nos peitor\u00eds das regas de Riba da Insua. Falo das aves que evitan migrar por temor \u00e1 muda. A muda na retina dos tempos.<\/p>\n<p>Aqu\u00ed un piar contra o holocausto do idioma.<\/p>\n<p>Po\u00f1emos en p\u00e9 o mercurio para acender unha estrela na memoria de todos os mortos que estercan os campos da Ch\u00e1.<\/p>\n<p>Non hai cesi\u00f3n, sen\u00f3n prevalencia: creme cando falo de historias que naufragan pero mante\u00f1en os mastros baixo as augas da barbarie.<\/p>\n<p>A escrita repousa, reafirma, ex\u00e9rcese a sabendas.<\/p>\n<p>&nbsp;<\/p>\n<h1 style=\"text-align: center;\">II<\/h1>\n<p>Sabemos do territorio. De como a infancia marca os corpos para configurar a filiaci\u00f3n da carne. Ti filiaci\u00f3n e territorio. \u00c1rbore que sost\u00e9n a folla cando amence o fr\u00edo.<\/p>\n<p>Podes fitar o Sol e reflectir a luz de todos os nenos que impelen a lingua.<\/p>\n<p>&nbsp;<\/p>\n<h1 style=\"text-align: center;\">III<\/h1>\n<p>Co\u00f1ecemos a t\u00faa temperatura. Quizais. Para que tan s\u00f3 os vestixios regresen nun calafr\u00edo.<\/p>\n<p>Co\u00f1ecemos o teu labio para que o resto da vida te amose en curvatura.<\/p>\n<p>&nbsp;<\/p>\n<p>*Imaxe: Exteriores do cinema Imperial da Feira do Monte, onde pasou boa parte da s\u00faa infancia Xabier P. Docampo; amais de ser eixe pivotante da s\u00faa derradeira novela (<em>A nena do abrigo de astrac\u00e1n<\/em>).<\/p>\n","protected":false},"excerpt":{"rendered":"<p>Para o amigo Xabier P. Docampo: as\u00ed gratitude e memoria na posteridade. &nbsp; I Sabemos do territorio. De como a infancia marca os corpos para configurar a filiaci\u00f3n da carne. [&hellip;]<\/p>\n","protected":false},"author":24,"featured_media":3868,"comment_status":"open","ping_status":"open","sticky":false,"template":"","format":"standard","meta":{"_et_pb_use_builder":"","_et_pb_old_content":"","_et_gb_content_width":"","_jetpack_memberships_contains_paid_content":false,"footnotes":""},"categories":[23,7,129,1],"tags":[146],"class_list":["post-3857","post","type-post","status-publish","format-standard","has-post-thumbnail","hentry","category-autoresas","category-creacion","category-literaria","category-xeral","tag-daniel-irimia-yanez"],"jetpack_featured_media_url":"http:\/\/culturaliagz.com\/wp-content\/uploads\/2018\/06\/DANIEL-IRIMIA.jpg","jetpack_sharing_enabled":true,"_links":{"self":[{"href":"http:\/\/culturaliagz.com\/index.php?rest_route=\/wp\/v2\/posts\/3857","targetHints":{"allow":["GET"]}}],"collection":[{"href":"http:\/\/culturaliagz.com\/index.php?rest_route=\/wp\/v2\/posts"}],"about":[{"href":"http:\/\/culturaliagz.com\/index.php?rest_route=\/wp\/v2\/types\/post"}],"author":[{"embeddable":true,"href":"http:\/\/culturaliagz.com\/index.php?rest_route=\/wp\/v2\/users\/24"}],"replies":[{"embeddable":true,"href":"http:\/\/culturaliagz.com\/index.php?rest_route=%2Fwp%2Fv2%2Fcomments&post=3857"}],"version-history":[{"count":10,"href":"http:\/\/culturaliagz.com\/index.php?rest_route=\/wp\/v2\/posts\/3857\/revisions"}],"predecessor-version":[{"id":3870,"href":"http:\/\/culturaliagz.com\/index.php?rest_route=\/wp\/v2\/posts\/3857\/revisions\/3870"}],"wp:featuredmedia":[{"embeddable":true,"href":"http:\/\/culturaliagz.com\/index.php?rest_route=\/wp\/v2\/media\/3868"}],"wp:attachment":[{"href":"http:\/\/culturaliagz.com\/index.php?rest_route=%2Fwp%2Fv2%2Fmedia&parent=3857"}],"wp:term":[{"taxonomy":"category","embeddable":true,"href":"http:\/\/culturaliagz.com\/index.php?rest_route=%2Fwp%2Fv2%2Fcategories&post=3857"},{"taxonomy":"post_tag","embeddable":true,"href":"http:\/\/culturaliagz.com\/index.php?rest_route=%2Fwp%2Fv2%2Ftags&post=3857"}],"curies":[{"name":"wp","href":"https:\/\/api.w.org\/{rel}","templated":true}]}}