{"id":3496,"date":"2018-05-18T00:02:54","date_gmt":"2018-05-17T23:02:54","guid":{"rendered":"http:\/\/culturaliagz.com\/?p=3496"},"modified":"2018-05-20T18:19:57","modified_gmt":"2018-05-20T17:19:57","slug":"corporis-litterarum","status":"publish","type":"post","link":"http:\/\/culturaliagz.com\/?p=3496","title":{"rendered":"corporis litterarum"},"content":{"rendered":"<p style=\"text-align: right;\"><em>&#8220;Afortunados os que temos pasado<\/em><\/p>\n<p style=\"text-align: right;\"><em>e os que podemos recordalo en voz alta<\/em><\/p>\n<p style=\"text-align: right;\"><em>os que non temos que pensar en silencio&#8230;&#8221;<\/em><\/p>\n<p style=\"text-align: right;\">NAO<\/p>\n<p>&nbsp;<\/p>\n<p style=\"text-align: center;\">que ritual inici\u00e1tico rebela<\/p>\n<p style=\"text-align: center;\">os dourados est\u00edos da linguaxe<\/p>\n<p style=\"text-align: center;\">e o significado virxinal da memoria?<\/p>\n<p>&nbsp;<\/p>\n<p style=\"text-align: center;\">\u00e9 un campo de batalla onde os corpos florecen<\/p>\n<p style=\"text-align: center;\">magnificando a primeira forma de libertar o ar<\/p>\n<p>&nbsp;<\/p>\n<p style=\"text-align: center;\">al\u00ed pasamos a man pola espiga e intu\u00edmos o sangue<\/p>\n<p style=\"text-align: center;\">sen apenas alcanzar a carnalidade dun so\u00f1o<\/p>\n<p style=\"text-align: center;\">que afiance o horizonte<\/p>\n<p>&nbsp;<\/p>\n<p style=\"text-align: center;\">al\u00ed curtimos a ollada<\/p>\n<p style=\"text-align: center;\">finxindo co rostro<\/p>\n<p style=\"text-align: center;\">a camuflaxe do terror<\/p>\n<p>&nbsp;<\/p>\n<p style=\"text-align: center;\">al\u00ed somos capaces de traizoarnos tantas veces<\/p>\n<p style=\"text-align: center;\">coma un se cre imperecedoiro<\/p>\n<p>&nbsp;<\/p>\n<p style=\"text-align: center;\">mais al\u00ed tam\u00e9n xuramos que o medo \u00e9 unha papoula<\/p>\n<p style=\"text-align: center;\">tam\u00e9n somos capaces de erguernos<\/p>\n<p style=\"text-align: center;\">para atopar o deslinde<\/p>\n<p style=\"text-align: center;\">onde a hexemon\u00eda do corpo se pronuncie<\/p>\n<p style=\"text-align: center;\">como a luz que precede \u00e1 brisa<\/p>\n<p>&nbsp;<\/p>\n<p>&nbsp;<\/p>\n<p>&nbsp;<\/p>\n<p>&nbsp;<\/p>\n","protected":false},"excerpt":{"rendered":"<p>&#8220;Afortunados os que temos pasado e os que podemos recordalo en voz alta os que non temos que pensar en silencio&#8230;&#8221; NAO &nbsp; que ritual inici\u00e1tico rebela os dourados est\u00edos [&hellip;]<\/p>\n","protected":false},"author":24,"featured_media":3631,"comment_status":"open","ping_status":"open","sticky":false,"template":"","format":"standard","meta":{"_et_pb_use_builder":"","_et_pb_old_content":"","_et_gb_content_width":"","_jetpack_memberships_contains_paid_content":false,"footnotes":""},"categories":[23,7,129,1],"tags":[146],"class_list":["post-3496","post","type-post","status-publish","format-standard","has-post-thumbnail","hentry","category-autoresas","category-creacion","category-literaria","category-xeral","tag-daniel-irimia-yanez"],"jetpack_featured_media_url":"http:\/\/culturaliagz.com\/wp-content\/uploads\/2018\/05\/CORPIS-LITTERARUM-Daniel-Irimia.jpg","jetpack_sharing_enabled":true,"_links":{"self":[{"href":"http:\/\/culturaliagz.com\/index.php?rest_route=\/wp\/v2\/posts\/3496","targetHints":{"allow":["GET"]}}],"collection":[{"href":"http:\/\/culturaliagz.com\/index.php?rest_route=\/wp\/v2\/posts"}],"about":[{"href":"http:\/\/culturaliagz.com\/index.php?rest_route=\/wp\/v2\/types\/post"}],"author":[{"embeddable":true,"href":"http:\/\/culturaliagz.com\/index.php?rest_route=\/wp\/v2\/users\/24"}],"replies":[{"embeddable":true,"href":"http:\/\/culturaliagz.com\/index.php?rest_route=%2Fwp%2Fv2%2Fcomments&post=3496"}],"version-history":[{"count":5,"href":"http:\/\/culturaliagz.com\/index.php?rest_route=\/wp\/v2\/posts\/3496\/revisions"}],"predecessor-version":[{"id":3632,"href":"http:\/\/culturaliagz.com\/index.php?rest_route=\/wp\/v2\/posts\/3496\/revisions\/3632"}],"wp:featuredmedia":[{"embeddable":true,"href":"http:\/\/culturaliagz.com\/index.php?rest_route=\/wp\/v2\/media\/3631"}],"wp:attachment":[{"href":"http:\/\/culturaliagz.com\/index.php?rest_route=%2Fwp%2Fv2%2Fmedia&parent=3496"}],"wp:term":[{"taxonomy":"category","embeddable":true,"href":"http:\/\/culturaliagz.com\/index.php?rest_route=%2Fwp%2Fv2%2Fcategories&post=3496"},{"taxonomy":"post_tag","embeddable":true,"href":"http:\/\/culturaliagz.com\/index.php?rest_route=%2Fwp%2Fv2%2Ftags&post=3496"}],"curies":[{"name":"wp","href":"https:\/\/api.w.org\/{rel}","templated":true}]}}