{"id":3059,"date":"2018-02-25T23:40:18","date_gmt":"2018-02-25T22:40:18","guid":{"rendered":"http:\/\/culturaliagz.com\/?p=3059"},"modified":"2018-02-26T00:05:22","modified_gmt":"2018-02-25T23:05:22","slug":"a-nosa-amada-rosalia","status":"publish","type":"post","link":"http:\/\/culturaliagz.com\/?p=3059","title":{"rendered":"A NOSA AMADA ROSAL\u00cdA"},"content":{"rendered":"<h1>A NOSA AMADA ROSAL\u00cdA.<\/h1>\n<p>&nbsp;<\/p>\n<p>Trobadora da nosa patria.<\/p>\n<p>Labrega da nosa fala.<\/p>\n<p>Es r\u00edos, regatos e montes<\/p>\n<p>Es \u00e1rbores e monta\u00f1as.<\/p>\n<p>Es o ar nos verdes vales<\/p>\n<p>Es a estrela que brilla,<\/p>\n<p>Es o vento que zoa.<\/p>\n<p>No laio f\u00fanebre das badaladas<\/p>\n<p>No fondo pesar das entra\u00f1as.<\/p>\n<p>&nbsp;<\/p>\n<p>Quixeron borrar e esquecer a t\u00faa labranza<\/p>\n<p>E enterrar o teu labor pola lingua.<\/p>\n<p>Tam\u00e9n esqueceron o dano que fixeron<\/p>\n<p>\u00a1Aos teus fillos!\u2026 \u00a1teus anxos!\u2026 que tanto quer\u00edas,<\/p>\n<p>morreron todos, coa fame que ti\u00f1an.<\/p>\n<p>&nbsp;<\/p>\n<p>Se o pobo canta, es ti que cantas,<\/p>\n<p>se o pobo chora, es ti que choras.<\/p>\n<p>&nbsp;<\/p>\n<p>No \u00fatero do chan quedan sementadas a fala e a lingua\u2026<\/p>\n<p>E nos coraz\u00f3ns dos galegos cos teus cantares e poes\u00edas.<\/p>\n<p>&nbsp;<\/p>\n<p>Non morre o sol nin morre o d\u00eda<\/p>\n<p>Se a loita que non se esgota persevera,<\/p>\n<p>E ata a noite a converte en d\u00eda.<\/p>\n<p>\u00a1E cantar, cantarei!&#8230; sementando o teu recordo\u2026<\/p>\n<p>NAI da Matria, lingua e a fala<\/p>\n<p>Nunca morres nin morrer\u00e1s a nosa amada Rosal\u00eda.<\/p>\n<p>&nbsp;<\/p>\n<h4><strong>\u00a9Adolfina Mesa &#8211; 2018<\/strong><\/h4>\n<p>&nbsp;<\/p>\n<p><strong>Obra:<\/strong>\u00a0ROSAL\u00cdA DE CASTRO.<\/p>\n<p><strong>AUTOR:<\/strong>\u00a0Adolfina Mesa<\/p>\n<p><strong>T\u00c9CNICA:\u00a0<\/strong> ARTE DIXITAL.<\/p>\n<p>&nbsp;<\/p>\n<h3><strong>Nota:<\/strong><\/h3>\n<h5><strong>As persoas interesadas nunha reproduci\u00f3n impresa da mi\u00f1a obra Rosal\u00eda de Castro, contactar comigo polo privado para a s\u00faa adquisici\u00f3n asinada en orixinal polo autor (A mi\u00f1a persoa) custos da obra e env\u00edo. Os prezos var\u00edan segundo formato de impresi\u00f3n&#8230; Grazas polo voso interese na adquisici\u00f3n da mesma.<\/strong><\/h5>\n<h3><strong>Contacto:<\/strong><\/h3>\n<p>adolfina.mesa@gmail.com<\/p>\n<p>info@culturaliagz.com<\/p>\n<p>&nbsp;<\/p>\n","protected":false},"excerpt":{"rendered":"<p>A NOSA AMADA ROSAL\u00cdA. &nbsp; Trobadora da nosa patria. Labrega da nosa fala. Es r\u00edos, regatos e montes Es \u00e1rbores e monta\u00f1as. Es o ar nos verdes vales Es a [&hellip;]<\/p>\n","protected":false},"author":36,"featured_media":3060,"comment_status":"open","ping_status":"open","sticky":false,"template":"","format":"standard","meta":{"_et_pb_use_builder":"","_et_pb_old_content":"","_et_gb_content_width":"","_jetpack_memberships_contains_paid_content":false,"footnotes":""},"categories":[23,7,129,1],"tags":[],"class_list":["post-3059","post","type-post","status-publish","format-standard","has-post-thumbnail","hentry","category-autoresas","category-creacion","category-literaria","category-xeral"],"jetpack_featured_media_url":"http:\/\/culturaliagz.com\/wp-content\/uploads\/2018\/02\/28168485_1674324155994979_3914264280824938946_n.jpg","jetpack_sharing_enabled":true,"_links":{"self":[{"href":"http:\/\/culturaliagz.com\/index.php?rest_route=\/wp\/v2\/posts\/3059","targetHints":{"allow":["GET"]}}],"collection":[{"href":"http:\/\/culturaliagz.com\/index.php?rest_route=\/wp\/v2\/posts"}],"about":[{"href":"http:\/\/culturaliagz.com\/index.php?rest_route=\/wp\/v2\/types\/post"}],"author":[{"embeddable":true,"href":"http:\/\/culturaliagz.com\/index.php?rest_route=\/wp\/v2\/users\/36"}],"replies":[{"embeddable":true,"href":"http:\/\/culturaliagz.com\/index.php?rest_route=%2Fwp%2Fv2%2Fcomments&post=3059"}],"version-history":[{"count":9,"href":"http:\/\/culturaliagz.com\/index.php?rest_route=\/wp\/v2\/posts\/3059\/revisions"}],"predecessor-version":[{"id":3069,"href":"http:\/\/culturaliagz.com\/index.php?rest_route=\/wp\/v2\/posts\/3059\/revisions\/3069"}],"wp:featuredmedia":[{"embeddable":true,"href":"http:\/\/culturaliagz.com\/index.php?rest_route=\/wp\/v2\/media\/3060"}],"wp:attachment":[{"href":"http:\/\/culturaliagz.com\/index.php?rest_route=%2Fwp%2Fv2%2Fmedia&parent=3059"}],"wp:term":[{"taxonomy":"category","embeddable":true,"href":"http:\/\/culturaliagz.com\/index.php?rest_route=%2Fwp%2Fv2%2Fcategories&post=3059"},{"taxonomy":"post_tag","embeddable":true,"href":"http:\/\/culturaliagz.com\/index.php?rest_route=%2Fwp%2Fv2%2Ftags&post=3059"}],"curies":[{"name":"wp","href":"https:\/\/api.w.org\/{rel}","templated":true}]}}