{"id":21234,"date":"2026-09-06T16:36:52","date_gmt":"2026-09-06T15:36:52","guid":{"rendered":"http:\/\/culturaliagz.com\/?p=21234"},"modified":"2026-09-06T16:45:34","modified_gmt":"2026-09-06T15:45:34","slug":"entrega-de-premios-do-viii-certame-de-microrrelatos-de-vilalba-2","status":"publish","type":"post","link":"http:\/\/culturaliagz.com\/?p=21234","title":{"rendered":"Acto de entrega de premios do VIII Certame de Microrrelatos de Vilalba"},"content":{"rendered":"\n<p class=\"wp-block-paragraph\"><\/p>\n\n\n\n<figure class=\"wp-block-image size-full\"><a href=\"http:\/\/culturaliagz.com\/wp-content\/uploads\/2026\/09\/IMG_5212-scaled.jpeg\" target=\"_blank\" rel=\" noopener\"><img loading=\"lazy\" decoding=\"async\" width=\"2560\" height=\"1920\" src=\"http:\/\/culturaliagz.com\/wp-content\/uploads\/2026\/09\/IMG_5212-scaled.jpeg\" alt=\"\" class=\"wp-image-21235\" srcset=\"http:\/\/culturaliagz.com\/wp-content\/uploads\/2026\/09\/IMG_5212-scaled.jpeg 2560w, http:\/\/culturaliagz.com\/wp-content\/uploads\/2026\/09\/IMG_5212-1280x960.jpeg 1280w, http:\/\/culturaliagz.com\/wp-content\/uploads\/2026\/09\/IMG_5212-980x735.jpeg 980w, http:\/\/culturaliagz.com\/wp-content\/uploads\/2026\/09\/IMG_5212-480x360.jpeg 480w\" sizes=\"auto, (min-width: 0px) and (max-width: 480px) 480px, (min-width: 481px) and (max-width: 980px) 980px, (min-width: 981px) and (max-width: 1280px) 1280px, (min-width: 1281px) 2560px, 100vw\" \/><\/a><figcaption class=\"wp-element-caption\"><em>Imaxe de grupo das persoas premiadas canda a mesa presidencial. <\/em>Autor\u00eda da imaxe: Concello de Vilalba<\/figcaption><\/figure>\n\n\n\n<p class=\"wp-block-paragraph\"><\/p>\n\n\n\n<p class=\"wp-block-paragraph\"><\/p>\n\n\n\n<p class=\"wp-block-paragraph\">Este pasado s\u00e1bado, 5 de setembro, o sal\u00f3n de actos da Casa da Cultura de Vilalba acolleu o acto de entrega de premios do <strong>VIII Certame de Microrrelatos de Vilalba<\/strong>, que organiza o <a href=\"https:\/\/www.vilalba.gal\/\" target=\"_blank\" rel=\"noopener\">Concello de Vilalba<\/a>, coa colaboraci\u00f3n de <a href=\"http:\/\/culturaliagz.com\/\" target=\"_blank\" rel=\"noopener\">Culturalia GZ<\/a>.<\/p>\n\n\n\n<p class=\"wp-block-paragraph\">O acto estivo presidido pola Alcaldesa de Vilalba, Marta Rouco Seoane, acompa\u00f1ada da Concelleira de Cultura, M\u00f3nica Gonz\u00e1lez Fern\u00e1ndez, e a Concelleira de Comercio, Turismo e Promoci\u00f3n da Lingua, M\u00aa Xos\u00e9 Fern\u00e1ndez Pardo.<\/p>\n\n\n\n<p class=\"wp-block-paragraph\">Unha a unha, as persoas premiadas (ag\u00e1s o ga\u00f1ador do 2\u00ba premio na categor\u00eda adulta, <strong>C\u00e1ndido Paniagua Pousa,<\/strong> de Xinzo de Limia, que non puido asistir) foron acudindo \u00e1 chamada de Marti\u00f1o Maseda, administrador de Culturalia GZ, que exerc\u00eda de condutor da entrega de premios. E, despois de leren cadanseu microrrelato, as premiadas recoll\u00edan o galard\u00f3n que respectivamente lles \u00edan entregando as representantes do concello vilalb\u00e9s.<\/p>\n\n\n\n<p class=\"wp-block-paragraph\">Mentres a agrupaci\u00f3n musical <strong>\u00c1rdelle o Eixo<\/strong> se encargou de amenizar musicalmente o comezo da cerimonia.<\/p>\n\n\n\n<p class=\"wp-block-paragraph\">A relaci\u00f3n de obras e autores\/-as galardoadas foi a seguinte:<\/p>\n\n\n\n<p class=\"wp-block-paragraph\"><\/p>\n\n\n\n<p class=\"wp-block-paragraph\"><strong><em>Categor\u00eda Infantil<\/em><\/strong><strong><em>:&nbsp;<\/em><\/strong><\/p>\n\n\n\n<p class=\"wp-block-paragraph\"><em>1\u00ba Premio:<\/em> <strong>Leah Ferreiro Garc\u00eda <\/strong>(Vilalba), co seu microrrelato QU\u00c9ROTE, AV\u00d3.<\/p>\n\n\n\n<p class=\"wp-block-paragraph\"><em>2\u00ba Premio:<\/em><strong> Carmen L\u00f3pez Tenreiro <\/strong>(Vilalba)<strong>,<\/strong> polo microrrelato O BOSQUE DAS MIL MARABILLAS<strong>.<\/strong><\/p>\n\n\n\n<p class=\"wp-block-paragraph\"><em>3\u00ba Premio:<\/em><strong><em> <\/em>Ant\u00eda P\u00e9rez Cend\u00e1n <\/strong>(Vilalba), co microrrelato AS AM\u00c9RICAS.<\/p>\n\n\n\n<p class=\"wp-block-paragraph\"><\/p>\n\n\n\n<p class=\"wp-block-paragraph\"><strong><em>Categor\u00eda Xuvenil:<\/em><\/strong><\/p>\n\n\n\n<p class=\"wp-block-paragraph\"><em>1\u00ba Premio:<\/em> <strong>Dar\u00edo Pita Rodr\u00edguez <\/strong>(Ferrol), polo microrrelato O SOBRADO.<\/p>\n\n\n\n<p class=\"wp-block-paragraph\"><em>2\u00ba Premio:<\/em> <strong>Duarte Mari\u00f1o Torrado <\/strong>(Porto do Son), polo microrrelato OLA, HAI ALGU\u00c9N A\u00cd?<\/p>\n\n\n\n<p class=\"wp-block-paragraph\"><strong> <\/strong><em>3\u00ba Premio:<\/em> <strong>Adriana<strong> Garrido Santos <\/strong><\/strong>(Vilagarc\u00eda de Arousa), co microrrelato O LIBRO.<\/p>\n\n\n\n<p class=\"wp-block-paragraph\"><\/p>\n\n\n\n<p class=\"wp-block-paragraph\"><strong><em>Categor\u00eda Adulta:<\/em><\/strong><\/p>\n\n\n\n<p class=\"wp-block-paragraph\"><em>1\u00ba Premio:<\/em> <strong>Patricia Torrado Queiruga <\/strong>(Porto do Son)<strong><em>,<\/em><\/strong> co microrrelato HISTORIA UNIVERSAL.<\/p>\n\n\n\n<p class=\"wp-block-paragraph\"><em>2\u00ba Premio:<\/em><strong> C\u00e1ndido Paniagua Pousa <\/strong>(Xinzo de Limia), polo microrrelato \u00c1 HORA ACORDADA.<\/p>\n\n\n\n<p class=\"wp-block-paragraph\"><em>3\u00ba Premio:<\/em> <strong>Alba S\u00e1nchez Ares <\/strong>(Santiago de Compostela)<em>,<\/em> co microrrelato APO\u00d1ENDO.<\/p>\n\n\n\n<p class=\"wp-block-paragraph\"><\/p>\n\n\n\n<p class=\"wp-block-paragraph\">En datas vindeiras, os microrrelatos premiados na presente edici\u00f3n xunto aos galardoados na edici\u00f3n de 2025 ser\u00e1n editados nunha publicaci\u00f3n a cargo de <a href=\"https:\/\/alvarelloseditora.gal\/\" target=\"_blank\" rel=\"noopener\">Alvarellos Editora<\/a>.<\/p>\n","protected":false},"excerpt":{"rendered":"<p>Este pasado s\u00e1bado, 5 de setembro, o sal\u00f3n de actos da Casa da Cultura de Vilalba acolleu o acto de entrega de premios do VIII Certame de Microrrelatos de Vilalba, [&hellip;]<\/p>\n","protected":false},"author":1,"featured_media":0,"comment_status":"open","ping_status":"open","sticky":false,"template":"","format":"standard","meta":{"_et_pb_use_builder":"","_et_pb_old_content":"","_et_gb_content_width":"","_jetpack_memberships_contains_paid_content":false,"footnotes":""},"categories":[23,7,129,6,1],"tags":[411,220,30,29,3719],"class_list":["post-21234","post","type-post","status-publish","format-standard","hentry","category-autoresas","category-creacion","category-literaria","category-novas","category-xeral","tag-alvarellos-editora","tag-casa-da-cultura-de-vilalba","tag-concello-de-vilalba","tag-culturalia-gz","tag-viii-certame-de-microrrelatos-de-vilalba"],"jetpack_featured_media_url":"","jetpack_sharing_enabled":true,"_links":{"self":[{"href":"http:\/\/culturaliagz.com\/index.php?rest_route=\/wp\/v2\/posts\/21234","targetHints":{"allow":["GET"]}}],"collection":[{"href":"http:\/\/culturaliagz.com\/index.php?rest_route=\/wp\/v2\/posts"}],"about":[{"href":"http:\/\/culturaliagz.com\/index.php?rest_route=\/wp\/v2\/types\/post"}],"author":[{"embeddable":true,"href":"http:\/\/culturaliagz.com\/index.php?rest_route=\/wp\/v2\/users\/1"}],"replies":[{"embeddable":true,"href":"http:\/\/culturaliagz.com\/index.php?rest_route=%2Fwp%2Fv2%2Fcomments&post=21234"}],"version-history":[{"count":4,"href":"http:\/\/culturaliagz.com\/index.php?rest_route=\/wp\/v2\/posts\/21234\/revisions"}],"predecessor-version":[{"id":21240,"href":"http:\/\/culturaliagz.com\/index.php?rest_route=\/wp\/v2\/posts\/21234\/revisions\/21240"}],"wp:attachment":[{"href":"http:\/\/culturaliagz.com\/index.php?rest_route=%2Fwp%2Fv2%2Fmedia&parent=21234"}],"wp:term":[{"taxonomy":"category","embeddable":true,"href":"http:\/\/culturaliagz.com\/index.php?rest_route=%2Fwp%2Fv2%2Fcategories&post=21234"},{"taxonomy":"post_tag","embeddable":true,"href":"http:\/\/culturaliagz.com\/index.php?rest_route=%2Fwp%2Fv2%2Ftags&post=21234"}],"curies":[{"name":"wp","href":"https:\/\/api.w.org\/{rel}","templated":true}]}}