{"id":21216,"date":"2026-09-02T16:18:09","date_gmt":"2026-09-02T15:18:09","guid":{"rendered":"http:\/\/culturaliagz.com\/?p=21216"},"modified":"2026-09-02T16:33:19","modified_gmt":"2026-09-02T15:33:19","slug":"entrega-de-premios-do-viii-certame-de-microrrelatos-de-vilalba","status":"publish","type":"post","link":"http:\/\/culturaliagz.com\/?p=21216","title":{"rendered":"Entrega de premios do VIII Certame de Microrrelatos de Vilalba"},"content":{"rendered":"\n<p class=\"wp-block-paragraph\"><\/p>\n\n\n\n<figure class=\"wp-block-image size-full\"><a href=\"http:\/\/culturaliagz.com\/wp-content\/uploads\/2026\/09\/Cartel-Entrega-de-premios.png\" target=\"_blank\" rel=\" noopener\"><img loading=\"lazy\" decoding=\"async\" width=\"1047\" height=\"1502\" src=\"http:\/\/culturaliagz.com\/wp-content\/uploads\/2026\/09\/Cartel-Entrega-de-premios.png\" alt=\"\" class=\"wp-image-21217\" srcset=\"http:\/\/culturaliagz.com\/wp-content\/uploads\/2026\/09\/Cartel-Entrega-de-premios.png 1047w, http:\/\/culturaliagz.com\/wp-content\/uploads\/2026\/09\/Cartel-Entrega-de-premios-980x1406.png 980w, http:\/\/culturaliagz.com\/wp-content\/uploads\/2026\/09\/Cartel-Entrega-de-premios-480x689.png 480w\" sizes=\"auto, (min-width: 0px) and (max-width: 480px) 480px, (min-width: 481px) and (max-width: 980px) 980px, (min-width: 981px) 1047px, 100vw\" \/><\/a><\/figure>\n\n\n\n<p class=\"wp-block-paragraph\"><\/p>\n\n\n\n<p class=\"wp-block-paragraph\"><\/p>\n\n\n\n<p class=\"wp-block-paragraph\">Este s\u00e1bado, 5 de setembro, na Casa da Cultura de Vilalba celebrarase a cerimonia de entrega dos premios \u00e1s persoas galardoadas no <strong>VIII Certame de Microrrelatos de Vilalba<\/strong>. <\/p>\n\n\n\n<p class=\"wp-block-paragraph\">Este certame, organizado polo Concello de Vilalba, coa colaboraci\u00f3n de Culturalia GZ, vaise consolidando dentro do panorama literario galego. Na presente edici\u00f3n houbo unha achega de 60 obras presentadas nas tres categor\u00edas de participaci\u00f3n (infantil, xuvenil e adulta).<\/p>\n\n\n\n<p class=\"wp-block-paragraph\">No acto deste s\u00e1bado, ademais das persoas galardoadas, tam\u00e9n estar\u00e1n presentes a alcaldesa de Vilalba, Marta Rouco Seoane, a  concelleira de Cultura, M\u00f3nica G\u00f3nzalez Fern\u00e1ndez, e a concelleira de Comercio, Turismo e Promoci\u00f3n da Lingua, M\u00aa Xos\u00e9 Fern\u00e1ndez Pardo, na mesa presidencial. Marti\u00f1o Marti\u00f1o, como administrador de Culturalia GZ, exercer\u00e1 de presentador do acto.<\/p>\n\n\n\n<p class=\"wp-block-paragraph\">Para a deliberaci\u00f3n deste 2026 contouse cun xurado composto por <em>Mercedes Queixas Zas<\/em>, profesora e escritora, A<em>tenea Ruibal Dur\u00e1n<\/em>, bibliotecaria da Biblioteca Municipal de Vilalba, e a docente <em>Pilar Otero Cabarcos<\/em>.<\/p>\n\n\n\n<p class=\"wp-block-paragraph\">A listaxe de premios \u00e9 a que segue a continuaci\u00f3n:<\/p>\n\n\n\n<p class=\"wp-block-paragraph\"><\/p>\n\n\n\n<p class=\"wp-block-paragraph\" style=\"font-size:17px\"><em>Categor\u00eda Infantil<\/em><\/p>\n\n\n\n<p class=\"wp-block-paragraph\">1\u00ba Premio: <em>Leah Ferreiro Garc\u00eda<\/em>, co microrrelato <strong>QU\u00c9ROTE, AV\u00d3<\/strong><\/p>\n\n\n\n<p class=\"wp-block-paragraph\">2\u00baPremio: <em>Carmen L\u00f3pez Tenreiro<\/em> co microrrelato <strong>O BOSQUE DAS MIL MARABILLAS<\/strong><\/p>\n\n\n\n<p class=\"wp-block-paragraph\">3\u00ba Premio: <em>Ant\u00eda P\u00e9rez Cend\u00e1n<\/em>, co microrrelato <strong>AS AM\u00c9RICAS<\/strong><\/p>\n\n\n\n<p class=\"wp-block-paragraph\"><\/p>\n\n\n\n<p class=\"wp-block-paragraph\" style=\"font-size:17px\"><em>Categor\u00eda Xuvenil<\/em><\/p>\n\n\n\n<p class=\"wp-block-paragraph\">1\u00ba Premio: <em>Dar\u00edo Pita Rodr\u00edguez<\/em>, co microrrelato <strong>O SOBRADO<\/strong><\/p>\n\n\n\n<p class=\"wp-block-paragraph\">2\u00ba Premio: <em>Duarte Mari\u00f1o Torrado<\/em>, co microrrelato <strong>OLA, HAI ALGU\u00c9N A\u00cd?<\/strong><\/p>\n\n\n\n<p class=\"wp-block-paragraph\">3\u00ba Premio: <em>Adriana Garrido Santos<\/em>, co microrrelato <strong>O LIBRO<\/strong><\/p>\n\n\n\n<p class=\"wp-block-paragraph\"><\/p>\n\n\n\n<p class=\"wp-block-paragraph\" style=\"font-size:17px\"><em>Categor\u00eda Adulta<\/em><\/p>\n\n\n\n<p class=\"wp-block-paragraph\">1\u00ba Premio: <em>Patricia Torrado Queiruga<\/em>, co microrrelato <strong>HISTORIA UNIVERSAL<\/strong><\/p>\n\n\n\n<p class=\"wp-block-paragraph\">2\u00ba Premio: <em>C\u00e1ndido Paniagua Pousa,<\/em> co microrrelato <strong>\u00c1 HORA ACORDADA<\/strong><\/p>\n\n\n\n<p class=\"wp-block-paragraph\">3\u00ba Premio: <em>Alba S\u00e1nchez Ares<\/em>, co microrrelato <strong>APO\u00d1ENDO<\/strong><\/p>\n\n\n\n<p class=\"wp-block-paragraph\"><\/p>\n\n\n\n<p class=\"wp-block-paragraph\">Tam\u00e9n se contar\u00e1 co acompa\u00f1amento musical da Asociaci\u00f3n Cultural <strong>\u00c1rdelle o Eixo<\/strong>.<\/p>\n","protected":false},"excerpt":{"rendered":"<p>Este s\u00e1bado, 5 de setembro, na Casa da Cultura de Vilalba celebrarase a cerimonia de entrega dos premios \u00e1s persoas galardoadas no VIII Certame de Microrrelatos de Vilalba. Este certame, [&hellip;]<\/p>\n","protected":false},"author":1,"featured_media":0,"comment_status":"open","ping_status":"open","sticky":false,"template":"","format":"standard","meta":{"_et_pb_use_builder":"","_et_pb_old_content":"","_et_gb_content_width":"","_jetpack_memberships_contains_paid_content":false,"footnotes":""},"categories":[23,7,129,6,1],"tags":[3929,220,30,29,3719],"class_list":["post-21216","post","type-post","status-publish","format-standard","hentry","category-autoresas","category-creacion","category-literaria","category-novas","category-xeral","tag-asociacion-cultural-ardelle-o-eixo","tag-casa-da-cultura-de-vilalba","tag-concello-de-vilalba","tag-culturalia-gz","tag-viii-certame-de-microrrelatos-de-vilalba"],"jetpack_featured_media_url":"","jetpack_sharing_enabled":true,"_links":{"self":[{"href":"http:\/\/culturaliagz.com\/index.php?rest_route=\/wp\/v2\/posts\/21216","targetHints":{"allow":["GET"]}}],"collection":[{"href":"http:\/\/culturaliagz.com\/index.php?rest_route=\/wp\/v2\/posts"}],"about":[{"href":"http:\/\/culturaliagz.com\/index.php?rest_route=\/wp\/v2\/types\/post"}],"author":[{"embeddable":true,"href":"http:\/\/culturaliagz.com\/index.php?rest_route=\/wp\/v2\/users\/1"}],"replies":[{"embeddable":true,"href":"http:\/\/culturaliagz.com\/index.php?rest_route=%2Fwp%2Fv2%2Fcomments&post=21216"}],"version-history":[{"count":3,"href":"http:\/\/culturaliagz.com\/index.php?rest_route=\/wp\/v2\/posts\/21216\/revisions"}],"predecessor-version":[{"id":21226,"href":"http:\/\/culturaliagz.com\/index.php?rest_route=\/wp\/v2\/posts\/21216\/revisions\/21226"}],"wp:attachment":[{"href":"http:\/\/culturaliagz.com\/index.php?rest_route=%2Fwp%2Fv2%2Fmedia&parent=21216"}],"wp:term":[{"taxonomy":"category","embeddable":true,"href":"http:\/\/culturaliagz.com\/index.php?rest_route=%2Fwp%2Fv2%2Fcategories&post=21216"},{"taxonomy":"post_tag","embeddable":true,"href":"http:\/\/culturaliagz.com\/index.php?rest_route=%2Fwp%2Fv2%2Ftags&post=21216"}],"curies":[{"name":"wp","href":"https:\/\/api.w.org\/{rel}","templated":true}]}}