{"id":20604,"date":"2026-03-18T03:14:15","date_gmt":"2026-03-18T02:14:15","guid":{"rendered":"http:\/\/culturaliagz.com\/?p=20604"},"modified":"2026-03-18T22:48:13","modified_gmt":"2026-03-18T21:48:13","slug":"paula-carballeira-presenta-o-seu-espectaculo-de-narracion-oral-caminos-de-mar-terra-e-vento-na-casa-museo-manuel-maria","status":"publish","type":"post","link":"http:\/\/culturaliagz.com\/?p=20604","title":{"rendered":"Paula Carballeira presenta o seu espect\u00e1culo de narraci\u00f3n oral CAMI\u00d1OS DE MAR, TERRA E VENTO na Casa-Museo Manuel Mar\u00eda"},"content":{"rendered":"\n<p><\/p>\n\n\n\n<figure class=\"wp-block-image size-full\"><a href=\"http:\/\/culturaliagz.com\/wp-content\/uploads\/2026\/03\/paulacarballeira-26_redesc-scaled.jpg\" target=\"_blank\" rel=\" noreferrer noopener\"><img loading=\"lazy\" decoding=\"async\" width=\"2499\" height=\"2560\" src=\"http:\/\/culturaliagz.com\/wp-content\/uploads\/2026\/03\/paulacarballeira-26_redesc-scaled.jpg\" alt=\"\" class=\"wp-image-20605\" srcset=\"http:\/\/culturaliagz.com\/wp-content\/uploads\/2026\/03\/paulacarballeira-26_redesc-scaled.jpg 2499w, http:\/\/culturaliagz.com\/wp-content\/uploads\/2026\/03\/paulacarballeira-26_redesc-1280x1311.jpg 1280w, http:\/\/culturaliagz.com\/wp-content\/uploads\/2026\/03\/paulacarballeira-26_redesc-980x1004.jpg 980w, http:\/\/culturaliagz.com\/wp-content\/uploads\/2026\/03\/paulacarballeira-26_redesc-480x492.jpg 480w\" sizes=\"auto, (min-width: 0px) and (max-width: 480px) 480px, (min-width: 481px) and (max-width: 980px) 980px, (min-width: 981px) and (max-width: 1280px) 1280px, (min-width: 1281px) 2499px, 100vw\" \/><\/a><\/figure>\n\n\n\n<p><\/p>\n\n\n\n<p><\/p>\n\n\n\n<p><\/p>\n\n\n\n<p><\/p>\n\n\n\n<p class=\"has-text-align-center\" style=\"font-size:20px\"><strong><em><a href=\"https:\/\/www.casamuseomanuelmaria.gal\/portada.htm\" target=\"_blank\" rel=\"noreferrer noopener\">Cami\u00f1os de mar, terra e vento<\/a><\/em><\/strong><\/p>\n\n\n\n<p class=\"has-text-align-center\" style=\"font-size:16px\"><strong>Espect\u00e1culo de narraci\u00f3n oral de&nbsp;Paula Carballeira&nbsp;dirixido para nenas e nenos entre 4 e 8 anos<\/strong><\/p>\n\n\n\n<p class=\"has-text-align-center\" style=\"font-size:16px\"><strong>S\u00e1bado, 21 de marzo, \u00e1s 17 horas na <a href=\"https:\/\/www.casamuseomanuelmaria.gal\/portada.htm\" target=\"_blank\" rel=\"noreferrer noopener\">Casa-Museo Manuel Mar\u00eda<\/a><\/strong><\/p>\n\n\n\n<p><\/p>\n\n\n\n<p><\/p>\n\n\n\n<p>Polos cami\u00f1os da terra van quen queren chegar lonxe, de vagar, atopando atrancos, e persoas desco\u00f1ecidas, e aventuras fant\u00e1sticas ou pequenas peripecias, perigos, sorpresas.<br>Polos cami\u00f1os do ar van quen adivi\u00f1aron como voar, coa axuda de paxaros ou alfombras, de vasoiras ou de refachos de vento.<br>Polos cami\u00f1os do mar van quen esperan atopar illas misteriosas, m\u00fasica feita por ondas e sereas, baleas brancas, luras xigantes, tesouros que poden non ser de ouro&nbsp; nin de prata, sen\u00f3n de corais e criaturas das profundidades.<br>E os contos viaxan, de boca en boca, pola terra, polo mar e, sobre todo, polo ar.<\/p>\n\n\n\n<p>Paula Carballeira, contadora, actriz, directora teatral e dramaturga (\u00e9 Premio estatal de literatura dram\u00e1tica en 2023), acode, regularmente, aos principais festivais e eventos de narraci\u00f3n oral nacionais e internacionais. Ten m\u00e1is de trinta libros publicados (\u00e1lbum ilustrado, narrativa, poes\u00eda, teatro, ensaio), moitos deles traducidos a varias linguas, e a maior\u00eda pensados para a infancia e a xuventude.<\/p>\n\n\n\n<p>Para asistir (billete 2 euros) \u00e9 necesario reservar en&nbsp;<a href=\"mailto:contacto@casamuseomanuelmaria.gal\" target=\"_blank\" rel=\"noreferrer noopener\">contacto@casamuseomanuelmaria.gal<\/a>&nbsp;ou no whatsapp 698177621<\/p>\n","protected":false},"excerpt":{"rendered":"<p>Cami\u00f1os de mar, terra e vento Espect\u00e1culo de narraci\u00f3n oral de&nbsp;Paula Carballeira&nbsp;dirixido para nenas e nenos entre 4 e 8 anos S\u00e1bado, 21 de marzo, \u00e1s 17 horas na Casa-Museo [&hellip;]<\/p>\n","protected":false},"author":1,"featured_media":0,"comment_status":"open","ping_status":"open","sticky":false,"template":"","format":"standard","meta":{"_et_pb_use_builder":"","_et_pb_old_content":"","_et_gb_content_width":"","_jetpack_memberships_contains_paid_content":false,"footnotes":""},"categories":[23,7,129,6,57,1],"tags":[3732,2112,2884],"class_list":["post-20604","post","type-post","status-publish","format-standard","hentry","category-autoresas","category-creacion","category-literaria","category-novas","category-outras-artes","category-xeral","tag-caminos-de-mar","tag-casa-museo-manuel-maria-2","tag-paula-cabaleiro"],"jetpack_featured_media_url":"","jetpack_sharing_enabled":true,"_links":{"self":[{"href":"http:\/\/culturaliagz.com\/index.php?rest_route=\/wp\/v2\/posts\/20604","targetHints":{"allow":["GET"]}}],"collection":[{"href":"http:\/\/culturaliagz.com\/index.php?rest_route=\/wp\/v2\/posts"}],"about":[{"href":"http:\/\/culturaliagz.com\/index.php?rest_route=\/wp\/v2\/types\/post"}],"author":[{"embeddable":true,"href":"http:\/\/culturaliagz.com\/index.php?rest_route=\/wp\/v2\/users\/1"}],"replies":[{"embeddable":true,"href":"http:\/\/culturaliagz.com\/index.php?rest_route=%2Fwp%2Fv2%2Fcomments&post=20604"}],"version-history":[{"count":6,"href":"http:\/\/culturaliagz.com\/index.php?rest_route=\/wp\/v2\/posts\/20604\/revisions"}],"predecessor-version":[{"id":20613,"href":"http:\/\/culturaliagz.com\/index.php?rest_route=\/wp\/v2\/posts\/20604\/revisions\/20613"}],"wp:attachment":[{"href":"http:\/\/culturaliagz.com\/index.php?rest_route=%2Fwp%2Fv2%2Fmedia&parent=20604"}],"wp:term":[{"taxonomy":"category","embeddable":true,"href":"http:\/\/culturaliagz.com\/index.php?rest_route=%2Fwp%2Fv2%2Fcategories&post=20604"},{"taxonomy":"post_tag","embeddable":true,"href":"http:\/\/culturaliagz.com\/index.php?rest_route=%2Fwp%2Fv2%2Ftags&post=20604"}],"curies":[{"name":"wp","href":"https:\/\/api.w.org\/{rel}","templated":true}]}}