{"id":20599,"date":"2026-03-19T10:01:17","date_gmt":"2026-03-19T09:01:17","guid":{"rendered":"http:\/\/culturaliagz.com\/?p=20599"},"modified":"2026-03-19T11:33:53","modified_gmt":"2026-03-19T10:33:53","slug":"henko-a-mirada-de-miguel-diaz-82","status":"publish","type":"post","link":"http:\/\/culturaliagz.com\/?p=20599","title":{"rendered":"HENKO A mirada de Miguel D\u00edaz"},"content":{"rendered":"\n<p><\/p>\n\n\n<div class=\"wp-block-image\">\n<figure class=\"alignleft size-medium\"><a href=\"http:\/\/culturaliagz.com\/wp-content\/uploads\/2021\/07\/Henko_Portada2.jpg\" target=\"_blank\" rel=\" noreferrer noopener\"><img loading=\"lazy\" decoding=\"async\" width=\"300\" height=\"300\" src=\"http:\/\/culturaliagz.com\/wp-content\/uploads\/2021\/07\/Henko_Portada2-300x300.jpg\" alt=\"\" class=\"wp-image-8195\"\/><\/a><\/figure>\n<\/div>\n\n\n<p><\/p>\n\n\n\n<p style=\"font-size:30px\"><strong><a href=\"http:\/\/culturaliagz.com\/?cat=894\" target=\"_blank\" rel=\"noreferrer noopener\">HENKO<\/a><\/strong><\/p>\n\n\n\n<p class=\"has-medium-font-size\"><a href=\"https:\/\/omurmuriodovento.wordpress.com\/author\/omurmuriodovento\/\" target=\"_blank\" rel=\"noreferrer noopener\">Miguel D\u00edaz<\/a><\/p>\n\n\n\n<p class=\"has-medium-font-size\">T\u00edtulo:<strong>&nbsp;<\/strong>NEGACI\u00d3N<\/p>\n\n\n\n<p><\/p>\n\n\n\n<p><\/p>\n\n\n\n<p><\/p>\n\n\n\n<p><\/p>\n\n\n\n<p><\/p>\n\n\n\n<p><\/p>\n\n\n\n<p><\/p>\n\n\n\n<figure class=\"wp-block-image size-full\"><a href=\"http:\/\/culturaliagz.com\/wp-content\/uploads\/2026\/03\/Negacion-scaled.jpg\" target=\"_blank\" rel=\" noreferrer noopener\"><img loading=\"lazy\" decoding=\"async\" width=\"1926\" height=\"2560\" src=\"http:\/\/culturaliagz.com\/wp-content\/uploads\/2026\/03\/Negacion-scaled.jpg\" alt=\"\" class=\"wp-image-20600\" srcset=\"http:\/\/culturaliagz.com\/wp-content\/uploads\/2026\/03\/Negacion-scaled.jpg 1926w, http:\/\/culturaliagz.com\/wp-content\/uploads\/2026\/03\/Negacion-1280x1701.jpg 1280w, http:\/\/culturaliagz.com\/wp-content\/uploads\/2026\/03\/Negacion-980x1303.jpg 980w, http:\/\/culturaliagz.com\/wp-content\/uploads\/2026\/03\/Negacion-480x638.jpg 480w\" sizes=\"auto, (min-width: 0px) and (max-width: 480px) 480px, (min-width: 481px) and (max-width: 980px) 980px, (min-width: 981px) and (max-width: 1280px) 1280px, (min-width: 1281px) 1926px, 100vw\" \/><\/a><\/figure>\n\n\n\n<p><\/p>\n\n\n\n<p><\/p>\n\n\n\n<p><\/p>\n\n\n\n<p>Queres entendelo e de a\u00ed agroma o barullo. Non cabe, non \u00e9 un espazo racional.<\/p>\n\n\n\n<p>Un cadaleito flota nun mar en calma, nun todo extinguible sansan\u00edcase unha sucesi\u00f3n de incomprensi\u00f3ns. Un ru\u00eddo inevitable de cadeas. A presenza continua dunha negaci\u00f3n.<\/p>\n\n\n\n<p>Non existe nada, tampouco n\u00f3s. Anque o diga, anque nos pronuncie, o certo \u00e9 que non sei como contarche que trazo no aire unha palabra branda, frouxa, bald\u00eda. Unha expresi\u00f3n allea. Non te podo conxugar porque non son.<\/p>\n\n\n\n<p>Tecida, vaga unha inconsistencia que non me contempla, amarrada a un l\u00f3strego que non define ning\u00fan cami\u00f1o. Non hai ningu\u00e9n aqu\u00ed, onde noutrora houbo unha espera de ti, unha mirada na t\u00faa procura, que hoxe se dil\u00fae enganchada a ese outro, que \u00e9 soamente unha idea de min.<\/p>\n","protected":false},"excerpt":{"rendered":"<p>HENKO Miguel D\u00edaz T\u00edtulo:&nbsp;NEGACI\u00d3N Queres entendelo e de a\u00ed agroma o barullo. Non cabe, non \u00e9 un espazo racional. Un cadaleito flota nun mar en calma, nun todo extinguible sansan\u00edcase [&hellip;]<\/p>\n","protected":false},"author":38,"featured_media":0,"comment_status":"open","ping_status":"open","sticky":false,"template":"","format":"standard","meta":{"_et_pb_use_builder":"","_et_pb_old_content":"","_et_gb_content_width":"","_jetpack_memberships_contains_paid_content":false,"footnotes":""},"categories":[23,967,7,894,129,57,1],"tags":[952,29,895],"class_list":["post-20599","post","type-post","status-publish","format-standard","hentry","category-autoresas","category-colaboracions","category-creacion","category-henko","category-literaria","category-outras-artes","category-xeral","tag-a-mirada-de-miguel-diaz","tag-culturalia-gz","tag-henko"],"jetpack_featured_media_url":"","jetpack_sharing_enabled":true,"_links":{"self":[{"href":"http:\/\/culturaliagz.com\/index.php?rest_route=\/wp\/v2\/posts\/20599","targetHints":{"allow":["GET"]}}],"collection":[{"href":"http:\/\/culturaliagz.com\/index.php?rest_route=\/wp\/v2\/posts"}],"about":[{"href":"http:\/\/culturaliagz.com\/index.php?rest_route=\/wp\/v2\/types\/post"}],"author":[{"embeddable":true,"href":"http:\/\/culturaliagz.com\/index.php?rest_route=\/wp\/v2\/users\/38"}],"replies":[{"embeddable":true,"href":"http:\/\/culturaliagz.com\/index.php?rest_route=%2Fwp%2Fv2%2Fcomments&post=20599"}],"version-history":[{"count":6,"href":"http:\/\/culturaliagz.com\/index.php?rest_route=\/wp\/v2\/posts\/20599\/revisions"}],"predecessor-version":[{"id":20622,"href":"http:\/\/culturaliagz.com\/index.php?rest_route=\/wp\/v2\/posts\/20599\/revisions\/20622"}],"wp:attachment":[{"href":"http:\/\/culturaliagz.com\/index.php?rest_route=%2Fwp%2Fv2%2Fmedia&parent=20599"}],"wp:term":[{"taxonomy":"category","embeddable":true,"href":"http:\/\/culturaliagz.com\/index.php?rest_route=%2Fwp%2Fv2%2Fcategories&post=20599"},{"taxonomy":"post_tag","embeddable":true,"href":"http:\/\/culturaliagz.com\/index.php?rest_route=%2Fwp%2Fv2%2Ftags&post=20599"}],"curies":[{"name":"wp","href":"https:\/\/api.w.org\/{rel}","templated":true}]}}