{"id":20589,"date":"2026-03-11T22:43:43","date_gmt":"2026-03-11T21:43:43","guid":{"rendered":"http:\/\/culturaliagz.com\/?p=20589"},"modified":"2026-03-11T22:53:25","modified_gmt":"2026-03-11T21:53:25","slug":"water-damage-e-olof-arnalds-protagonistas-do-sinsal-primavera","status":"publish","type":"post","link":"http:\/\/culturaliagz.com\/?p=20589","title":{"rendered":"Water Damage e \u00d3l\u00f6f Arnalds,\u00a0protagonistas do Sinsal Primavera"},"content":{"rendered":"\n<p><\/p>\n\n\n\n<figure class=\"wp-block-image size-full\"><a href=\"http:\/\/culturaliagz.com\/wp-content\/uploads\/2026\/03\/SSP26_stories_cartel.jpeg\" target=\"_blank\" rel=\" noreferrer noopener\"><img loading=\"lazy\" decoding=\"async\" width=\"1080\" height=\"1920\" src=\"http:\/\/culturaliagz.com\/wp-content\/uploads\/2026\/03\/SSP26_stories_cartel.jpeg\" alt=\"\" class=\"wp-image-20590\" srcset=\"http:\/\/culturaliagz.com\/wp-content\/uploads\/2026\/03\/SSP26_stories_cartel.jpeg 1080w, http:\/\/culturaliagz.com\/wp-content\/uploads\/2026\/03\/SSP26_stories_cartel-980x1742.jpeg 980w, http:\/\/culturaliagz.com\/wp-content\/uploads\/2026\/03\/SSP26_stories_cartel-480x853.jpeg 480w\" sizes=\"auto, (min-width: 0px) and (max-width: 480px) 480px, (min-width: 481px) and (max-width: 980px) 980px, (min-width: 981px) 1080px, 100vw\" \/><\/a><\/figure>\n\n\n\n<p><\/p>\n\n\n\n<p><\/p>\n\n\n\n<ul class=\"wp-block-list\">\n<li><strong>Os concertos promovidos por Sinsalaudio co apoio do Concello de Vigo celebraranse os d\u00edas 1 de abril e 3 de maio no MARCO e na Fundaci\u00f3n Sales, respectivamente, e as entradas est\u00e1n \u00e1 venda na web&nbsp;<\/strong><a href=\"http:\/\/sinsal.gal\/\" target=\"_blank\" rel=\"noreferrer noopener\"><strong>Sinsal.gal<\/strong><\/a><\/li>\n\n\n\n<li><strong>O colectivo musical estadounidense Water Damage far\u00e1 en Vigo a s\u00faa \u00fanica parada en Espa\u00f1a no marco da xira mundial na que presentan a s\u00faa m\u00fasica, baseada en drons<\/strong><\/li>\n\n\n\n<li><strong>\u00d3l\u00f6f Arnalds, unha das voces m\u00e1is singulares da m\u00fasica islandesa contempor\u00e1nea, presentar\u00e1 o seu novo disco, S<\/strong><strong><em>p\u00edra<\/em><\/strong><strong>, publicado en decembro<\/strong><\/li>\n<\/ul>\n\n\n\n<p><\/p>\n\n\n\n<p><em>Sinsal Primavera<\/em> agroma un ano m\u00e1is no calendario das mel\u00f3manas e curiosas, e celebrar\u00e1 a s\u00faa nova edici\u00f3n en abril e maio. A serie de concertos ecl\u00e9cticos impulsados pola promotora local Sinsalaudio da man do Concello de Vigo contar\u00e1 no seu cartel con&nbsp;<strong>Water Damage<\/strong>, colectivo estadounidense que aposta pola distorsi\u00f3n ininterrompida e a m\u00fasica baseada en drons, e coa cantante islandesa&nbsp;<strong>\u00d3l\u00f6f Arnalds,<\/strong>&nbsp;quen presentar\u00e1 por primeira vez en Espa\u00f1a o seu \u00faltimo disco,<em>&nbsp;Sp\u00edra<\/em>. As entradas para os directos, que ter\u00e1n lugar o 1 de abril no MARCO e o 3 de maio na Fundaci\u00f3n Sales, est\u00e1n \u00e1 venda desde hoxe mesmo a trav\u00e9s da web de&nbsp;<a href=\"http:\/\/sinsal.gal\/\" target=\"_blank\" rel=\"noreferrer noopener\">Sinsal.gal<\/a>.<br><br>Sinsal Primavera, unha rara avis no panorama musical galego, pretende achegar ao p\u00fablico a creaci\u00f3n de bandas e solistas cuxa singular proposta art\u00edstica non forma parte do circu\u00edto habitual das salas de concertos. A intenci\u00f3n non \u00e9 outra que sorprender as e aos asistentes a trav\u00e9s dunha clara aposta pola experimentaci\u00f3n e descubrir proxectos creativos que desaf\u00edan as f\u00f3rmulas habituais de expresi\u00f3n. Un ano m\u00e1is, o&nbsp;<strong>MARCO de Vigo&nbsp;<\/strong>ser\u00e1 unha das sedes do evento, que este ano tam\u00e9n contar\u00e1 co apoio da&nbsp;<strong>Fundaci\u00f3n Sales<\/strong>.&nbsp;<\/p>\n\n\n\n<p>A primeira cita chegar\u00e1 da man do colectivo estadounidense&nbsp;<strong>Water Damage,<\/strong>&nbsp;que aterrar\u00e1 en Vigo inmerso nunha xira mundial -e na que a cidade ol\u00edvica ser\u00e1 a \u00fanica parada en Espa\u00f1a- para presentar o seu directo, unha experiencia singular que aposta pola&nbsp;<strong>distorsi\u00f3n e perturbaci\u00f3n do son<\/strong>, mais sen descompo\u00f1er o equilibro entre os tons e as capas harm\u00f3nicas. A s\u00faa&nbsp;<strong>m\u00fasica, baseada en drons,<\/strong>&nbsp;\u00e9 un exemplo de como funciona o son en constante vibraci\u00f3n e o seu directo ser\u00e1 unha das propostas m\u00e1is desafiantes que o p\u00fablico escoitar\u00e1 en Galicia este ano. Esta viaxe sonora celebrarase o m\u00e9rcores 1 de abril, a partir das 20.30h, no MARCO de Vigo.&nbsp;<\/p>\n\n\n\n<p>O segundo concerto do Sinsal Primavera 2026 chegar\u00e1 o domingo 3 de maio contra o mediod\u00eda. A cantante e compositora islandesa&nbsp;<strong>\u00d3l\u00f6f Arnalds iniciar\u00e1 en Vigo a s\u00faa xira espa\u00f1ola de presentaci\u00f3n do seu novo disco,<em>&nbsp;Sp\u00edra,<\/em><\/strong>&nbsp;un traballo envolvente e de enorme beleza publicado o pasado mes de decembro e moi esperado logo dunha d\u00e9cada de silencio, xa que nos seus anteriores traballos contou coa colaboraci\u00f3n de artistas como Bjork ou membros de Sigur R\u00f3s ou Amiina. Na Fundaci\u00f3n Sales, que se estrea como sede do Sinsal Primavera, Arnalds dar\u00e1 a co\u00f1ecer ao vivo o seu quinto disco. Acompa\u00f1ada polo produtor e m\u00fasico de jazz Sk\u00fali Sverrisson (quen traballou con Lou Reed, Jon Hassell ou J\u00f3hann J\u00f3hannsson), a islandesa moverase entre a tradici\u00f3n oral e a experimentaci\u00f3n, transformando o cotidiano e \u00edntimo nunha experiencia compartida.<\/p>\n\n\n\n<p><\/p>\n\n\n\n<p><\/p>\n\n\n\n<figure class=\"wp-block-gallery has-nested-images columns-default is-cropped wp-block-gallery-1 is-layout-flex wp-block-gallery-is-layout-flex\">\n<figure class=\"wp-block-image size-large\"><a href=\"http:\/\/culturaliagz.com\/wp-content\/uploads\/2026\/03\/Water-Damage-2026-HORIZONTAL-PRESS-2-by-Angela-Betancourt.jpeg\" target=\"_blank\" rel=\" noreferrer noopener\"><img loading=\"lazy\" decoding=\"async\" width=\"1024\" height=\"683\" data-id=\"20592\" src=\"http:\/\/culturaliagz.com\/wp-content\/uploads\/2026\/03\/Water-Damage-2026-HORIZONTAL-PRESS-2-by-Angela-Betancourt-1024x683.jpeg\" alt=\"\" class=\"wp-image-20592\" srcset=\"http:\/\/culturaliagz.com\/wp-content\/uploads\/2026\/03\/Water-Damage-2026-HORIZONTAL-PRESS-2-by-Angela-Betancourt-980x654.jpeg 980w, http:\/\/culturaliagz.com\/wp-content\/uploads\/2026\/03\/Water-Damage-2026-HORIZONTAL-PRESS-2-by-Angela-Betancourt-480x320.jpeg 480w\" sizes=\"auto, (min-width: 0px) and (max-width: 480px) 480px, (min-width: 481px) and (max-width: 980px) 980px, (min-width: 981px) 1024px, 100vw\" \/><\/a><\/figure>\n\n\n\n<figure class=\"wp-block-image size-large\"><a href=\"http:\/\/culturaliagz.com\/wp-content\/uploads\/2026\/03\/Olof-Arnalds_2026_03_credit_Anna-Maggy.jpg\" target=\"_blank\" rel=\" noreferrer noopener\"><img loading=\"lazy\" decoding=\"async\" width=\"1024\" height=\"683\" data-id=\"20591\" src=\"http:\/\/culturaliagz.com\/wp-content\/uploads\/2026\/03\/Olof-Arnalds_2026_03_credit_Anna-Maggy-1024x683.jpg\" alt=\"\" class=\"wp-image-20591\" srcset=\"http:\/\/culturaliagz.com\/wp-content\/uploads\/2026\/03\/Olof-Arnalds_2026_03_credit_Anna-Maggy-980x653.jpg 980w, http:\/\/culturaliagz.com\/wp-content\/uploads\/2026\/03\/Olof-Arnalds_2026_03_credit_Anna-Maggy-480x320.jpg 480w\" sizes=\"auto, (min-width: 0px) and (max-width: 480px) 480px, (min-width: 481px) and (max-width: 980px) 980px, (min-width: 981px) 1024px, 100vw\" \/><\/a><\/figure>\n<\/figure>\n\n\n\n<p><\/p>\n\n\n\n<p><\/p>\n\n\n\n<p><\/p>\n\n\n\n<p><strong>SINSAL PRIMAVERA 2026<\/strong><\/p>\n\n\n\n<p><strong>M\u00e9rcores 1 de abril | MARCO de Vigo<\/strong><\/p>\n\n\n\n<p><strong>Water Damage&nbsp;(EEUU)<\/strong><\/p>\n\n\n\n<p>Apertura de portas: 20.00 horas<br>Inicio do concerto: 20.30 horas<br>Entradas \u00e1 venda desde 15\u20ac (18\u20ac na billeteira o d\u00eda do concerto) en&nbsp;<a href=\"http:\/\/sinsal.gal\/\" target=\"_blank\" rel=\"noreferrer noopener\"><strong>sinsal.gal<\/strong><br><br><br><\/a><strong>Domingo 3 de maio | Fundaci\u00f3n Sales<\/strong><br><strong>\u00d3l\u00f6f Arnalds&nbsp;(Islandia)<\/strong><\/p>\n\n\n\n<p>Apertura de portas: 12.30 horas<br>Inicio do concerto: 13.00 horas<br>Entradas \u00e1 venda desde 15\u20ac (18\u20ac na billeteira o d\u00eda do concerto) en&nbsp;<a href=\"http:\/\/sinsal.gal\/\" target=\"_blank\" rel=\"noreferrer noopener\"><strong>sinsal.gal<\/strong><\/a><strong>.<\/strong><\/p>\n\n\n\n<p>Entradas paramenores de 17 anos: 5\u20ac (cupo limitado)<\/p>\n\n\n\n<p><\/p>\n\n\n\n<p><\/p>\n\n\n\n<p><\/p>\n\n\n<a href=\"http:\/\/culturaliagz.com\/wp-content\/uploads\/2026\/03\/20260311-NP-GAL-Sinsal-Primavera-1.pdf\" class=\"pdfemb-viewer\" style=\"\" data-width=\"max\" data-height=\"max\" data-toolbar=\"bottom\" data-toolbar-fixed=\"off\">20260311-NP-GAL-Sinsal-Primavera-1<\/a>","protected":false},"excerpt":{"rendered":"<p>Sinsal Primavera agroma un ano m\u00e1is no calendario das mel\u00f3manas e curiosas, e celebrar\u00e1 a s\u00faa nova edici\u00f3n en abril e maio. A serie de concertos ecl\u00e9cticos impulsados pola promotora [&hellip;]<\/p>\n","protected":false},"author":1,"featured_media":0,"comment_status":"open","ping_status":"open","sticky":false,"template":"","format":"standard","meta":{"_et_pb_use_builder":"","_et_pb_old_content":"","_et_gb_content_width":"","_jetpack_memberships_contains_paid_content":false,"footnotes":""},"categories":[23,7,6,57,1],"tags":[3730,3731,3729,3727,2774,3728],"class_list":["post-20589","post","type-post","status-publish","format-standard","hentry","category-autoresas","category-creacion","category-novas","category-outras-artes","category-xeral","tag-fundacion-sales","tag-marco-de-vigo","tag-olof-arnalds","tag-sinsal-primavera-2026","tag-sinsalaudio","tag-water-damage"],"jetpack_featured_media_url":"","jetpack_sharing_enabled":true,"_links":{"self":[{"href":"http:\/\/culturaliagz.com\/index.php?rest_route=\/wp\/v2\/posts\/20589","targetHints":{"allow":["GET"]}}],"collection":[{"href":"http:\/\/culturaliagz.com\/index.php?rest_route=\/wp\/v2\/posts"}],"about":[{"href":"http:\/\/culturaliagz.com\/index.php?rest_route=\/wp\/v2\/types\/post"}],"author":[{"embeddable":true,"href":"http:\/\/culturaliagz.com\/index.php?rest_route=\/wp\/v2\/users\/1"}],"replies":[{"embeddable":true,"href":"http:\/\/culturaliagz.com\/index.php?rest_route=%2Fwp%2Fv2%2Fcomments&post=20589"}],"version-history":[{"count":3,"href":"http:\/\/culturaliagz.com\/index.php?rest_route=\/wp\/v2\/posts\/20589\/revisions"}],"predecessor-version":[{"id":20598,"href":"http:\/\/culturaliagz.com\/index.php?rest_route=\/wp\/v2\/posts\/20589\/revisions\/20598"}],"wp:attachment":[{"href":"http:\/\/culturaliagz.com\/index.php?rest_route=%2Fwp%2Fv2%2Fmedia&parent=20589"}],"wp:term":[{"taxonomy":"category","embeddable":true,"href":"http:\/\/culturaliagz.com\/index.php?rest_route=%2Fwp%2Fv2%2Fcategories&post=20589"},{"taxonomy":"post_tag","embeddable":true,"href":"http:\/\/culturaliagz.com\/index.php?rest_route=%2Fwp%2Fv2%2Ftags&post=20589"}],"curies":[{"name":"wp","href":"https:\/\/api.w.org\/{rel}","templated":true}]}}