{"id":20581,"date":"2026-03-11T22:14:56","date_gmt":"2026-03-11T21:14:56","guid":{"rendered":"http:\/\/culturaliagz.com\/?p=20581"},"modified":"2026-03-11T22:14:58","modified_gmt":"2026-03-11T21:14:58","slug":"parabens-en-concerto-na-casa-museo-manuel-maria","status":"publish","type":"post","link":"http:\/\/culturaliagz.com\/?p=20581","title":{"rendered":"PARAB\u00c9NS en concerto na Casa-Museo Manuel Mar\u00eda"},"content":{"rendered":"\n<p><\/p>\n\n\n\n<figure class=\"wp-block-image size-full\"><a href=\"http:\/\/culturaliagz.com\/wp-content\/uploads\/2026\/03\/parabens-26_publicacion-scaled.jpg\" target=\"_blank\" rel=\" noreferrer noopener\"><img loading=\"lazy\" decoding=\"async\" width=\"2499\" height=\"2560\" src=\"http:\/\/culturaliagz.com\/wp-content\/uploads\/2026\/03\/parabens-26_publicacion-scaled.jpg\" alt=\"\" class=\"wp-image-20582\" srcset=\"http:\/\/culturaliagz.com\/wp-content\/uploads\/2026\/03\/parabens-26_publicacion-scaled.jpg 2499w, http:\/\/culturaliagz.com\/wp-content\/uploads\/2026\/03\/parabens-26_publicacion-1280x1311.jpg 1280w, http:\/\/culturaliagz.com\/wp-content\/uploads\/2026\/03\/parabens-26_publicacion-980x1004.jpg 980w, http:\/\/culturaliagz.com\/wp-content\/uploads\/2026\/03\/parabens-26_publicacion-480x492.jpg 480w\" sizes=\"auto, (min-width: 0px) and (max-width: 480px) 480px, (min-width: 481px) and (max-width: 980px) 980px, (min-width: 981px) and (max-width: 1280px) 1280px, (min-width: 1281px) 2499px, 100vw\" \/><\/a><\/figure>\n\n\n\n<p><\/p>\n\n\n\n<p><\/p>\n\n\n\n<p><strong><a href=\"https:\/\/www.casamuseomanuelmaria.gal\/actividades\/parabens-en-concerto.htm?tipo=ACTIVIDADE\" target=\"_blank\" rel=\"noreferrer noopener\">PARAB\u00c9NS en concerto<\/a><\/strong>\u00a0este s\u00e1bado, 14 de marzo, \u00e1s 20 hrs, na <a href=\"https:\/\/www.casamuseomanuelmaria.gal\/portada.htm\" target=\"_blank\" rel=\"noreferrer noopener\">Casa-Museo Manuel Mar\u00eda<\/a>.<\/p>\n\n\n\n<p><strong>Parab\u00e9ns<\/strong> nace hai m\u00e1is de unha d\u00e9cada, inicialmente como un orfe\u00f3n de voces masculinas formado polos irm\u00e1ns Seixo, cun dobre obxectivo: partillar un proxecto familiar ao redor da m\u00fasica e, ao mesmo tempo, p\u00f3r en valor a riqueza da m\u00fasica e da cultura galega. Co paso do tempo, o grupo foi medrando e evolu\u00edndo. Aquel primeiro formato coral foise abrindo \u00e1 incorporaci\u00f3n de novos membros e m\u00fasicos, o que permitiu alargar horizontes e explorar novos cami\u00f1os musicais. As\u00ed, <strong>Parab\u00e9ns<\/strong> comezou unha nova etapa, desenvolvendo un proxecto art\u00edstico propio e dando paso \u00e1 composici\u00f3n de temas orixinais. A s\u00faa m\u00fasica, que se poder\u00e1 escoitar este s\u00e1bado en Outeiro de Rei, mant\u00e9n sempre unha forte ra\u00edz na tradici\u00f3n galega, mais incorpora influencias e ritmos doutras culturas, creando as\u00ed un estilo que combina identidade, emoci\u00f3n e apertura musical.<\/p>\n\n\n\n<p>Entrada libre at\u00e9 completar o aforo (\u00e9 necesario reservar en&nbsp;<a href=\"mailto:contacto@casamuseomanuelmaria.gal%C2%A0ou\" target=\"_blank\" rel=\"noreferrer noopener\">contacto@casamuseomanuelmaria.gal&nbsp;ou<\/a>&nbsp;no whatsapp 698177621).<\/p>\n\n\n\n<p><\/p>\n","protected":false},"excerpt":{"rendered":"<p>PARAB\u00c9NS en concerto\u00a0este s\u00e1bado, 14 de marzo, \u00e1s 20 hrs, na Casa-Museo Manuel Mar\u00eda. Parab\u00e9ns nace hai m\u00e1is de unha d\u00e9cada, inicialmente como un orfe\u00f3n de voces masculinas formado polos [&hellip;]<\/p>\n","protected":false},"author":1,"featured_media":0,"comment_status":"open","ping_status":"open","sticky":false,"template":"","format":"standard","meta":{"_et_pb_use_builder":"","_et_pb_old_content":"","_et_gb_content_width":"","_jetpack_memberships_contains_paid_content":false,"footnotes":""},"categories":[23,7,6,57,1],"tags":[2112,3725],"class_list":["post-20581","post","type-post","status-publish","format-standard","hentry","category-autoresas","category-creacion","category-novas","category-outras-artes","category-xeral","tag-casa-museo-manuel-maria-2","tag-parabens"],"jetpack_featured_media_url":"","jetpack_sharing_enabled":true,"_links":{"self":[{"href":"http:\/\/culturaliagz.com\/index.php?rest_route=\/wp\/v2\/posts\/20581","targetHints":{"allow":["GET"]}}],"collection":[{"href":"http:\/\/culturaliagz.com\/index.php?rest_route=\/wp\/v2\/posts"}],"about":[{"href":"http:\/\/culturaliagz.com\/index.php?rest_route=\/wp\/v2\/types\/post"}],"author":[{"embeddable":true,"href":"http:\/\/culturaliagz.com\/index.php?rest_route=\/wp\/v2\/users\/1"}],"replies":[{"embeddable":true,"href":"http:\/\/culturaliagz.com\/index.php?rest_route=%2Fwp%2Fv2%2Fcomments&post=20581"}],"version-history":[{"count":1,"href":"http:\/\/culturaliagz.com\/index.php?rest_route=\/wp\/v2\/posts\/20581\/revisions"}],"predecessor-version":[{"id":20583,"href":"http:\/\/culturaliagz.com\/index.php?rest_route=\/wp\/v2\/posts\/20581\/revisions\/20583"}],"wp:attachment":[{"href":"http:\/\/culturaliagz.com\/index.php?rest_route=%2Fwp%2Fv2%2Fmedia&parent=20581"}],"wp:term":[{"taxonomy":"category","embeddable":true,"href":"http:\/\/culturaliagz.com\/index.php?rest_route=%2Fwp%2Fv2%2Fcategories&post=20581"},{"taxonomy":"post_tag","embeddable":true,"href":"http:\/\/culturaliagz.com\/index.php?rest_route=%2Fwp%2Fv2%2Ftags&post=20581"}],"curies":[{"name":"wp","href":"https:\/\/api.w.org\/{rel}","templated":true}]}}