{"id":20577,"date":"2026-03-10T22:26:16","date_gmt":"2026-03-10T21:26:16","guid":{"rendered":"http:\/\/culturaliagz.com\/?p=20577"},"modified":"2026-03-10T22:26:18","modified_gmt":"2026-03-10T21:26:18","slug":"palestra-mestras-represaliadas-maria-vazquez-suarez-impartida-por-aurora-marco-na-sala-de-exposicions-do-auditorio-municipal-de-vilalba","status":"publish","type":"post","link":"http:\/\/culturaliagz.com\/?p=20577","title":{"rendered":"Palestra MESTRAS REPRESALIADAS. MAR\u00cdA V\u00c1ZQUEZ SU\u00c1REZ,\u00a0impartida por\u00a0Aurora Marco, na Sala de Exposici\u00f3ns do Auditorio Municipal de Vilalba"},"content":{"rendered":"\n<p><\/p>\n\n\n\n<figure class=\"wp-block-image size-full\"><a href=\"http:\/\/culturaliagz.com\/wp-content\/uploads\/2026\/03\/Mestras-represaliadas.-Maria-Vazquez-Suarez.jpg\" target=\"_blank\" rel=\" noreferrer noopener\"><img loading=\"lazy\" decoding=\"async\" width=\"1414\" height=\"2000\" src=\"http:\/\/culturaliagz.com\/wp-content\/uploads\/2026\/03\/Mestras-represaliadas.-Maria-Vazquez-Suarez.jpg\" alt=\"\" class=\"wp-image-20578\" srcset=\"http:\/\/culturaliagz.com\/wp-content\/uploads\/2026\/03\/Mestras-represaliadas.-Maria-Vazquez-Suarez.jpg 1414w, http:\/\/culturaliagz.com\/wp-content\/uploads\/2026\/03\/Mestras-represaliadas.-Maria-Vazquez-Suarez-1280x1810.jpg 1280w, http:\/\/culturaliagz.com\/wp-content\/uploads\/2026\/03\/Mestras-represaliadas.-Maria-Vazquez-Suarez-980x1386.jpg 980w, http:\/\/culturaliagz.com\/wp-content\/uploads\/2026\/03\/Mestras-represaliadas.-Maria-Vazquez-Suarez-480x679.jpg 480w\" sizes=\"auto, (min-width: 0px) and (max-width: 480px) 480px, (min-width: 481px) and (max-width: 980px) 980px, (min-width: 981px) and (max-width: 1280px) 1280px, (min-width: 1281px) 1414px, 100vw\" \/><\/a><\/figure>\n\n\n\n<p><\/p>\n\n\n\n<p><\/p>\n\n\n\n<p>O <a href=\"https:\/\/estudoschairegos.gal\/\" target=\"_blank\" rel=\"noreferrer noopener\">Instituto de Estudos Chairegos<\/a>, coa colaboracion do Concello de Vilalba, organiza, dentro dos actos previstos para o MES DE MARZO-8M, organiza a palestra <a href=\"https:\/\/estudoschairegos.gal\/palestra-de-aurora-marco-mestras-represaliadas-maria-vazquez-suarez-presenta-marisa-barreiro-venres-20-de-marzo-de-2026-as-2000h-na-sala-do-auditorio-municipal-de-vilalba\/\" target=\"_blank\" rel=\"noreferrer noopener\"><strong>MESTRAS REPRESALIADAS. MAR\u00cdA V\u00c1ZQUEZ SU\u00c1REZ,\u00a0<\/strong>impartida por<strong>\u00a0Aurora Marco<\/strong><\/a><strong>,\u00a0<\/strong>profesora, investigadora e ensa\u00edsta, e autora do libro relacionado coa palestra<em>\u00a0<strong>Mar\u00eda V\u00e1zquez, a mestra socialista eliminada polo franquismo<\/strong>,\u00a0<\/em>publicado por<em>\u00a0Alvarellos Editora.<\/em><\/p>\n\n\n\n<p>A presentacion correr\u00e1 a cargo da presidenta do\u00a0<strong>IESCHA<\/strong>,\u00a0<strong>Marisa Barreiro.<\/strong><\/p>\n\n\n\n<p>O acto ter\u00e1 lugar o\u00a0<strong>venres 20 de de marzo de 2026<\/strong>, \u00e1s\u00a0<strong>20:00 horas<\/strong>, no Sala de Exposici\u00f3ns do Auditorio Municial de Vilalba.<\/p>\n\n\n\n<p><\/p>\n\n\n\n<p><\/p>\n\n\n\n<figure class=\"wp-block-image size-full\"><a href=\"http:\/\/culturaliagz.com\/wp-content\/uploads\/2026\/03\/AUROA-MARCO-PALESTRA.jpg\" target=\"_blank\" rel=\" noreferrer noopener\"><img loading=\"lazy\" decoding=\"async\" width=\"1414\" height=\"2000\" src=\"http:\/\/culturaliagz.com\/wp-content\/uploads\/2026\/03\/AUROA-MARCO-PALESTRA.jpg\" alt=\"\" class=\"wp-image-20579\" srcset=\"http:\/\/culturaliagz.com\/wp-content\/uploads\/2026\/03\/AUROA-MARCO-PALESTRA.jpg 1414w, http:\/\/culturaliagz.com\/wp-content\/uploads\/2026\/03\/AUROA-MARCO-PALESTRA-1280x1810.jpg 1280w, http:\/\/culturaliagz.com\/wp-content\/uploads\/2026\/03\/AUROA-MARCO-PALESTRA-980x1386.jpg 980w, http:\/\/culturaliagz.com\/wp-content\/uploads\/2026\/03\/AUROA-MARCO-PALESTRA-480x679.jpg 480w\" sizes=\"auto, (min-width: 0px) and (max-width: 480px) 480px, (min-width: 481px) and (max-width: 980px) 980px, (min-width: 981px) and (max-width: 1280px) 1280px, (min-width: 1281px) 1414px, 100vw\" \/><\/a><\/figure>\n\n\n\n<p><\/p>\n\n\n\n<p><\/p>\n","protected":false},"excerpt":{"rendered":"<p>O Instituto de Estudos Chairegos, coa colaboracion do Concello de Vilalba, organiza, dentro dos actos previstos para o MES DE MARZO-8M, organiza a palestra MESTRAS REPRESALIADAS. MAR\u00cdA V\u00c1ZQUEZ SU\u00c1REZ,\u00a0impartida por\u00a0Aurora [&hellip;]<\/p>\n","protected":false},"author":1,"featured_media":0,"comment_status":"open","ping_status":"open","sticky":false,"template":"","format":"standard","meta":{"_et_pb_use_builder":"","_et_pb_old_content":"","_et_gb_content_width":"","_jetpack_memberships_contains_paid_content":false,"footnotes":""},"categories":[23,7,129,6,1],"tags":[3723,411,1944,30,234,1652,850,3724,3722,2490],"class_list":["post-20577","post","type-post","status-publish","format-standard","hentry","category-autoresas","category-creacion","category-literaria","category-novas","category-xeral","tag-a-mestra-socialista-eliminada-polo-franquismo","tag-alvarellos-editora","tag-aurora-marco","tag-concello-de-vilalba","tag-iescha","tag-maria-vazquez","tag-marisa-barreiro","tag-mes-de-marzo-8m","tag-mestras-represaliadas-maria-vazquez-suarez","tag-sala-de-exposicions-do-auditorio-municipal-de-vilalba"],"jetpack_featured_media_url":"","jetpack_sharing_enabled":true,"_links":{"self":[{"href":"http:\/\/culturaliagz.com\/index.php?rest_route=\/wp\/v2\/posts\/20577","targetHints":{"allow":["GET"]}}],"collection":[{"href":"http:\/\/culturaliagz.com\/index.php?rest_route=\/wp\/v2\/posts"}],"about":[{"href":"http:\/\/culturaliagz.com\/index.php?rest_route=\/wp\/v2\/types\/post"}],"author":[{"embeddable":true,"href":"http:\/\/culturaliagz.com\/index.php?rest_route=\/wp\/v2\/users\/1"}],"replies":[{"embeddable":true,"href":"http:\/\/culturaliagz.com\/index.php?rest_route=%2Fwp%2Fv2%2Fcomments&post=20577"}],"version-history":[{"count":1,"href":"http:\/\/culturaliagz.com\/index.php?rest_route=\/wp\/v2\/posts\/20577\/revisions"}],"predecessor-version":[{"id":20580,"href":"http:\/\/culturaliagz.com\/index.php?rest_route=\/wp\/v2\/posts\/20577\/revisions\/20580"}],"wp:attachment":[{"href":"http:\/\/culturaliagz.com\/index.php?rest_route=%2Fwp%2Fv2%2Fmedia&parent=20577"}],"wp:term":[{"taxonomy":"category","embeddable":true,"href":"http:\/\/culturaliagz.com\/index.php?rest_route=%2Fwp%2Fv2%2Fcategories&post=20577"},{"taxonomy":"post_tag","embeddable":true,"href":"http:\/\/culturaliagz.com\/index.php?rest_route=%2Fwp%2Fv2%2Ftags&post=20577"}],"curies":[{"name":"wp","href":"https:\/\/api.w.org\/{rel}","templated":true}]}}