{"id":20571,"date":"2026-03-10T22:13:44","date_gmt":"2026-03-10T21:13:44","guid":{"rendered":"http:\/\/culturaliagz.com\/?p=20571"},"modified":"2026-03-10T22:16:04","modified_gmt":"2026-03-10T21:16:04","slug":"a-galeria-neboa-inaugura-el-mico-blau-exposicion-individual-de-edu-gil","status":"publish","type":"post","link":"http:\/\/culturaliagz.com\/?p=20571","title":{"rendered":"A galer\u00eda N\u00c9BOA inaugura EL MICO BLAU, exposici\u00f3n individual de Edu Gil"},"content":{"rendered":"\n<p><\/p>\n\n\n\n<figure class=\"wp-block-image size-full\"><a href=\"http:\/\/culturaliagz.com\/wp-content\/uploads\/2026\/03\/NEBOA-El-mico-blau-Edu-Gil-scaled.jpg\" target=\"_blank\" rel=\" noreferrer noopener\"><img loading=\"lazy\" decoding=\"async\" width=\"2560\" height=\"1569\" src=\"http:\/\/culturaliagz.com\/wp-content\/uploads\/2026\/03\/NEBOA-El-mico-blau-Edu-Gil-scaled.jpg\" alt=\"\" class=\"wp-image-20572\" srcset=\"http:\/\/culturaliagz.com\/wp-content\/uploads\/2026\/03\/NEBOA-El-mico-blau-Edu-Gil-scaled.jpg 2560w, http:\/\/culturaliagz.com\/wp-content\/uploads\/2026\/03\/NEBOA-El-mico-blau-Edu-Gil-1280x785.jpg 1280w, http:\/\/culturaliagz.com\/wp-content\/uploads\/2026\/03\/NEBOA-El-mico-blau-Edu-Gil-980x601.jpg 980w, http:\/\/culturaliagz.com\/wp-content\/uploads\/2026\/03\/NEBOA-El-mico-blau-Edu-Gil-480x294.jpg 480w\" sizes=\"auto, (min-width: 0px) and (max-width: 480px) 480px, (min-width: 481px) and (max-width: 980px) 980px, (min-width: 981px) and (max-width: 1280px) 1280px, (min-width: 1281px) 2560px, 100vw\" \/><\/a><\/figure>\n\n\n\n<p><\/p>\n\n\n\n<p><\/p>\n\n\n\n<ul class=\"wp-block-list\">\n<li><strong>A galer\u00eda N\u00c9BOA inaugura &#8220;El mico blau&#8221;, exposici\u00f3n individual de Edu Gil (Barcelona, 2002).<\/strong><\/li>\n\n\n\n<li><strong>Xoves 12 de marzo \u00e1s 19:30 | Lamas de Prado 31, Lugo<\/strong><\/li>\n\n\n\n<li><strong>Duraci\u00f3n da exposici\u00f3n: 12 marzo &gt; 24 abril<\/strong><\/li>\n<\/ul>\n\n\n\n<p><\/p>\n\n\n\n<p>A galer\u00eda N\u00c9BOA presenta&nbsp;<em><strong>El mico blau<\/strong><\/em><strong>,&nbsp;<\/strong>a primeira exposici\u00f3n individual en Galicia do artista&nbsp;<strong>Edu Gil<\/strong> <strong>Alsina<\/strong> (Barcelona, 2002). A mostra inaug\u00farase o&nbsp;<strong>xoves 12 de marzo \u00e1s 19:30 h<\/strong>&nbsp;e poder\u00e1 visitarse ata o 24 de abril.<\/p>\n\n\n\n<p>En&nbsp;<em><strong>El mico blau<\/strong><\/em><strong>, Edu Gil Alsina&nbsp;<\/strong>desenvolve unha proposta pict\u00f3rica que se move entre a observaci\u00f3n do contorno e a exploraci\u00f3n das potencialidades da imaxe. O seu traballo investiga o v\u00ednculo entre desprazamento e mirada, articulando un di\u00e1logo constante entre o formal e o narrativo, entre a pintura e aquilo que acontece dentro e f\u00f3ra do bastidor.<\/p>\n\n\n\n<p>A exposici\u00f3n config\u00farase como un percorrido onde as imaxes aparecen como elementos en tr\u00e1nsito, nunca completamente pechados nin resoltos. A trav\u00e9s de operaci\u00f3ns de repetici\u00f3n, fragmentaci\u00f3n e cambio de escala, o artista xera desprazamentos de sentido que activan un espazo de ambig\u00fcidade e atenci\u00f3n. A pintura conv\u00e9rtese as\u00ed nunha superficie de pensamento e nun espazo de manobra, onde ver non equivale necesariamente a comprender, sen\u00f3n a permanecer nun estado de escoita e dispo\u00f1ibilidade.<\/p>\n\n\n\n<p>Entre as obras expostas at\u00f3panse pezas como&nbsp;<em>Isabel<\/em>&nbsp;(2025), un lenzo de gran formato que funciona como eixo da mostra e que establece un di\u00e1logo coa obra&nbsp;<em>Joven con di\u00e1bolo<\/em>&nbsp;(2003\u20132005) da pintora Isabel Baquedano (1929\u20132018). A partir dun xesto de cita e relectura, o artista constr\u00fae unha ponte entre xeraci\u00f3ns, activando unha reflexi\u00f3n arredor da memoria pict\u00f3rica, a escala e a distancia.&nbsp;<\/p>\n\n\n\n<p>Graduado en Belas Artes pola Universitat de Barcelona (2024), Edu Gil Alsina realizou exposici\u00f3ns individuais en Espai 19 (Barcelona, 2025) e Proyecto REME (Barcelona, 2025), e participou en colectivas en Halfhouse, Piramid\u00f3n e Sala d\u2019Art Jove, ademais do festival Art Nou. Nos \u00faltimos anos formou parte de programas de residencia como o Centro de Arte Piramid\u00f3n (Barcelona, 2024) e as Residencias Art\u00edsticas Celestino Cuevas (Reinosa, 2025), onde o seu proxecto foi reco\u00f1ecido co premio \u00e1 mellor obra do per\u00edodo. As\u00ed mesmo, recibiu diversas bolsas e axudas \u00e1 creaci\u00f3n, entre elas Art Jove Creaci\u00f3, a Borsa de viaxe da Fundaci\u00f3 Ramon Amig\u00f3 Cuy\u00e0s e os Ajuts a la Creaci\u00f3 da Fundaci\u00f3 Fel\u00edcia Fuster.<\/p>\n\n\n\n<p>Con&nbsp;<em><strong>El mico blau<\/strong><\/em><strong>,&nbsp;<\/strong><strong>N\u00c9BOA&nbsp;<\/strong>contin\u00faa a s\u00faa li\u00f1a de apoio a pr\u00e1cticas art\u00edsticas emerxentes que exploran a pintura como territorio expandido, insistindo na s\u00faa capacidade para xerar pensamento, abrir preguntas e activar novas formas de mirar<\/p>\n\n\n\n<p><\/p>\n\n\n\n<p id=\"m_-1282529796896312759isPasted\"><em><strong>El mico blau<\/strong><\/em><\/p>\n\n\n\n<p>Se puidese estender a mi\u00f1a man e estirarme e estirarme, el\u00e1stico, cun brazo longo cara a ti, ser\u00eda algo parecido a el. Como ver o lanzamento dun proxectil dilatado no tempo, unha frecha que se dispara mentres chega coa punta dos dedos. E tam\u00e9n o ser\u00eda estar no principio e no final e no medio, este, ese e aquel, todo todo o tempo. As\u00ed \u00e9 o mono azul, que por iso se fai tan estra\u00f1o. \u00c9 demostrativo e no seu centro, en parte, coloco o feito de que \u00e9 estra\u00f1o, marciano, coa s\u00faa propia lei da gravidade. Auto xustif\u00edcase pola s\u00faa condici\u00f3n e causa. Simplemente existe grazas a ela, que o pintou, e ent\u00f3n eu rep\u00edtoo.<\/p>\n\n\n\n<p>A peza chamada Isabel, que organiza este encontro doutras pezas, \u00e9 unha homenaxe a un traballo en particular (Mozo con di\u00e1bolo, 2003\u20132005) e ao conxunto da obra da pintora Isabel Baquedano (1929\u20132018). \u00c9 un cadro que \u00e9 unha ponte. Unha pasarela. Pode que facer isto as\u00ed sexa colocar un xesto de agradecemento nunha especie de c\u00e1mara de eco. Amplificar unha mensaxe, dicila outra vez e durante m\u00e1is tempo e con m\u00e1is importancia. Ese xesto \u00e9 o primeiro, e o resto s\u00e9gueno como unha cola; col\u00f3canse ao seu redor con naturalidade, fac\u00e9ndolle compa\u00f1\u00eda na sala.<\/p>\n\n\n\n<p class=\"has-text-align-right\"><strong>Edu Gil Alsina<\/strong><\/p>\n\n\n\n<p><\/p>\n\n\n\n<figure class=\"wp-block-image size-full\"><a href=\"http:\/\/culturaliagz.com\/wp-content\/uploads\/2026\/03\/3qn1TGlKiwWR-scaled.jpg\" target=\"_blank\" rel=\" noreferrer noopener\"><img loading=\"lazy\" decoding=\"async\" width=\"2560\" height=\"728\" src=\"http:\/\/culturaliagz.com\/wp-content\/uploads\/2026\/03\/3qn1TGlKiwWR-scaled.jpg\" alt=\"\" class=\"wp-image-20573\" srcset=\"http:\/\/culturaliagz.com\/wp-content\/uploads\/2026\/03\/3qn1TGlKiwWR-scaled.jpg 2560w, http:\/\/culturaliagz.com\/wp-content\/uploads\/2026\/03\/3qn1TGlKiwWR-1280x364.jpg 1280w, http:\/\/culturaliagz.com\/wp-content\/uploads\/2026\/03\/3qn1TGlKiwWR-980x279.jpg 980w, http:\/\/culturaliagz.com\/wp-content\/uploads\/2026\/03\/3qn1TGlKiwWR-480x137.jpg 480w\" sizes=\"auto, (min-width: 0px) and (max-width: 480px) 480px, (min-width: 481px) and (max-width: 980px) 980px, (min-width: 981px) and (max-width: 1280px) 1280px, (min-width: 1281px) 2560px, 100vw\" \/><\/a><\/figure>\n\n\n\n<p><\/p>\n\n\n\n<p><\/p>\n\n\n\n<p id=\"m_-1282529796896312759isPasted\"><strong>Edu Gil Alsina (Barcelona, 2002)&nbsp;<\/strong>desenvolve a s\u00faa pr\u00e1ctica pict\u00f3rica entre a observaci\u00f3n do contorno e a exploraci\u00f3n das potencialidades da imaxe. O seu traballo investiga o v\u00ednculo entre desprazamento e mirada, articulando un di\u00e1logo constante entre o formal e o narrativo, entre a pintura e a vida, o que queda dentro e f\u00f3ra do cadro, adentr\u00e1ndose nesta ambivalencia.<\/p>\n\n\n\n<p id=\"m_-1282529796896312759isPasted\">\u00c9 graduado en Belas Artes pola Universitat de Barcelona (2024). Entre as s\u00faas exposici\u00f3ns individuais destacan&nbsp;<em>Pit Roig&nbsp;<\/em>en Espai 19 (Barcelona, 2025) e&nbsp;<em>M\u00e0quina, mirada<\/em>&nbsp;en Proyecto REME (Barcelona, 2025), no marco do festival Artnou. Participou en exposici\u00f3ns colectivas como&nbsp;<em>Entre pr\u00f2pies i estranyes<\/em>&nbsp;en Halfhouse (Barcelona, 2025),&nbsp;<em>2025_N1<\/em>&nbsp;en Piramid\u00f3n (Barcelona, 2025),&nbsp;<em>Plec ple&nbsp;<\/em>en 200Cent (Barcelona, 2025) e&nbsp;<em>Esquin\u00e7ar superf\u00edcies<\/em>&nbsp;en Sala d\u2019Art Jove (Barcelona, 2023).<\/p>\n\n\n\n<p>Nos \u00faltimos anos participou en programas de residencia como o Centro de Arte Piramid\u00f3n (Barcelona, 2024) e as Residencias Art\u00edsticas Celestino Cuevas (Reinosa, 2025), onde o seu proxecto Entre casi nada y casi algo foi reco\u00f1ecido co premio \u00e1 mellor obra do per\u00edodo de residencia. As\u00ed mesmo, recibiu diversas bolsas e apoios \u00e1 creaci\u00f3n, entre eles Art Jove Creaci\u00f3 (2023), a Borsa de viatge da Fundaci\u00f3 Ramon Amig\u00f3 Cuy\u00e0s (2024), coa que realizou unha estancia en Edimburgo, e as Axudas \u00e1 Creaci\u00f3n da Fundaci\u00f3 Fel\u00edcia Fuster (2025). Completou a s\u00faa formaci\u00f3n mediante obradoiros con artistas como David Bestu\u00e9, Sara de Ubieta ou Marc Navarro, e participou no programa Emboscada #12, comisariado por Alberto Peral en EINA (2024). Tam\u00e9n expuxo na feira SWAB xunto a Espai 19 (Barcelona, 2005).<\/p>\n\n\n\n<p>Na s\u00faa pr\u00e1ctica utiliza imaxes existentes para rearticularas desde a pintura, entendendo a imaxe como un elemento potencial, nunca completamente resolto. A trav\u00e9s de operaci\u00f3ns de repetici\u00f3n, fragmentaci\u00f3n e cambio de escala, xera desprazamentos de sentido que activan un espazo de ambig\u00fcidade e atenci\u00f3n. A pintura conc\u00edbese como unha superficie de pensamento e un espazo de manobra co que atende a cuesti\u00f3ns relativas ao feito visual, como a mirada, o desprazamento, a emancipaci\u00f3n ou o propio lenguaje pict\u00f3rico.<\/p>\n\n\n\n<p>O seu traballo prop\u00f3n un percorrido aberto entre imaxe, medio e relato, insistindo na pintura como un territorio de tr\u00e1nsito onde citar ou \u201cvolver a dicir\u201d imaxes non busca fixar o seu sentido pechado, sen\u00f3n revelar a s\u00faa inestabilidade e o seu potencial de transformaci\u00f3n.<\/p>\n","protected":false},"excerpt":{"rendered":"<p>A galer\u00eda N\u00c9BOA presenta&nbsp;El mico blau,&nbsp;a primeira exposici\u00f3n individual en Galicia do artista&nbsp;Edu Gil Alsina (Barcelona, 2002). A mostra inaug\u00farase o&nbsp;xoves 12 de marzo \u00e1s 19:30 h&nbsp;e poder\u00e1 visitarse ata [&hellip;]<\/p>\n","protected":false},"author":1,"featured_media":0,"comment_status":"open","ping_status":"open","sticky":false,"template":"","format":"standard","meta":{"_et_pb_use_builder":"","_et_pb_old_content":"","_et_gb_content_width":"","_jetpack_memberships_contains_paid_content":false,"footnotes":""},"categories":[23,7,6,57,1],"tags":[3721,3720,2169],"class_list":["post-20571","post","type-post","status-publish","format-standard","hentry","category-autoresas","category-creacion","category-novas","category-outras-artes","category-xeral","tag-edu-gil-alsina","tag-el-mico-blau","tag-galeria-neboa"],"jetpack_featured_media_url":"","jetpack_sharing_enabled":true,"_links":{"self":[{"href":"http:\/\/culturaliagz.com\/index.php?rest_route=\/wp\/v2\/posts\/20571","targetHints":{"allow":["GET"]}}],"collection":[{"href":"http:\/\/culturaliagz.com\/index.php?rest_route=\/wp\/v2\/posts"}],"about":[{"href":"http:\/\/culturaliagz.com\/index.php?rest_route=\/wp\/v2\/types\/post"}],"author":[{"embeddable":true,"href":"http:\/\/culturaliagz.com\/index.php?rest_route=\/wp\/v2\/users\/1"}],"replies":[{"embeddable":true,"href":"http:\/\/culturaliagz.com\/index.php?rest_route=%2Fwp%2Fv2%2Fcomments&post=20571"}],"version-history":[{"count":3,"href":"http:\/\/culturaliagz.com\/index.php?rest_route=\/wp\/v2\/posts\/20571\/revisions"}],"predecessor-version":[{"id":20576,"href":"http:\/\/culturaliagz.com\/index.php?rest_route=\/wp\/v2\/posts\/20571\/revisions\/20576"}],"wp:attachment":[{"href":"http:\/\/culturaliagz.com\/index.php?rest_route=%2Fwp%2Fv2%2Fmedia&parent=20571"}],"wp:term":[{"taxonomy":"category","embeddable":true,"href":"http:\/\/culturaliagz.com\/index.php?rest_route=%2Fwp%2Fv2%2Fcategories&post=20571"},{"taxonomy":"post_tag","embeddable":true,"href":"http:\/\/culturaliagz.com\/index.php?rest_route=%2Fwp%2Fv2%2Ftags&post=20571"}],"curies":[{"name":"wp","href":"https:\/\/api.w.org\/{rel}","templated":true}]}}