{"id":20545,"date":"2026-03-02T20:12:18","date_gmt":"2026-03-02T19:12:18","guid":{"rendered":"http:\/\/culturaliagz.com\/?p=20545"},"modified":"2026-03-02T20:12:21","modified_gmt":"2026-03-02T19:12:21","slug":"convocatoria-do-lii-premio-de-poesia-do-concello-de-vilalba","status":"publish","type":"post","link":"http:\/\/culturaliagz.com\/?p=20545","title":{"rendered":"Convocatoria do LII Premio de Poes\u00eda do Concello de Vilalba"},"content":{"rendered":"\n<p><\/p>\n\n\n\n<figure class=\"wp-block-image size-full\"><a href=\"http:\/\/culturaliagz.com\/wp-content\/uploads\/2026\/03\/ib9079g867f-1.png\" target=\"_blank\" rel=\" noreferrer noopener\"><img loading=\"lazy\" decoding=\"async\" width=\"805\" height=\"1149\" src=\"http:\/\/culturaliagz.com\/wp-content\/uploads\/2026\/03\/ib9079g867f-1.png\" alt=\"\" class=\"wp-image-20546\" srcset=\"http:\/\/culturaliagz.com\/wp-content\/uploads\/2026\/03\/ib9079g867f-1.png 805w, http:\/\/culturaliagz.com\/wp-content\/uploads\/2026\/03\/ib9079g867f-1-480x685.png 480w\" sizes=\"auto, (min-width: 0px) and (max-width: 480px) 480px, (min-width: 481px) 805px, 100vw\" \/><\/a><\/figure>\n\n\n\n<p><\/p>\n\n\n\n<p><\/p>\n\n\n\n<p>A \u00e1rea de Cultura do <a href=\"https:\/\/www.vilalba.gal\/\" target=\"_blank\" rel=\"noreferrer noopener\">Concello de Vilalba<\/a> v\u00e9n de convocar o<strong>\u00a0<a href=\"https:\/\/www.vilalba.gal\/novas\/o-concello-publica-as-bases-e-abre-o-prazo-de-inscricion-para-o-52-premio-de-poesia-do-seu-certame-literario\/\" target=\"_blank\" rel=\"noreferrer noopener\">52\u00ba Premio de Poes\u00eda do Certame Literario<\/a><\/strong>\u00a0do concello vilalb\u00e9s.<\/p>\n\n\n\n<p><strong>O galard\u00f3n est\u00e1 dotado con 7.000 euros<\/strong>&nbsp;e a publicaci\u00f3n \u00edntegra da obra ga\u00f1adora, xunto a unha flor natural e un diploma. E o prazo de<strong>&nbsp;inscrici\u00f3ns \u00e9 de tres meses a partir da data de publicaci\u00f3n das bases no Bolet\u00edn Oficial da Provincia de Lugo.<\/strong> (<em>Remate do prazo de presentaci\u00f3n o <strong>21 de maio<\/strong><\/em>)<\/p>\n\n\n\n<p>Poder\u00e1n participar neste concurso todos os autores e autoras que o desexen, sempre que presenten as<strong>&nbsp;obras en lingua galega.<\/strong>&nbsp;Os poemas ser\u00e1n&nbsp;<strong>orixinais e in\u00e9ditos<\/strong>, non premiados noutros concursos en datas anteriores ao fallo do xurado.<\/p>\n\n\n\n<p>O Concello de Vilalba defende o&nbsp;<strong>impulso \u00e1 produci\u00f3n cultural<\/strong>&nbsp;como unha das s\u00faas prioridades, apostando ademais pola creaci\u00f3n po\u00e9tica en lingua galega, un obxectivo que queda reflexado neste concurso que chega a s\u00faa 52 edici\u00f3n.<\/p>\n\n\n\n<p>O seu prestixio est\u00e1 vencellado a nomes tan reco\u00f1ecidos da literatura galega como&nbsp;<strong>Helena Villar Janeiro, Dar\u00edo Xoh\u00e1n Cabana, Xavier Alcal\u00e1 ou Yolanda Casta\u00f1o<\/strong>, que forman parte do elenco de ga\u00f1adores dende a s\u00faa creaci\u00f3n no ano 1975.<\/p>\n\n\n\n<p>Consulta aqu\u00ed as BASES:<\/p>\n\n\n\n<p>(<em>Descargar <a href=\"http:\/\/culturaliagz.com\/wp-content\/uploads\/2026\/03\/Bases-do-Certame-Literrio-de-Poesia-de-Vilalba.pdf\" target=\"_blank\" rel=\"noreferrer noopener\">PDF Bases<\/a><\/em>)<\/p>\n\n\n\n<p><\/p>\n\n\n\n<figure class=\"wp-block-gallery has-nested-images columns-1 is-cropped wp-block-gallery-1 is-layout-flex wp-block-gallery-is-layout-flex\">\n<figure class=\"wp-block-image size-full\"><a href=\"http:\/\/culturaliagz.com\/wp-content\/uploads\/2026\/03\/Bases-do-Certame-Literrio-de-Poesia-de-Vilalba_page-0001.jpg\" target=\"_blank\" rel=\" noreferrer noopener\"><img loading=\"lazy\" decoding=\"async\" width=\"1241\" height=\"1754\" data-id=\"20548\" src=\"http:\/\/culturaliagz.com\/wp-content\/uploads\/2026\/03\/Bases-do-Certame-Literrio-de-Poesia-de-Vilalba_page-0001.jpg\" alt=\"\" class=\"wp-image-20548\" srcset=\"http:\/\/culturaliagz.com\/wp-content\/uploads\/2026\/03\/Bases-do-Certame-Literrio-de-Poesia-de-Vilalba_page-0001.jpg 1241w, http:\/\/culturaliagz.com\/wp-content\/uploads\/2026\/03\/Bases-do-Certame-Literrio-de-Poesia-de-Vilalba_page-0001-980x1385.jpg 980w, http:\/\/culturaliagz.com\/wp-content\/uploads\/2026\/03\/Bases-do-Certame-Literrio-de-Poesia-de-Vilalba_page-0001-480x678.jpg 480w\" sizes=\"auto, (min-width: 0px) and (max-width: 480px) 480px, (min-width: 481px) and (max-width: 980px) 980px, (min-width: 981px) 1241px, 100vw\" \/><\/a><\/figure>\n\n\n\n<figure class=\"wp-block-image size-full\"><a href=\"http:\/\/culturaliagz.com\/wp-content\/uploads\/2026\/03\/Bases-do-Certame-Literrio-de-Poesia-de-Vilalba_page-0002.jpg\" target=\"_blank\" rel=\" noreferrer noopener\"><img loading=\"lazy\" decoding=\"async\" width=\"1241\" height=\"1754\" data-id=\"20550\" src=\"http:\/\/culturaliagz.com\/wp-content\/uploads\/2026\/03\/Bases-do-Certame-Literrio-de-Poesia-de-Vilalba_page-0002.jpg\" alt=\"\" class=\"wp-image-20550\" srcset=\"http:\/\/culturaliagz.com\/wp-content\/uploads\/2026\/03\/Bases-do-Certame-Literrio-de-Poesia-de-Vilalba_page-0002.jpg 1241w, http:\/\/culturaliagz.com\/wp-content\/uploads\/2026\/03\/Bases-do-Certame-Literrio-de-Poesia-de-Vilalba_page-0002-980x1385.jpg 980w, http:\/\/culturaliagz.com\/wp-content\/uploads\/2026\/03\/Bases-do-Certame-Literrio-de-Poesia-de-Vilalba_page-0002-480x678.jpg 480w\" sizes=\"auto, (min-width: 0px) and (max-width: 480px) 480px, (min-width: 481px) and (max-width: 980px) 980px, (min-width: 981px) 1241px, 100vw\" \/><\/a><\/figure>\n\n\n\n<figure class=\"wp-block-image size-full\"><a href=\"http:\/\/culturaliagz.com\/wp-content\/uploads\/2026\/03\/Bases-do-Certame-Literrio-de-Poesia-de-Vilalba_page-0003.jpg\" target=\"_blank\" rel=\" noreferrer noopener\"><img loading=\"lazy\" decoding=\"async\" width=\"1241\" height=\"1754\" data-id=\"20551\" src=\"http:\/\/culturaliagz.com\/wp-content\/uploads\/2026\/03\/Bases-do-Certame-Literrio-de-Poesia-de-Vilalba_page-0003.jpg\" alt=\"\" class=\"wp-image-20551\" srcset=\"http:\/\/culturaliagz.com\/wp-content\/uploads\/2026\/03\/Bases-do-Certame-Literrio-de-Poesia-de-Vilalba_page-0003.jpg 1241w, http:\/\/culturaliagz.com\/wp-content\/uploads\/2026\/03\/Bases-do-Certame-Literrio-de-Poesia-de-Vilalba_page-0003-980x1385.jpg 980w, http:\/\/culturaliagz.com\/wp-content\/uploads\/2026\/03\/Bases-do-Certame-Literrio-de-Poesia-de-Vilalba_page-0003-480x678.jpg 480w\" sizes=\"auto, (min-width: 0px) and (max-width: 480px) 480px, (min-width: 481px) and (max-width: 980px) 980px, (min-width: 981px) 1241px, 100vw\" \/><\/a><\/figure>\n\n\n\n<figure class=\"wp-block-image size-full\"><a href=\"http:\/\/culturaliagz.com\/wp-content\/uploads\/2026\/03\/Bases-do-Certame-Literrio-de-Poesia-de-Vilalba_page-0004.jpg\" target=\"_blank\" rel=\" noreferrer noopener\"><img loading=\"lazy\" decoding=\"async\" width=\"1241\" height=\"1754\" data-id=\"20549\" src=\"http:\/\/culturaliagz.com\/wp-content\/uploads\/2026\/03\/Bases-do-Certame-Literrio-de-Poesia-de-Vilalba_page-0004.jpg\" alt=\"\" class=\"wp-image-20549\" srcset=\"http:\/\/culturaliagz.com\/wp-content\/uploads\/2026\/03\/Bases-do-Certame-Literrio-de-Poesia-de-Vilalba_page-0004.jpg 1241w, http:\/\/culturaliagz.com\/wp-content\/uploads\/2026\/03\/Bases-do-Certame-Literrio-de-Poesia-de-Vilalba_page-0004-980x1385.jpg 980w, http:\/\/culturaliagz.com\/wp-content\/uploads\/2026\/03\/Bases-do-Certame-Literrio-de-Poesia-de-Vilalba_page-0004-480x678.jpg 480w\" sizes=\"auto, (min-width: 0px) and (max-width: 480px) 480px, (min-width: 481px) and (max-width: 980px) 980px, (min-width: 981px) 1241px, 100vw\" \/><\/a><\/figure>\n\n\n\n<figure class=\"wp-block-image size-full\"><a href=\"http:\/\/culturaliagz.com\/wp-content\/uploads\/2026\/03\/Bases-do-Certame-Literrio-de-Poesia-de-Vilalba_page-0005.jpg\" target=\"_blank\" rel=\" noreferrer noopener\"><img loading=\"lazy\" decoding=\"async\" width=\"1241\" height=\"1754\" data-id=\"20547\" src=\"http:\/\/culturaliagz.com\/wp-content\/uploads\/2026\/03\/Bases-do-Certame-Literrio-de-Poesia-de-Vilalba_page-0005.jpg\" alt=\"\" class=\"wp-image-20547\" srcset=\"http:\/\/culturaliagz.com\/wp-content\/uploads\/2026\/03\/Bases-do-Certame-Literrio-de-Poesia-de-Vilalba_page-0005.jpg 1241w, http:\/\/culturaliagz.com\/wp-content\/uploads\/2026\/03\/Bases-do-Certame-Literrio-de-Poesia-de-Vilalba_page-0005-980x1385.jpg 980w, http:\/\/culturaliagz.com\/wp-content\/uploads\/2026\/03\/Bases-do-Certame-Literrio-de-Poesia-de-Vilalba_page-0005-480x678.jpg 480w\" sizes=\"auto, (min-width: 0px) and (max-width: 480px) 480px, (min-width: 481px) and (max-width: 980px) 980px, (min-width: 981px) 1241px, 100vw\" \/><\/a><\/figure>\n<\/figure>\n\n\n\n<p><\/p>\n\n\n\n<p><\/p>\n\n\n\n<p><em>*Informaci\u00f3n extra\u00edda da web do Concello de Vilalba<\/em><\/p>\n\n\n\n<p><\/p>\n","protected":false},"excerpt":{"rendered":"<p>A \u00e1rea de Cultura do Concello de Vilalba v\u00e9n de convocar o\u00a052\u00ba Premio de Poes\u00eda do Certame Literario\u00a0do concello vilalb\u00e9s. O galard\u00f3n est\u00e1 dotado con 7.000 euros&nbsp;e a publicaci\u00f3n \u00edntegra [&hellip;]<\/p>\n","protected":false},"author":1,"featured_media":0,"comment_status":"open","ping_status":"open","sticky":false,"template":"","format":"standard","meta":{"_et_pb_use_builder":"","_et_pb_old_content":"","_et_gb_content_width":"","_jetpack_memberships_contains_paid_content":false,"footnotes":""},"categories":[23,7,129,6,1],"tags":[3718,30],"class_list":["post-20545","post","type-post","status-publish","format-standard","hentry","category-autoresas","category-creacion","category-literaria","category-novas","category-xeral","tag-52o-premio-de-poesia-do-concello-de-vilalba","tag-concello-de-vilalba"],"jetpack_featured_media_url":"","jetpack_sharing_enabled":true,"_links":{"self":[{"href":"http:\/\/culturaliagz.com\/index.php?rest_route=\/wp\/v2\/posts\/20545","targetHints":{"allow":["GET"]}}],"collection":[{"href":"http:\/\/culturaliagz.com\/index.php?rest_route=\/wp\/v2\/posts"}],"about":[{"href":"http:\/\/culturaliagz.com\/index.php?rest_route=\/wp\/v2\/types\/post"}],"author":[{"embeddable":true,"href":"http:\/\/culturaliagz.com\/index.php?rest_route=\/wp\/v2\/users\/1"}],"replies":[{"embeddable":true,"href":"http:\/\/culturaliagz.com\/index.php?rest_route=%2Fwp%2Fv2%2Fcomments&post=20545"}],"version-history":[{"count":2,"href":"http:\/\/culturaliagz.com\/index.php?rest_route=\/wp\/v2\/posts\/20545\/revisions"}],"predecessor-version":[{"id":20554,"href":"http:\/\/culturaliagz.com\/index.php?rest_route=\/wp\/v2\/posts\/20545\/revisions\/20554"}],"wp:attachment":[{"href":"http:\/\/culturaliagz.com\/index.php?rest_route=%2Fwp%2Fv2%2Fmedia&parent=20545"}],"wp:term":[{"taxonomy":"category","embeddable":true,"href":"http:\/\/culturaliagz.com\/index.php?rest_route=%2Fwp%2Fv2%2Fcategories&post=20545"},{"taxonomy":"post_tag","embeddable":true,"href":"http:\/\/culturaliagz.com\/index.php?rest_route=%2Fwp%2Fv2%2Ftags&post=20545"}],"curies":[{"name":"wp","href":"https:\/\/api.w.org\/{rel}","templated":true}]}}