{"id":20454,"date":"2026-01-30T23:44:01","date_gmt":"2026-01-30T22:44:01","guid":{"rendered":"http:\/\/culturaliagz.com\/?p=20454"},"modified":"2026-01-30T23:44:05","modified_gmt":"2026-01-30T22:44:05","slug":"o-fiot-repite-un-ano-mais-entre-os-mellores-proxectos-culturais-de-galicia-no-observatorio-da-cultura-de-2025","status":"publish","type":"post","link":"http:\/\/culturaliagz.com\/?p=20454","title":{"rendered":"O FIOT repite un ano m\u00e1is entre os mellores proxectos culturais de Galicia no Observatorio da Cultura de 2025"},"content":{"rendered":"\n<p><\/p>\n\n\n\n<figure class=\"wp-block-image size-full\"><a href=\"http:\/\/culturaliagz.com\/wp-content\/uploads\/2026\/01\/FIOT-34-GRACIAS-2-\u00a9-Vanessa-Rabade.jpg\" target=\"_blank\" rel=\" noreferrer noopener\"><img loading=\"lazy\" decoding=\"async\" width=\"2000\" height=\"1333\" src=\"http:\/\/culturaliagz.com\/wp-content\/uploads\/2026\/01\/FIOT-34-GRACIAS-2-\u00a9-Vanessa-Rabade.jpg\" alt=\"\" class=\"wp-image-20456\" srcset=\"http:\/\/culturaliagz.com\/wp-content\/uploads\/2026\/01\/FIOT-34-GRACIAS-2-\u00a9-Vanessa-Rabade.jpg 2000w, http:\/\/culturaliagz.com\/wp-content\/uploads\/2026\/01\/FIOT-34-GRACIAS-2-\u00a9-Vanessa-Rabade-300x200.jpg 300w, http:\/\/culturaliagz.com\/wp-content\/uploads\/2026\/01\/FIOT-34-GRACIAS-2-\u00a9-Vanessa-Rabade-1024x682.jpg 1024w, http:\/\/culturaliagz.com\/wp-content\/uploads\/2026\/01\/FIOT-34-GRACIAS-2-\u00a9-Vanessa-Rabade-768x512.jpg 768w, http:\/\/culturaliagz.com\/wp-content\/uploads\/2026\/01\/FIOT-34-GRACIAS-2-\u00a9-Vanessa-Rabade-1536x1024.jpg 1536w, http:\/\/culturaliagz.com\/wp-content\/uploads\/2026\/01\/FIOT-34-GRACIAS-2-\u00a9-Vanessa-Rabade-1080x720.jpg 1080w, http:\/\/culturaliagz.com\/wp-content\/uploads\/2026\/01\/FIOT-34-GRACIAS-2-\u00a9-Vanessa-Rabade-1280x853.jpg 1280w, http:\/\/culturaliagz.com\/wp-content\/uploads\/2026\/01\/FIOT-34-GRACIAS-2-\u00a9-Vanessa-Rabade-980x653.jpg 980w, http:\/\/culturaliagz.com\/wp-content\/uploads\/2026\/01\/FIOT-34-GRACIAS-2-\u00a9-Vanessa-Rabade-480x320.jpg 480w\" sizes=\"auto, (max-width: 2000px) 100vw, 2000px\" \/><\/a><\/figure>\n\n\n\n<p><\/p>\n\n\n\n<p><\/p>\n\n\n\n<p class=\"has-text-align-center\"><strong>O FIOT sobe ata a 3\u00aa posici\u00f3n \u2013xunto ao Festival Sinsal, o Centro Dram\u00e1tico Galego&nbsp;<\/strong><strong><\/strong><\/p>\n\n\n\n<p class=\"has-text-align-center\"><strong>e a Bienal de Pontevedra\u2013 na listaxe de mellores iniciativas culturais galegas&nbsp;<\/strong><\/p>\n\n\n\n<p class=\"has-text-align-center\"><strong>que anualmente elabora a prestixiosa Fundaci\u00f3n Contempor\u00e1nea<\/strong><\/p>\n\n\n\n<p><\/p>\n\n\n\n<p class=\"has-text-align-center\"><strong>Deste xeito, o encontro carball\u00e9s sit\u00faase de novo como o festival&nbsp;<\/strong><\/p>\n\n\n\n<p class=\"has-text-align-center\"><strong>de artes esc\u00e9nicas m\u00e1is valorado da comunidade galega en 2025<\/strong><strong><\/strong><\/p>\n\n\n\n<p><\/p>\n\n\n\n<p class=\"has-text-align-center\"><strong>En 2022, o FIOT foi reco\u00f1ecido neste informe como o mellor&nbsp;<\/strong><\/p>\n\n\n\n<p class=\"has-text-align-center\"><strong>da cultura galega e, polo tanto, Insignia Cultural de Galicia<\/strong><\/p>\n\n\n\n<p><\/p>\n\n\n\n<p><\/p>\n\n\n\n<p>O Festival Internacional Outono de Teatro de Carballo (FIOT) foi distinguido una ano m\u00e1is polo prestixioso \u2018Observatorio de la Cultura\u2019 da Fundaci\u00f3n Contempor\u00e1nea como o terceiro mellor proxecto cultural galego de 2025, posto que comparte co Festival Sinsal, o Centro Dram\u00e1tico Galego polo espect\u00e1culo\u00a0<em>A serie clopen<\/em>\u00a0e a Bienal de Pontevedra. Deste xeito, o encontro carball\u00e9s sit\u00faase como o festival de artes esc\u00e9nicas m\u00e1is valorado da comunidade galega en 2025.<\/p>\n\n\n\n<p>O \u2018Observatorio de la Cultura\u2019 elabora, desde fai m\u00e1is dunha d\u00e9cada, unha serie de clasificaci\u00f3ns e indicadores relativos \u00e1 actividade cultural das diferentes comunidades aut\u00f3nomas, seleccionando e po\u00f1endo en valor as instituci\u00f3ns e os acontecementos culturais m\u00e1is destacados do ano. En 2022, o FIOT foi reco\u00f1ecido neste mesmo Observatorio da Cultura como o mellor da cultura galega e, polo tanto, Insignia Cultural de Galicia, mentres que en 2024 acadou a cuarta posici\u00f3n.<\/p>\n\n\n\n<p><strong>O MELLOR DA CULTURA 2025<\/strong><\/p>\n\n\n\n<p>A Fundaci\u00f3n Contempor\u00e1nea presentou no Palacio de Festivales de Cantabria o informe \u2018Lo Mejor de la Cultura 2025\u2019, elaborado co apoio de CREA SGR. Desde 2009, o informe ofrece unha radiograf\u00eda anual do estado da cultura en Espa\u00f1a, e por comunidades, e re\u00fane m\u00e1is de 500 propostas culturais \u2014museos, centros de arte, teatros, festivais, feiras, bibliotecas, proxectos dixitais e rurais\u2014. En 2025, o estudo foi elaborado a partir da valoraci\u00f3n de 443 profesionais do sector e mant\u00e9n a Galicia como a sexta comunidade pola calidade e innovaci\u00f3n da s\u00faa oferta, e superando por primeira vez o 20% dos votos.<\/p>\n\n\n\n<p>O informe completo \u2018Lo mejor de la cultura 2025\u2019 p\u00f3dese descargar aqu\u00ed:<\/p>\n\n\n\n<p><a href=\"https:\/\/lomejordelacultura.com\/wp-content\/uploads\/2026\/01\/Lo-mejor-de-la-cultura-2025.pdf\" target=\"_blank\" rel=\"noreferrer noopener\">https:\/\/lomejordelacultura.com\/wp-content\/uploads\/2026\/01\/Lo-mejor-de-la-cultura-2025.pdf<\/a><\/p>\n\n\n\n<p><\/p>\n\n\n\n<figure class=\"wp-block-image size-large\"><a href=\"http:\/\/culturaliagz.com\/wp-content\/uploads\/2026\/01\/FIOT-34-17-107256\u00a9-Vanessa-Rabade_.jpg\" target=\"_blank\" rel=\" noreferrer noopener\"><img loading=\"lazy\" decoding=\"async\" width=\"1024\" height=\"682\" src=\"http:\/\/culturaliagz.com\/wp-content\/uploads\/2026\/01\/FIOT-34-17-107256\u00a9-Vanessa-Rabade_-1024x682.jpg\" alt=\"\" class=\"wp-image-20455\" srcset=\"http:\/\/culturaliagz.com\/wp-content\/uploads\/2026\/01\/FIOT-34-17-107256\u00a9-Vanessa-Rabade_-1024x682.jpg 1024w, http:\/\/culturaliagz.com\/wp-content\/uploads\/2026\/01\/FIOT-34-17-107256\u00a9-Vanessa-Rabade_-300x200.jpg 300w, http:\/\/culturaliagz.com\/wp-content\/uploads\/2026\/01\/FIOT-34-17-107256\u00a9-Vanessa-Rabade_-768x512.jpg 768w, http:\/\/culturaliagz.com\/wp-content\/uploads\/2026\/01\/FIOT-34-17-107256\u00a9-Vanessa-Rabade_-1536x1024.jpg 1536w, http:\/\/culturaliagz.com\/wp-content\/uploads\/2026\/01\/FIOT-34-17-107256\u00a9-Vanessa-Rabade_-1080x720.jpg 1080w, http:\/\/culturaliagz.com\/wp-content\/uploads\/2026\/01\/FIOT-34-17-107256\u00a9-Vanessa-Rabade_-1280x853.jpg 1280w, http:\/\/culturaliagz.com\/wp-content\/uploads\/2026\/01\/FIOT-34-17-107256\u00a9-Vanessa-Rabade_-980x653.jpg 980w, http:\/\/culturaliagz.com\/wp-content\/uploads\/2026\/01\/FIOT-34-17-107256\u00a9-Vanessa-Rabade_-480x320.jpg 480w, http:\/\/culturaliagz.com\/wp-content\/uploads\/2026\/01\/FIOT-34-17-107256\u00a9-Vanessa-Rabade_.jpg 2000w\" sizes=\"auto, (max-width: 1024px) 100vw, 1024px\" \/><\/a><\/figure>\n\n\n\n<p><\/p>\n\n\n\n<p><\/p>\n\n\n\n<p><strong>A 34\u00aa, UNHA DAS EDICI\u00d3NS M\u00c1IS PARTICIPATIVAS DO FIOT<\/strong><\/p>\n\n\n\n<p>O Festival Internacional Outono de Teatro de Carballo, o FIOT, celebrou a s\u00faa 34\u00aa edici\u00f3n cun dos mellores balances da s\u00faa historia, tanto en asistencia de p\u00fablico como en valoraci\u00f3n art\u00edstica e social. O evento, avalado nos \u00faltimos anos como un dos grandes referentes das artes esc\u00e9nicas de Galicia e de Espa\u00f1a, contou cunha participaci\u00f3n de preto de 15.000 persoas entre espect\u00e1culos e actividades paralelas, con m\u00e1is de 7.000 espectadores nas s\u00faas representaci\u00f3ns teatrais. A acollida foi masiva en toda a programaci\u00f3n, con m\u00e1is do 90% de ocupaci\u00f3n media nos espect\u00e1culos con aforo e venda \u00edntegra de bonos. Cabe destacar o fito do 100% de ocupaci\u00f3n do Programa de Sala acadado por primeira vez na historia do FIOT.<\/p>\n\n\n\n<p><strong>ESTREA DE \u2018TERRITORIO REGUEIFA\u2019<\/strong><\/p>\n\n\n\n<p>O vindeiro 6 de febreiro, no Pazo da Cultura, ter\u00e1 lugar estrea absoluta do espect\u00e1culo \u2018Territorio Regueifa\u2019, que tivera que ser cancelada o pasado mes de outubro, durante o desenvolvemento do FIOT, por unha baixa m\u00e9dica dun dos int\u00e9rpretes. A peza \u00e9 unha coproduci\u00f3n do FIOT xunto a Ain\u00e9 Produci\u00f3ns e o Centro Dram\u00e1tico Galego, dirixida por Jos\u00e9 L. Prieto e protagonizada por Manolo Maseda, Lupe Blanco e Josinho da Teixeira. As entradas para a funci\u00f3n est\u00e1n \u00e1 venda en Ataquilla:&nbsp;<a href=\"https:\/\/email.ionos.es\/appsuite\/#\" class=\"\" rel=\"noreferrer noopener\" target=\"_blank\">https:\/\/i.gal\/entradas-territorioregueifa-fiot<\/a><\/p>\n\n\n\n<p><strong>M\u00c1IS DE TRES D\u00c9CADAS CREADO TEATRO DESDE CARBALLO: O FIOT<\/strong><strong><\/strong><\/p>\n\n\n\n<p>O Festival Internacional Outono de Teatro (FIOT) \u00e9 un festival que ofrece un programa comprometido coas artes esc\u00e9nicas e cos proxectos m\u00e1is prestixiosos do teatro actual. Est\u00e1 organizado pola Asociaci\u00f3n Cultural Tel\u00f3n e Aparte e conta coa colaboraci\u00f3n do Concello de Carballo. Pola s\u00faa traxectoria, a calidade da programaci\u00f3n, a variedade das propostas de intermediaci\u00f3n cultural que ofrece e pola s\u00faa proxecci\u00f3n, o FIOT sit\u00faase como un dos festivais m\u00e1is importantes de Galicia e referente cultural durante o outono: un mes completo de programaci\u00f3n, con preto de 40 espect\u00e1culos e ducias de actividades paralelas, converten a Carballo na capital das artes esc\u00e9nicas da comunidade galega.<\/p>\n\n\n\n<p>Desde hai 34 anos, o FIOT d\u00e1 a co\u00f1ecer en Carballo o traballo de compa\u00f1\u00edas de referencia e de creadoras emerxentes. Mais, especialmente, busca atraer novos p\u00fablicos ao teatro. O festival nace en 1992 como espazo para ofrecer unha programaci\u00f3n de teatro de calidade na comarca de Berganti\u00f1os e impulsar unha estrutura creativa arredor das artes esc\u00e9nicas na zona. Desde ent\u00f3n, FIOT \u00e9 o lugar de encontro entre artistas, compa\u00f1\u00edas e programadoras, e aposta por estimular a creaci\u00f3n e o traballo en rede tanto a trav\u00e9s da oferta de espazos para residencias art\u00edsticas como da implicaci\u00f3n, do propio festival, na produci\u00f3n e novos espect\u00e1culos, fundamentalmente de compa\u00f1\u00edas galegas.<\/p>\n\n\n\n<p>Nas s\u00faas pasadas 33 edici\u00f3ns, FIOT contou coa participaci\u00f3n das compa\u00f1\u00edas m\u00e1is relevantes de Galicia e Espa\u00f1a, ademais do \u00e1mbito internacional, outorgando as\u00ed espazo a numerosas disciplinas, novas linguaxes, x\u00e9neros e formatos; ademais de ofrecer estreas absolutas ou no territorio galego. Desde xeito, m\u00e1is de 350 formaci\u00f3ns e artistas presentaron os seus traballos no FIOT, con nomes tan salientables no marco do panorama esc\u00e9nico galego, nacional e internacional coma Blanca Portillo, Pablo Messiez, Rafael \u00c1lvarez \u2018El Brujo\u2019, Yllana, Ron Lal\u00e1, Pont Flotant, Titzina, Kamikaze Producciones, Compa\u00f1\u00eda do Chapit\u00f4, Leo Bassi, Grupo Ch\u00e9vere, Timbre 4, Mofa e Befa, Xos\u00e9 A. Touri\u00f1\u00e1n, Quico Cadaval\u2026<\/p>\n\n\n\n<p>Ao longo da s\u00faa traxectoria, diversos reco\u00f1ecementos acreditaron o intenso traballo do FIOT para achegar as artes esc\u00e9nicas do s\u00e9culo XXI \u00e1 cidadan\u00eda e reco\u00f1eceron o festival como unha das iniciativas teatrais do noroeste peninsular m\u00e1is relevantes na actualidade. Entre outras distinci\u00f3ns c\u00edtanse, ademais da \u2018Insignia Cultural\u2019 do \u2018Observatorio de la Cultura\u2019 da Fundaci\u00f3n Contempor\u00e1nea como mellor proxecto cultural de Galicia en 2022, o Premio da Cultura Galega 2018 no \u00e1mbito das artes esc\u00e9nicas outorgado pola Xunta de Galicia ou o Premio Galego do Ano 2018, entre outros.<\/p>\n\n\n\n<p><\/p>\n\n\n\n<p><\/p>\n\n\n<a href=\"http:\/\/culturaliagz.com\/wp-content\/uploads\/2026\/01\/2026.01.30.NP-FIOT-Observatorio-de-la-Cultura.pdf\" class=\"pdfemb-viewer\" style=\"\" data-width=\"max\" data-height=\"max\" data-toolbar=\"bottom\" data-toolbar-fixed=\"off\">2026.01.30.NP-FIOT-Observatorio-de-la-Cultura<\/a>","protected":false},"excerpt":{"rendered":"<p>O FIOT sobe ata a 3\u00aa posici\u00f3n \u2013xunto ao Festival Sinsal, o Centro Dram\u00e1tico Galego&nbsp; e a Bienal de Pontevedra\u2013 na listaxe de mellores iniciativas culturais galegas&nbsp; que anualmente elabora [&hellip;]<\/p>\n","protected":false},"author":1,"featured_media":0,"comment_status":"open","ping_status":"open","sticky":false,"template":"","format":"standard","meta":{"_et_pb_use_builder":"","_et_pb_old_content":"","_et_gb_content_width":"","_jetpack_memberships_contains_paid_content":false,"footnotes":""},"categories":[23,7,6,57,1],"tags":[2444,3300,3678],"class_list":["post-20454","post","type-post","status-publish","format-standard","hentry","category-autoresas","category-creacion","category-novas","category-outras-artes","category-xeral","tag-fiot","tag-fiot-2025","tag-observatorio-da-cultura-2025"],"jetpack_featured_media_url":"","jetpack_sharing_enabled":true,"_links":{"self":[{"href":"http:\/\/culturaliagz.com\/index.php?rest_route=\/wp\/v2\/posts\/20454","targetHints":{"allow":["GET"]}}],"collection":[{"href":"http:\/\/culturaliagz.com\/index.php?rest_route=\/wp\/v2\/posts"}],"about":[{"href":"http:\/\/culturaliagz.com\/index.php?rest_route=\/wp\/v2\/types\/post"}],"author":[{"embeddable":true,"href":"http:\/\/culturaliagz.com\/index.php?rest_route=\/wp\/v2\/users\/1"}],"replies":[{"embeddable":true,"href":"http:\/\/culturaliagz.com\/index.php?rest_route=%2Fwp%2Fv2%2Fcomments&post=20454"}],"version-history":[{"count":1,"href":"http:\/\/culturaliagz.com\/index.php?rest_route=\/wp\/v2\/posts\/20454\/revisions"}],"predecessor-version":[{"id":20458,"href":"http:\/\/culturaliagz.com\/index.php?rest_route=\/wp\/v2\/posts\/20454\/revisions\/20458"}],"wp:attachment":[{"href":"http:\/\/culturaliagz.com\/index.php?rest_route=%2Fwp%2Fv2%2Fmedia&parent=20454"}],"wp:term":[{"taxonomy":"category","embeddable":true,"href":"http:\/\/culturaliagz.com\/index.php?rest_route=%2Fwp%2Fv2%2Fcategories&post=20454"},{"taxonomy":"post_tag","embeddable":true,"href":"http:\/\/culturaliagz.com\/index.php?rest_route=%2Fwp%2Fv2%2Ftags&post=20454"}],"curies":[{"name":"wp","href":"https:\/\/api.w.org\/{rel}","templated":true}]}}