{"id":20431,"date":"2026-01-30T22:45:00","date_gmt":"2026-01-30T21:45:00","guid":{"rendered":"http:\/\/culturaliagz.com\/?p=20431"},"modified":"2026-01-30T22:45:05","modified_gmt":"2026-01-30T21:45:05","slug":"fillas-de-cassandra-publica-sair-a-fresca-primeiro-avance-do-novo-album-tertulia","status":"publish","type":"post","link":"http:\/\/culturaliagz.com\/?p=20431","title":{"rendered":"Fillas de Cassandra publica &#8216;sa\u00edr \u00e1 fresca&#8217;, primeiro avance do novo \u00e1lbum TERT\u00daLIA"},"content":{"rendered":"\n<p><\/p>\n\n\n\n<figure class=\"wp-block-image size-full\"><a href=\"http:\/\/culturaliagz.com\/wp-content\/uploads\/2026\/01\/Videoclip-sair-a-fresca-FillasDeCassandra_CrisIglesias_MireiaOriol.jpeg\" target=\"_blank\" rel=\" noreferrer noopener\"><img loading=\"lazy\" decoding=\"async\" width=\"2000\" height=\"1336\" src=\"http:\/\/culturaliagz.com\/wp-content\/uploads\/2026\/01\/Videoclip-sair-a-fresca-FillasDeCassandra_CrisIglesias_MireiaOriol.jpeg\" alt=\"\" class=\"wp-image-20432\" srcset=\"http:\/\/culturaliagz.com\/wp-content\/uploads\/2026\/01\/Videoclip-sair-a-fresca-FillasDeCassandra_CrisIglesias_MireiaOriol.jpeg 2000w, http:\/\/culturaliagz.com\/wp-content\/uploads\/2026\/01\/Videoclip-sair-a-fresca-FillasDeCassandra_CrisIglesias_MireiaOriol-1280x855.jpeg 1280w, http:\/\/culturaliagz.com\/wp-content\/uploads\/2026\/01\/Videoclip-sair-a-fresca-FillasDeCassandra_CrisIglesias_MireiaOriol-980x655.jpeg 980w, http:\/\/culturaliagz.com\/wp-content\/uploads\/2026\/01\/Videoclip-sair-a-fresca-FillasDeCassandra_CrisIglesias_MireiaOriol-480x321.jpeg 480w\" sizes=\"auto, (min-width: 0px) and (max-width: 480px) 480px, (min-width: 481px) and (max-width: 980px) 980px, (min-width: 981px) and (max-width: 1280px) 1280px, (min-width: 1281px) 2000px, 100vw\" \/><\/a><figcaption class=\"wp-element-caption\">Screenshot<\/figcaption><\/figure>\n\n\n\n<p><\/p>\n\n\n\n<p><\/p>\n\n\n\n<p class=\"has-medium-font-size\"><strong>\u2018sa\u00edr \u00e1 fresca\u2019, o primeiro avance do novo \u00e1lbum de Fillas de Cassandra, xa est\u00e1 dispo\u00f1ible nas plataformas<\/strong><\/p>\n\n\n\n<ul class=\"wp-block-list\">\n<li><strong>Sara Faro e Mar\u00eda SOA lanzan a carta de presentaci\u00f3n de \u2018Tert\u00falia\u2019 cun videoclip rodado en Vigo e que conta coa participaci\u00f3n de Mireia Oriol, Cristina Iglesias e Antonio Dur\u00e1n \u2018Morris\u2019<\/strong><\/li>\n<\/ul>\n\n\n\n<ul class=\"wp-block-list\">\n<li><strong>Con \u2018Tert\u00falia\u2019, que ver\u00e1 a luz en abril, o d\u00fao expande a s\u00faa linguaxe creativa e prop\u00f3n un disco rabiosamente contempor\u00e1neo<\/strong><\/li>\n<\/ul>\n\n\n\n<p><\/p>\n\n\n\n<p><\/p>\n\n\n\n<p>Fillas de Cassandra lanza o sinxelo \u2018sa\u00edr \u00e1 fresca\u2019 e abre as portas da casa para airear, sen pudor e con decisi\u00f3n, as m\u00faltiples formas que adoptar\u00e1 o seu novo \u00e1lbum, \u2018Tert\u00falia\u2019. O tema, que xa se pode escoitar nas principais plataformas dixitais, conta cun videoclip rodado na s\u00faa cidade e no que participan, entre outras persoas, as int\u00e9rpretes Mireia Oriol, Cris Iglesias e Antonio Dur\u00e1n \u2018Morris\u2019.\u00a0<\/p>\n\n\n\n<p>\u2018sa\u00edr \u00e1 fresca\u2019 \u00e9 a carta de presentaci\u00f3n do \u00e1lbum que ver\u00e1 a luz no mes de abril e que producen \u00c7antamarta e as propias Mar\u00eda SOA e Sara Faro.&nbsp; Este primeiro avance, un convite aberto a participar da \u2018Tert\u00falia\u2019 (\u201c<em>ve\u00f1a vente que hai tert\u00falia \/ non hai pr\u00e9sa pero apura\u201d<\/em>), debuxa, con claridade, o universo do novo disco de Fillas de Cassandra, tanto a nivel musical -cunha importante expansi\u00f3n da s\u00faa linguaxe creativa e na que as bases electr\u00f3nicas tornan en protagonistas absolutas, acompa\u00f1adas dunha instrumentaci\u00f3n org\u00e1nica- coma conceptual: tr\u00e1tase dunha proposta rabiosamente contempor\u00e1nea e feminista no discurso e na pr\u00e1ctica.<br><br>\u2018Tert\u00falia\u2019 nace como unha praza aberta, un lugar de reuni\u00f3n, de conflito e de celebraci\u00f3n. Un punto de encontro no que confl\u00faen ritmos h\u00edbridos, x\u00e9neros e voces diversas. Neste exercicio de \u2018Tert\u00falia\u2019 que propo\u00f1en Sara Faro e Mar\u00eda SOA; as voces e o di\u00e1logo conf\u00fandense, ap\u00faranse, cr\u00fazanse, comp\u00e1rtense. As voces berradas e cantadas toman a palabra e forman comunidade nas pistas coa po\u00e9tica, coa m\u00fasica e coas harmon\u00edas corais, f\u00f3rmula que identifica a Fillas de Cassandra.<br><br>Este \u2018sa\u00edr \u00e1 fresca\u2019, que se pode escoitar desde hoxe, \u00e9 un avance de todo o que vir\u00e1, como as primeiras referencias art\u00edsticas (Maruja Mallo, Tamara de Lempicka, Gloria Fuertes e moitas m\u00e1is) que infl\u00faen nesta obra. Unha proposta contempor\u00e1nea, reflexiva, ambiciosa e vangardista, que acredita a Fillas de Cassandra como a proposta m\u00e1is destacada da nova escena galega.&nbsp;<\/p>\n\n\n\n<p><\/p>\n\n\n\n<p><\/p>\n\n\n\n<figure class=\"wp-block-image size-full\"><a href=\"http:\/\/culturaliagz.com\/wp-content\/uploads\/2026\/01\/Fillas-de-Cassandra-Tertulia-1-\u00a9-Arancha-Brandon-1.jpeg\" target=\"_blank\" rel=\" noreferrer noopener\"><img loading=\"lazy\" decoding=\"async\" width=\"1800\" height=\"2250\" src=\"http:\/\/culturaliagz.com\/wp-content\/uploads\/2026\/01\/Fillas-de-Cassandra-Tertulia-1-\u00a9-Arancha-Brandon-1.jpeg\" alt=\"\" class=\"wp-image-20433\" srcset=\"http:\/\/culturaliagz.com\/wp-content\/uploads\/2026\/01\/Fillas-de-Cassandra-Tertulia-1-\u00a9-Arancha-Brandon-1.jpeg 1800w, http:\/\/culturaliagz.com\/wp-content\/uploads\/2026\/01\/Fillas-de-Cassandra-Tertulia-1-\u00a9-Arancha-Brandon-1-240x300.jpeg 240w, http:\/\/culturaliagz.com\/wp-content\/uploads\/2026\/01\/Fillas-de-Cassandra-Tertulia-1-\u00a9-Arancha-Brandon-1-819x1024.jpeg 819w, http:\/\/culturaliagz.com\/wp-content\/uploads\/2026\/01\/Fillas-de-Cassandra-Tertulia-1-\u00a9-Arancha-Brandon-1-768x960.jpeg 768w, http:\/\/culturaliagz.com\/wp-content\/uploads\/2026\/01\/Fillas-de-Cassandra-Tertulia-1-\u00a9-Arancha-Brandon-1-1229x1536.jpeg 1229w, http:\/\/culturaliagz.com\/wp-content\/uploads\/2026\/01\/Fillas-de-Cassandra-Tertulia-1-\u00a9-Arancha-Brandon-1-1638x2048.jpeg 1638w, http:\/\/culturaliagz.com\/wp-content\/uploads\/2026\/01\/Fillas-de-Cassandra-Tertulia-1-\u00a9-Arancha-Brandon-1-1080x1350.jpeg 1080w, http:\/\/culturaliagz.com\/wp-content\/uploads\/2026\/01\/Fillas-de-Cassandra-Tertulia-1-\u00a9-Arancha-Brandon-1-1280x1600.jpeg 1280w, http:\/\/culturaliagz.com\/wp-content\/uploads\/2026\/01\/Fillas-de-Cassandra-Tertulia-1-\u00a9-Arancha-Brandon-1-980x1225.jpeg 980w, http:\/\/culturaliagz.com\/wp-content\/uploads\/2026\/01\/Fillas-de-Cassandra-Tertulia-1-\u00a9-Arancha-Brandon-1-480x600.jpeg 480w\" sizes=\"auto, (max-width: 1800px) 100vw, 1800px\" \/><\/a><\/figure>\n\n\n\n<p><\/p>\n\n\n\n<p><\/p>\n\n\n\n<p><br>O tema acomp\u00e1\u00f1ase dun videoclip -dirixido polas propias artistas, Santiago Iglesias e Sergio \u2018Steel\u2019- rodado en Vigo, a s\u00faa cidade, o pasado mes de decembro. Unha multitude, na que se reco\u00f1ecen as int\u00e9rpretes Mireia Oriol (Soy Nevenka), Cris Iglesias (Antes de n\u00f3s, Eroski Para\u00edso) ou Antonio Dur\u00e1n \u2018Morris\u2019 (1936, Fari\u00f1a), at\u00f3pase nunha parada de autob\u00fas, tal e como anunciaba o teaser lanzado o pasado 15 de xaneiro por Fillas de Cassandra. Comeza unha viaxe de conversas entrelazadas cuxo destino non \u00e9 outro que \u2018Tert\u00falia\u2019.<br><br><br><strong>Escoita \u2018sa\u00edr \u00e1 fresca\u2019<\/strong><br><strong><u><a href=\"https:\/\/links.altafonte.com\/sair-a-fresca\" target=\"_blank\" rel=\"noreferrer noopener\">https:\/\/links.altafonte.com\/sair-a-fresca<\/a><\/u><\/strong><\/p>\n\n\n\n<p><strong>Videoclip \u2018sa\u00edr \u00e1 fresca\u2019 (estrea \u00e1s 12h)<\/strong><br><strong><u><a href=\"https:\/\/www.youtube.com\/watch?v=4MOaxe5ESwU\" target=\"_blank\" rel=\"noreferrer noopener\">https:\/\/www.youtube.com\/watch?v=4MOaxe5ESwU<\/a><\/u><\/strong><\/p>\n\n\n\n<p><\/p>\n\n\n\n<p><\/p>\n\n\n<a href=\"http:\/\/culturaliagz.com\/wp-content\/uploads\/2026\/01\/20260130-GAL-sair-a-fresca-.pdf\" class=\"pdfemb-viewer\" style=\"\" data-width=\"max\" data-height=\"max\" data-toolbar=\"bottom\" data-toolbar-fixed=\"off\">20260130-GAL-sair-a-fresca-<\/a>","protected":false},"excerpt":{"rendered":"<p>\u2018sa\u00edr \u00e1 fresca\u2019, o primeiro avance do novo \u00e1lbum de Fillas de Cassandra, xa est\u00e1 dispo\u00f1ible nas plataformas Fillas de Cassandra lanza o sinxelo \u2018sa\u00edr \u00e1 fresca\u2019 e abre as [&hellip;]<\/p>\n","protected":false},"author":1,"featured_media":0,"comment_status":"open","ping_status":"open","sticky":false,"template":"","format":"standard","meta":{"_et_pb_use_builder":"","_et_pb_old_content":"","_et_gb_content_width":"","_jetpack_memberships_contains_paid_content":false,"footnotes":""},"categories":[23,7,6,57,1],"tags":[1475,1473,3670,1474,3669],"class_list":["post-20431","post","type-post","status-publish","format-standard","hentry","category-autoresas","category-creacion","category-novas","category-outras-artes","category-xeral","tag-fillas-de-cassandra","tag-maria-soa","tag-sair-a-fresca","tag-sara-faro","tag-tertulia"],"jetpack_featured_media_url":"","jetpack_sharing_enabled":true,"_links":{"self":[{"href":"http:\/\/culturaliagz.com\/index.php?rest_route=\/wp\/v2\/posts\/20431","targetHints":{"allow":["GET"]}}],"collection":[{"href":"http:\/\/culturaliagz.com\/index.php?rest_route=\/wp\/v2\/posts"}],"about":[{"href":"http:\/\/culturaliagz.com\/index.php?rest_route=\/wp\/v2\/types\/post"}],"author":[{"embeddable":true,"href":"http:\/\/culturaliagz.com\/index.php?rest_route=\/wp\/v2\/users\/1"}],"replies":[{"embeddable":true,"href":"http:\/\/culturaliagz.com\/index.php?rest_route=%2Fwp%2Fv2%2Fcomments&post=20431"}],"version-history":[{"count":1,"href":"http:\/\/culturaliagz.com\/index.php?rest_route=\/wp\/v2\/posts\/20431\/revisions"}],"predecessor-version":[{"id":20435,"href":"http:\/\/culturaliagz.com\/index.php?rest_route=\/wp\/v2\/posts\/20431\/revisions\/20435"}],"wp:attachment":[{"href":"http:\/\/culturaliagz.com\/index.php?rest_route=%2Fwp%2Fv2%2Fmedia&parent=20431"}],"wp:term":[{"taxonomy":"category","embeddable":true,"href":"http:\/\/culturaliagz.com\/index.php?rest_route=%2Fwp%2Fv2%2Fcategories&post=20431"},{"taxonomy":"post_tag","embeddable":true,"href":"http:\/\/culturaliagz.com\/index.php?rest_route=%2Fwp%2Fv2%2Ftags&post=20431"}],"curies":[{"name":"wp","href":"https:\/\/api.w.org\/{rel}","templated":true}]}}