{"id":20423,"date":"2026-01-27T22:57:44","date_gmt":"2026-01-27T21:57:44","guid":{"rendered":"http:\/\/culturaliagz.com\/?p=20423"},"modified":"2026-01-27T22:59:07","modified_gmt":"2026-01-27T21:59:07","slug":"the-rapants-lanza-non-sei-como-o-primeiro-avance-do-seu-novo-album-rapants-club","status":"publish","type":"post","link":"http:\/\/culturaliagz.com\/?p=20423","title":{"rendered":"The Rapants lanza &#8216;Non Sei Como&#8217;, o primeiro avance do seu novo \u00e1lbum RAPANTS CLUB"},"content":{"rendered":"\n<p><\/p>\n\n\n\n<figure class=\"wp-block-image size-full\"><a href=\"http:\/\/culturaliagz.com\/wp-content\/uploads\/2026\/01\/The-Rapants-en-Non-Sei-Como-1-\u00a9-Veronica-Alvez.jpg\" target=\"_blank\" rel=\" noreferrer noopener\"><img loading=\"lazy\" decoding=\"async\" width=\"1300\" height=\"1985\" src=\"http:\/\/culturaliagz.com\/wp-content\/uploads\/2026\/01\/The-Rapants-en-Non-Sei-Como-1-\u00a9-Veronica-Alvez.jpg\" alt=\"\" class=\"wp-image-20424\" srcset=\"http:\/\/culturaliagz.com\/wp-content\/uploads\/2026\/01\/The-Rapants-en-Non-Sei-Como-1-\u00a9-Veronica-Alvez.jpg 1300w, http:\/\/culturaliagz.com\/wp-content\/uploads\/2026\/01\/The-Rapants-en-Non-Sei-Como-1-\u00a9-Veronica-Alvez-196x300.jpg 196w, http:\/\/culturaliagz.com\/wp-content\/uploads\/2026\/01\/The-Rapants-en-Non-Sei-Como-1-\u00a9-Veronica-Alvez-671x1024.jpg 671w, http:\/\/culturaliagz.com\/wp-content\/uploads\/2026\/01\/The-Rapants-en-Non-Sei-Como-1-\u00a9-Veronica-Alvez-768x1173.jpg 768w, http:\/\/culturaliagz.com\/wp-content\/uploads\/2026\/01\/The-Rapants-en-Non-Sei-Como-1-\u00a9-Veronica-Alvez-1006x1536.jpg 1006w, http:\/\/culturaliagz.com\/wp-content\/uploads\/2026\/01\/The-Rapants-en-Non-Sei-Como-1-\u00a9-Veronica-Alvez-1080x1649.jpg 1080w, http:\/\/culturaliagz.com\/wp-content\/uploads\/2026\/01\/The-Rapants-en-Non-Sei-Como-1-\u00a9-Veronica-Alvez-1280x1954.jpg 1280w, http:\/\/culturaliagz.com\/wp-content\/uploads\/2026\/01\/The-Rapants-en-Non-Sei-Como-1-\u00a9-Veronica-Alvez-980x1496.jpg 980w, http:\/\/culturaliagz.com\/wp-content\/uploads\/2026\/01\/The-Rapants-en-Non-Sei-Como-1-\u00a9-Veronica-Alvez-480x733.jpg 480w\" sizes=\"auto, (max-width: 1300px) 100vw, 1300px\" \/><\/a><\/figure>\n\n\n\n<p><\/p>\n\n\n\n<p><\/p>\n\n\n\n<p><\/p>\n\n\n\n<p><br><\/p>\n\n\n\n<ul class=\"wp-block-list\">\n<li><strong>O tema, que mestura bases disco e instrumentos rock con electr\u00f3nica, conta coa colaboraci\u00f3n de Joe Crep\u00fasculo, quen canta por primeira vez en galego<\/strong><\/li>\n\n\n\n<li><strong>Na canle de Youtube do grupo est\u00e1 dispo\u00f1ible o v\u00eddeoclip, no que aparecen figuras co\u00f1ecidas como Hugo Rama, 9Louro, Caama\u00f1o &amp; Ameixeiras, Miguel de Lira, Federico P\u00e9rez ou Guillermo Carracedo, entre outras<\/strong><\/li>\n\n\n\n<li><strong>A banda est\u00e1 a piques de pendurar o cartel de \u2018sold out\u2019 para a presentaci\u00f3n do novo \u00e1lbum, que ter\u00e1 lugar o 28 de marzo no Multiusos do Sar<\/strong><\/li>\n<\/ul>\n\n\n\n<p><br><\/p>\n\n\n\n<p><\/p>\n\n\n\n<p>The Rapants publica este luns&nbsp;<strong><em>Non Sei Como<\/em><\/strong>, o primeiro sinxelo do seu novo disco,&nbsp;<strong><em>Rapants Club<\/em><\/strong>. A peza, na que colabora Joe Crep\u00fasculo, xa est\u00e1 dispo\u00f1ible nas principais plataformas dixitais e conta cun v\u00eddeo dirixido e producido por La Bellavista no que aparecen figuras reco\u00f1ecidas do pa\u00eds.<br><br><em>Non Sei Como<\/em>&nbsp;\u00e9 a tarxeta de presentaci\u00f3n do novo LP de The Rapants e d\u00e1 boa conta de todo o que est\u00e1 por vir neste traballo discogr\u00e1fico: variedade estil\u00edstica, guitarras fren\u00e9ticas, retrousos memorables e un inmenso agradecemento a toda a comunidade que os acompa\u00f1ou at\u00e9 o d\u00eda de hoxe. \u201c<em>Rapants Club<\/em>&nbsp;\u00e9 moito m\u00e1is que un disco: \u00e9 a nosa maneira de entender a vida, que \u00e9 a trav\u00e9s da m\u00fasica, e de agradecer \u00e1s nosas familias, fans e equipo todo o compartido nestes anos. Elas e eles son este club\u201d, apuntan.<br><br>Neste primeiro avance, os rapantes deixa entrever os sucos polos que van navegar no \u00e1lbum: en&nbsp;<em>Non Sei Como<\/em>&nbsp;predomina a m\u00fasica disco con car\u00e1cter rock e toques de electr\u00f3nica, conta cun retrouso &#8216;pegadizo&#8217; desde a primeira escoita, a letra \u00e9 fiel ao seu estilo e rende homenaxe \u00e1s referencias do grupo murad\u00e1n, como \u00e9 o caso de Joe Crep\u00fasculo. O catal\u00e1n colabora tanto cos sintetizadores coma cantando por primeira vez en galego. A\u00ednda que o disco se gravou nos estudios La Mina (Granada) e Boavista (Madrid), o encontro produciuse este ver\u00e1n en El N\u00e1utico (San Vicente).<\/p>\n\n\n\n<p>A primeira canci\u00f3n que se d\u00e1 a co\u00f1ecer deste&nbsp;<strong><em>Rapants Club<\/em><\/strong>&nbsp;conta, ademais,&nbsp;<a href=\"https:\/\/www.youtube.com\/watch?v=6NTyDY6S01w\" target=\"_blank\" rel=\"noreferrer noopener\">cun impresionante videoclip<\/a>&nbsp;rodado o pasado decembro entre as localidades de Muros, Carnota, Negreira e Santiago de Compostela. Figuras como o futbolista Hugo Rama, os actores Miguel de Lira e Federico P\u00e9rez, as artistas Ant\u00eda Ameixeiras e Sabela Caama\u00f1o -o d\u00fao Caama\u00f1o&amp;Ameixeiras-, os cantantes 9Louro e Xi\u00e1n Pais, os creadores de contido Champimuros e Merce Totakeki ou mesmo o campe\u00f3n de surf Guillermo Carracedo formaron parte desta singular peza audiovisual dirixida e producida por La Bellavista.&nbsp;<\/p>\n\n\n\n<p><\/p>\n\n\n\n<p><\/p>\n\n\n\n<figure class=\"wp-block-gallery has-nested-images columns-default is-cropped wp-block-gallery-1 is-layout-flex wp-block-gallery-is-layout-flex\">\n<figure class=\"wp-block-image size-full\"><a href=\"http:\/\/culturaliagz.com\/wp-content\/uploads\/2026\/01\/The-Rapants-en-Non-Sei-Como-2-\u00a9-Veronica-Alvez.jpg\" target=\"_blank\" rel=\" noreferrer noopener\"><img loading=\"lazy\" decoding=\"async\" width=\"1300\" height=\"1950\" data-id=\"20426\" src=\"http:\/\/culturaliagz.com\/wp-content\/uploads\/2026\/01\/The-Rapants-en-Non-Sei-Como-2-\u00a9-Veronica-Alvez.jpg\" alt=\"\" class=\"wp-image-20426\" srcset=\"http:\/\/culturaliagz.com\/wp-content\/uploads\/2026\/01\/The-Rapants-en-Non-Sei-Como-2-\u00a9-Veronica-Alvez.jpg 1300w, http:\/\/culturaliagz.com\/wp-content\/uploads\/2026\/01\/The-Rapants-en-Non-Sei-Como-2-\u00a9-Veronica-Alvez-200x300.jpg 200w, http:\/\/culturaliagz.com\/wp-content\/uploads\/2026\/01\/The-Rapants-en-Non-Sei-Como-2-\u00a9-Veronica-Alvez-683x1024.jpg 683w, http:\/\/culturaliagz.com\/wp-content\/uploads\/2026\/01\/The-Rapants-en-Non-Sei-Como-2-\u00a9-Veronica-Alvez-768x1152.jpg 768w, http:\/\/culturaliagz.com\/wp-content\/uploads\/2026\/01\/The-Rapants-en-Non-Sei-Como-2-\u00a9-Veronica-Alvez-1024x1536.jpg 1024w, http:\/\/culturaliagz.com\/wp-content\/uploads\/2026\/01\/The-Rapants-en-Non-Sei-Como-2-\u00a9-Veronica-Alvez-1080x1620.jpg 1080w, http:\/\/culturaliagz.com\/wp-content\/uploads\/2026\/01\/The-Rapants-en-Non-Sei-Como-2-\u00a9-Veronica-Alvez-1280x1920.jpg 1280w, http:\/\/culturaliagz.com\/wp-content\/uploads\/2026\/01\/The-Rapants-en-Non-Sei-Como-2-\u00a9-Veronica-Alvez-980x1470.jpg 980w, http:\/\/culturaliagz.com\/wp-content\/uploads\/2026\/01\/The-Rapants-en-Non-Sei-Como-2-\u00a9-Veronica-Alvez-480x720.jpg 480w\" sizes=\"auto, (max-width: 1300px) 100vw, 1300px\" \/><\/a><\/figure>\n<\/figure>\n\n\n\n<figure class=\"wp-block-gallery has-nested-images columns-default is-cropped wp-block-gallery-2 is-layout-flex wp-block-gallery-is-layout-flex\">\n<figure class=\"wp-block-image size-full\"><a href=\"http:\/\/culturaliagz.com\/wp-content\/uploads\/2026\/01\/The-Rapants-\u00a9-Andrea-Sanchez-1.jpg\" target=\"_blank\" rel=\" noreferrer noopener\"><img loading=\"lazy\" decoding=\"async\" width=\"1350\" height=\"2024\" data-id=\"20425\" src=\"http:\/\/culturaliagz.com\/wp-content\/uploads\/2026\/01\/The-Rapants-\u00a9-Andrea-Sanchez-1.jpg\" alt=\"\" class=\"wp-image-20425\" srcset=\"http:\/\/culturaliagz.com\/wp-content\/uploads\/2026\/01\/The-Rapants-\u00a9-Andrea-Sanchez-1.jpg 1350w, http:\/\/culturaliagz.com\/wp-content\/uploads\/2026\/01\/The-Rapants-\u00a9-Andrea-Sanchez-1-200x300.jpg 200w, http:\/\/culturaliagz.com\/wp-content\/uploads\/2026\/01\/The-Rapants-\u00a9-Andrea-Sanchez-1-683x1024.jpg 683w, http:\/\/culturaliagz.com\/wp-content\/uploads\/2026\/01\/The-Rapants-\u00a9-Andrea-Sanchez-1-768x1151.jpg 768w, http:\/\/culturaliagz.com\/wp-content\/uploads\/2026\/01\/The-Rapants-\u00a9-Andrea-Sanchez-1-1025x1536.jpg 1025w, http:\/\/culturaliagz.com\/wp-content\/uploads\/2026\/01\/The-Rapants-\u00a9-Andrea-Sanchez-1-1080x1619.jpg 1080w, http:\/\/culturaliagz.com\/wp-content\/uploads\/2026\/01\/The-Rapants-\u00a9-Andrea-Sanchez-1-1280x1919.jpg 1280w, http:\/\/culturaliagz.com\/wp-content\/uploads\/2026\/01\/The-Rapants-\u00a9-Andrea-Sanchez-1-980x1469.jpg 980w, http:\/\/culturaliagz.com\/wp-content\/uploads\/2026\/01\/The-Rapants-\u00a9-Andrea-Sanchez-1-480x720.jpg 480w\" sizes=\"auto, (max-width: 1350px) 100vw, 1350px\" \/><\/a><\/figure>\n<\/figure>\n\n\n\n<p><br><br><\/p>\n\n\n\n<p><strong>Entradas practicamente esgotadas para a presentaci\u00f3n de Rapants Club<\/strong><br><br>A estrea en directo do novo disco de The Rapants ter\u00e1 lugar o 28 de marzo no Multiusos Fontes do Sar de Santiago de Compostela, cita para a que xa non quedan entradas tanto en pista coma en diversas gradas -que se esgotaron \u00e1s poucas horas de activar a venda en&nbsp;<a href=\"https:\/\/entradas.ataquilla.com\/es\/ventaentradas\/conciertos\/410-multiusos-fontes-do-sar\/x3ak72cd-rapants-club\" target=\"_blank\" rel=\"noreferrer noopener\">www.ataquilla.com<\/a>-.&nbsp;<\/p>\n\n\n\n<p>A dous meses da celebraci\u00f3n, unicamente quedan dispo\u00f1ibles menos dun cento de billetes. A inauguraci\u00f3n deste&nbsp;<strong><em>Rapants Club<\/em><\/strong>, tal e como prev\u00e9 a banda, ser\u00e1 unha gran festa para a m\u00fasica en directo en Galicia.<br><br><br><br><strong>Escoita&nbsp;<\/strong><strong><em>Non Sei Como<\/em><\/strong><br><a href=\"https:\/\/links.altafonte.com\/nonseicomo\" target=\"_blank\" rel=\"noreferrer noopener\">https:\/\/links.altafonte.com\/nonseicomo<\/a><\/p>\n\n\n\n<p><br><strong>Videoclip<\/strong><strong><em>&nbsp;Non Sei Como<br><\/em><\/strong><a href=\"https:\/\/youtu.be\/6NTyDY6S01w\" target=\"_blank\" rel=\"noreferrer noopener\">https:\/\/youtu.be\/6NTyDY6S01w<\/a><\/p>\n\n\n\n<p><\/p>\n\n\n\n<p><\/p>\n\n\n<a href=\"http:\/\/culturaliagz.com\/wp-content\/uploads\/2026\/01\/20260126-NP-Non-Sei-Como-The-Rapants-ft-Joe-Crepusculo-.pdf\" class=\"pdfemb-viewer\" style=\"\" data-width=\"max\" data-height=\"max\" data-toolbar=\"bottom\" data-toolbar-fixed=\"off\">20260126-NP-Non-Sei-Como-The-Rapants-ft-Joe-Crepusculo-<\/a>","protected":false},"excerpt":{"rendered":"<p>The Rapants publica este luns&nbsp;Non Sei Como, o primeiro sinxelo do seu novo disco,&nbsp;Rapants Club. A peza, na que colabora Joe Crep\u00fasculo, xa est\u00e1 dispo\u00f1ible nas principais plataformas dixitais e [&hellip;]<\/p>\n","protected":false},"author":1,"featured_media":0,"comment_status":"open","ping_status":"open","sticky":false,"template":"","format":"standard","meta":{"_et_pb_use_builder":"","_et_pb_old_content":"","_et_gb_content_width":"","_jetpack_memberships_contains_paid_content":false,"footnotes":""},"categories":[23,7,6,57,1],"tags":[2540,3668,3652,2052],"class_list":["post-20423","post","type-post","status-publish","format-standard","hentry","category-autoresas","category-creacion","category-novas","category-outras-artes","category-xeral","tag-ataquilla-com","tag-non-sei-como","tag-rapants-club","tag-the-rapants"],"jetpack_featured_media_url":"","jetpack_sharing_enabled":true,"_links":{"self":[{"href":"http:\/\/culturaliagz.com\/index.php?rest_route=\/wp\/v2\/posts\/20423","targetHints":{"allow":["GET"]}}],"collection":[{"href":"http:\/\/culturaliagz.com\/index.php?rest_route=\/wp\/v2\/posts"}],"about":[{"href":"http:\/\/culturaliagz.com\/index.php?rest_route=\/wp\/v2\/types\/post"}],"author":[{"embeddable":true,"href":"http:\/\/culturaliagz.com\/index.php?rest_route=\/wp\/v2\/users\/1"}],"replies":[{"embeddable":true,"href":"http:\/\/culturaliagz.com\/index.php?rest_route=%2Fwp%2Fv2%2Fcomments&post=20423"}],"version-history":[{"count":2,"href":"http:\/\/culturaliagz.com\/index.php?rest_route=\/wp\/v2\/posts\/20423\/revisions"}],"predecessor-version":[{"id":20429,"href":"http:\/\/culturaliagz.com\/index.php?rest_route=\/wp\/v2\/posts\/20423\/revisions\/20429"}],"wp:attachment":[{"href":"http:\/\/culturaliagz.com\/index.php?rest_route=%2Fwp%2Fv2%2Fmedia&parent=20423"}],"wp:term":[{"taxonomy":"category","embeddable":true,"href":"http:\/\/culturaliagz.com\/index.php?rest_route=%2Fwp%2Fv2%2Fcategories&post=20423"},{"taxonomy":"post_tag","embeddable":true,"href":"http:\/\/culturaliagz.com\/index.php?rest_route=%2Fwp%2Fv2%2Ftags&post=20423"}],"curies":[{"name":"wp","href":"https:\/\/api.w.org\/{rel}","templated":true}]}}