{"id":20417,"date":"2026-01-24T23:01:53","date_gmt":"2026-01-24T22:01:53","guid":{"rendered":"http:\/\/culturaliagz.com\/?p=20417"},"modified":"2026-01-28T22:22:59","modified_gmt":"2026-01-28T21:22:59","slug":"disco-comarcal-o-novo-album-de-familia-caamagno-xa-esta-disponible","status":"publish","type":"post","link":"http:\/\/culturaliagz.com\/?p=20417","title":{"rendered":"DISCO COMARCAL, o novo \u00e1lbum de Familia Caamagno, xa est\u00e1 dispo\u00f1ible"},"content":{"rendered":"\n<p><\/p>\n\n\n\n<figure class=\"wp-block-image size-full\"><a href=\"http:\/\/culturaliagz.com\/wp-content\/uploads\/2026\/01\/Familia-Caamagno-1-\u00a9-David-Silva.jpg\" target=\"_blank\" rel=\" noreferrer noopener\"><img loading=\"lazy\" decoding=\"async\" width=\"1500\" height=\"1200\" src=\"http:\/\/culturaliagz.com\/wp-content\/uploads\/2026\/01\/Familia-Caamagno-1-\u00a9-David-Silva.jpg\" alt=\"\" class=\"wp-image-20418\" srcset=\"http:\/\/culturaliagz.com\/wp-content\/uploads\/2026\/01\/Familia-Caamagno-1-\u00a9-David-Silva.jpg 1500w, http:\/\/culturaliagz.com\/wp-content\/uploads\/2026\/01\/Familia-Caamagno-1-\u00a9-David-Silva-300x240.jpg 300w, http:\/\/culturaliagz.com\/wp-content\/uploads\/2026\/01\/Familia-Caamagno-1-\u00a9-David-Silva-1024x819.jpg 1024w, http:\/\/culturaliagz.com\/wp-content\/uploads\/2026\/01\/Familia-Caamagno-1-\u00a9-David-Silva-768x614.jpg 768w, http:\/\/culturaliagz.com\/wp-content\/uploads\/2026\/01\/Familia-Caamagno-1-\u00a9-David-Silva-1080x864.jpg 1080w, http:\/\/culturaliagz.com\/wp-content\/uploads\/2026\/01\/Familia-Caamagno-1-\u00a9-David-Silva-1280x1024.jpg 1280w, http:\/\/culturaliagz.com\/wp-content\/uploads\/2026\/01\/Familia-Caamagno-1-\u00a9-David-Silva-980x784.jpg 980w, http:\/\/culturaliagz.com\/wp-content\/uploads\/2026\/01\/Familia-Caamagno-1-\u00a9-David-Silva-480x384.jpg 480w\" sizes=\"auto, (max-width: 1500px) 100vw, 1500px\" \/><\/a><\/figure>\n\n\n\n<p><\/p>\n\n\n\n<p><\/p>\n\n\n\n<p><strong><u><br>\u200b\u200b<\/u><\/strong><\/p>\n\n\n\n<p style=\"font-size:18px\"><strong>DISCO COMARCAL, o \u00e1lbum que celebra os 15 anos de Familia Caamagno sobre os escenarios, xa est\u00e1 dispo\u00f1ible<\/strong><\/p>\n\n\n\n<ul class=\"wp-block-list\">\n<li><strong>Estilos como o power pop, o rock, melod\u00edas con reminiscencias disco ou mesmo R&amp;B danse cita no terceiro LP do quinteto, que consolida o seu papel referencial na escena galega<\/strong><\/li>\n<\/ul>\n\n\n\n<ul class=\"wp-block-list\">\n<li><strong>O \u00e1lbum darase a co\u00f1ecer ao vivo o 6 de febreiro na Sala Capitol, noite na que a banda de Sig\u00fceiro se acompa\u00f1ar\u00e1 d\u2019A Orquestra do Quince, unha formaci\u00f3n de instrumentistas de vento e teclados, para presentar os novos temas, arranxados especialmente para a ocasi\u00f3n<\/strong><\/li>\n<\/ul>\n\n\n\n<p><\/p>\n\n\n\n<p><\/p>\n\n\n\n<p><strong>Familia Caamagno<\/strong> publica hoxe o seu terceiro LP, \u2018Disco Comarcal\u2019, un traballo discogr\u00e1fico que consolida o papel referente da banda na escena pop e rock do pa\u00eds. O \u00e1lbum, producido por Ra\u00fal P\u00e9rez (do reco\u00f1ecido estudio granadino La Mina), e que xa se pode escoitar nas principais plataformas dixitais, demostra a&nbsp;<strong>solidez compositiva e a versatilidade estil\u00edstica<\/strong>&nbsp;da formaci\u00f3n cando cumpre 15 anos sobre os escenarios.<\/p>\n\n\n\n<p>\u2018Disco Comarcal\u2019 \u00e9 un \u00e1lbum ateigado de&nbsp;rock e power pop&nbsp;no que se suceden as melod\u00edas luminosas e as guitarras afiadas; ademais da profundidade emocional e as&nbsp;letras retranqueiras e incisivas&nbsp;que os Caamagno acostuman a presentar. As\u00ed, sen perder un \u00e1pice do seu car\u00e1cter irreverente e cr\u00edtico, non dubidan en destacar o papel fundamental que xogaron as discotecas rurais como elemento de cohesi\u00f3n social nos anos 80 e 90 -e que hoxe en d\u00eda est\u00e1n abandonadas-, de alertar das derivas do arraigamento do turbocapitalismo na sociedade -que non deixa espazo para o amor- ou mesmo vertebran reflexi\u00f3ns sobre as rupturas sentimentais a trav\u00e9s dun relato fant\u00e1stico.<\/p>\n\n\n\n<p>A trav\u00e9s dos oito temas que conforman este \u2018Disco comarcal\u2019, Familia Caamagno reivindica o seu espazo como&nbsp;formaci\u00f3n de referencia no panorama musical galego.&nbsp;Al\u00e9n da s\u00faa reco\u00f1ecida capacidade para sacralizar o baile e a diversi\u00f3n, e que transforma cada directo nunha intensa comu\u00f1\u00f3n co p\u00fablico, os de Sig\u00fceiro confirman con este \u2018Disco Comarcal\u2019 a s\u00faa volubilidade para achegarse a estilos como o R&amp;B ou mesmo a m\u00fasica disco.&nbsp;<\/p>\n\n\n\n<p>Neste LP -cuxa imaxe asina dese\u00f1ador gr\u00e1fico \u00c1lvaro Fern\u00e1ndez,&nbsp;<a href=\"https:\/\/www.instagram.com\/unbuentipo\" target=\"_blank\" rel=\"noreferrer noopener\">@unbuentipo<\/a>&#8211; Familia Caamagno comeza o seu periplo rendendo homenaxe \u00e1s salas de festas comarcais galegas que viviron os seus tempos dourados na segunda metade do s\u00e9culo XX. Desde estes espazos, protagonistas de \u2018<a href=\"https:\/\/orcd.co\/disco_comarcal\" target=\"_blank\" rel=\"noreferrer noopener\">Disco comarca<\/a>l\u2019, o quinteto s\u00e9rvese da diversidade estil\u00edstica para percorrer, ao longo de oito temas, numerosas referencias do imaxinario com\u00fan, mais abordadas sempre desde unha \u00f3ptica particular, rentranqueira, reflexiva e fondamente emocional.&nbsp;<br><br>Deste xeito, do luminoso e cat\u00e1rtico&nbsp;<a href=\"https:\/\/orcd.co\/familiacaamagno_paseoportugal\" target=\"_blank\" rel=\"noreferrer noopener\">De paseo en Portugal<\/a>, Familia Caamagno ach\u00e9gase as problem\u00e1ticas dos tempos actuais e da cr\u00faa realidade econ\u00f3mica e social en temas como \u2018<a href=\"https:\/\/orcd.co\/bombadecalor\" target=\"_blank\" rel=\"noreferrer noopener\">Bomba de calor<\/a>\u2019 ou \u2018<a href=\"https:\/\/youtu.be\/_82AxctIZi0?si=cKO2dGhaj-EGX_NZ\" target=\"_blank\" rel=\"noreferrer noopener\">Milagre econ\u00f3mico<\/a>\u2019; e mesmo pon o foco e m\u00f3strase cr\u00edtica con determinados perf\u00eds sociais en \u2018Xa sei quen dis\u2019&nbsp; ou \u2018Segnor do pasado\u2019. Mais a banda non esquece o seu mandato outorgado polos seus poderosos e festivos directos para recoller tam\u00e9n as tradici\u00f3ns e verbenas populares -os verm\u00fas e os bailes no Campo da Festa que se prolongan desde o mediod\u00eda at\u00e9 o fin da xornada- a trav\u00e9s de \u2018O d\u00eda da Festa\u2019.<br><br>Por \u00faltimo, \u2018Disco Comarcal\u2019 tam\u00e9n abre unha vent\u00e1 \u00e1 nostalxia a trav\u00e9s de \u2018Antigos astronautas\u2019, unha peza cunha melod\u00eda vibrante e melanc\u00f3lica nun primeiro momento, que se transforma nun retrouso luminoso. Baixo a forma dunha narrativa fant\u00e1stica agroma un subtexto emocional: a tristura producida polo fin dunha relaci\u00f3n.&nbsp;<\/p>\n\n\n\n<p><strong><br>Presentaci\u00f3n ao vivo<\/strong><br><br>A Sala Capitol de Santiago de Compostela acoller\u00e1 o venres 6 de febreiro a estrea deste \u2018Disco Comarcal\u2019. Ser\u00e1 unha noite moi especial na que Familia Caamagno presentar\u00e1 ao p\u00fablico os novos temas cun directo novidoso e diferente: estar\u00e1n arranxados para a ocasi\u00f3n, na que&nbsp;os de Sig\u00fceiro contar\u00e1n co apoio d\u2019A Orquestra do Quince,&nbsp;unha formaci\u00f3n de instrumentos de<strong>&nbsp;<\/strong>vento e teclados, para facer bailar sen parar \u00e1s e aos asistentes.<br><br>A festa de presentaci\u00f3n de \u2018Disco Comarcal\u2019 -cuxas entradas est\u00e1n \u00e1 venda a trav\u00e9s de&nbsp;<a href=\"http:\/\/www.salacapitol.com\/\" target=\"_blank\" rel=\"noreferrer noopener\">www.salacapitol.com<\/a>&#8211; comezar\u00e1 a partir das 21:30h coa actuaci\u00f3n da banda convidadal&nbsp;Ulex, chamada a ocupar un papel relevante na escena do pa\u00eds nos vindeiros anos. Logo da estrea dos Caamagno, a celebraci\u00f3n pecharase cunha sesi\u00f3n de baile na Sala Riquela da man das picadiscos&nbsp;P\u00eddechas o corpo.<\/p>\n\n\n\n<p><\/p>\n\n\n\n<p><\/p>\n\n\n\n<figure class=\"wp-block-image size-full\"><a href=\"http:\/\/culturaliagz.com\/wp-content\/uploads\/2026\/01\/Familia-Caamagno-2-\u00a9-David-Silva.jpg\" target=\"_blank\" rel=\" noreferrer noopener\"><img loading=\"lazy\" decoding=\"async\" width=\"1200\" height=\"1500\" src=\"http:\/\/culturaliagz.com\/wp-content\/uploads\/2026\/01\/Familia-Caamagno-2-\u00a9-David-Silva.jpg\" alt=\"\" class=\"wp-image-20419\" srcset=\"http:\/\/culturaliagz.com\/wp-content\/uploads\/2026\/01\/Familia-Caamagno-2-\u00a9-David-Silva.jpg 1200w, http:\/\/culturaliagz.com\/wp-content\/uploads\/2026\/01\/Familia-Caamagno-2-\u00a9-David-Silva-240x300.jpg 240w, http:\/\/culturaliagz.com\/wp-content\/uploads\/2026\/01\/Familia-Caamagno-2-\u00a9-David-Silva-819x1024.jpg 819w, http:\/\/culturaliagz.com\/wp-content\/uploads\/2026\/01\/Familia-Caamagno-2-\u00a9-David-Silva-768x960.jpg 768w, http:\/\/culturaliagz.com\/wp-content\/uploads\/2026\/01\/Familia-Caamagno-2-\u00a9-David-Silva-1080x1350.jpg 1080w, http:\/\/culturaliagz.com\/wp-content\/uploads\/2026\/01\/Familia-Caamagno-2-\u00a9-David-Silva-980x1225.jpg 980w, http:\/\/culturaliagz.com\/wp-content\/uploads\/2026\/01\/Familia-Caamagno-2-\u00a9-David-Silva-480x600.jpg 480w\" sizes=\"auto, (max-width: 1200px) 100vw, 1200px\" \/><\/a><\/figure>\n\n\n\n<p><br><\/p>\n\n\n\n<p><\/p>\n\n\n\n<p><strong>TRACKLIST DE \u2018DISCO COMARCAL\u2019 , DE FAMILIA CAAMAGNO&nbsp;<\/strong><\/p>\n\n\n\n<p><br>1. Disco comarcal<\/p>\n\n\n\n<p>2. De paseo en Portugal<\/p>\n\n\n\n<p>3. Bomba de calor<\/p>\n\n\n\n<p>4. Antigos astronautas<\/p>\n\n\n\n<p>5. O d\u00eda da festa<\/p>\n\n\n\n<p>6. Xa sei quen dis<\/p>\n\n\n\n<p>7. Segnor do pasado<\/p>\n\n\n\n<p>8. Milagre econ\u00f3mico<\/p>\n\n\n\n<p>&nbsp;<br>Escoita \u2018Disco Comarcal\u2019 nas plataformas<br><a href=\"https:\/\/orcd.co\/disco_comarcal_lp\" target=\"_blank\" rel=\"noreferrer noopener\">https:\/\/orcd.co\/disco_comarcal_lp<\/a><br><br>Videoclips de Familia Caamagno (\u2018Disco comarcal\u2019, \u2018Bomba de calor\u2019, etc).<br><a href=\"https:\/\/www.youtube.com\/@familiacaamagno\" target=\"_blank\" rel=\"noreferrer noopener\">https:\/\/www.youtube.com\/@familiacaamagno<\/a>&nbsp;<\/p>\n\n\n\n<p><\/p>\n\n\n\n<p><\/p>\n\n\n<a href=\"http:\/\/culturaliagz.com\/wp-content\/uploads\/2026\/01\/20260123-Familia-Caamagno-publica-Disco-Comarcal.pdf\" class=\"pdfemb-viewer\" style=\"\" data-width=\"max\" data-height=\"max\" data-toolbar=\"bottom\" data-toolbar-fixed=\"off\">20260123-Familia-Caamagno-publica-Disco-Comarcal<\/a>","protected":false},"excerpt":{"rendered":"<p>\u200b\u200b DISCO COMARCAL, o \u00e1lbum que celebra os 15 anos de Familia Caamagno sobre os escenarios, xa est\u00e1 dispo\u00f1ible Familia Caamagno publica hoxe o seu terceiro LP, \u2018Disco Comarcal\u2019, un [&hellip;]<\/p>\n","protected":false},"author":1,"featured_media":0,"comment_status":"open","ping_status":"open","sticky":false,"template":"","format":"standard","meta":{"_et_pb_use_builder":"","_et_pb_old_content":"","_et_gb_content_width":"","_jetpack_memberships_contains_paid_content":false,"footnotes":""},"categories":[23,7,6,57,1],"tags":[3659,3596,1521],"class_list":["post-20417","post","type-post","status-publish","format-standard","hentry","category-autoresas","category-creacion","category-novas","category-outras-artes","category-xeral","tag-disco-comarcal","tag-familia-caamagno","tag-sala-capitol"],"jetpack_featured_media_url":"","jetpack_sharing_enabled":true,"_links":{"self":[{"href":"http:\/\/culturaliagz.com\/index.php?rest_route=\/wp\/v2\/posts\/20417","targetHints":{"allow":["GET"]}}],"collection":[{"href":"http:\/\/culturaliagz.com\/index.php?rest_route=\/wp\/v2\/posts"}],"about":[{"href":"http:\/\/culturaliagz.com\/index.php?rest_route=\/wp\/v2\/types\/post"}],"author":[{"embeddable":true,"href":"http:\/\/culturaliagz.com\/index.php?rest_route=\/wp\/v2\/users\/1"}],"replies":[{"embeddable":true,"href":"http:\/\/culturaliagz.com\/index.php?rest_route=%2Fwp%2Fv2%2Fcomments&post=20417"}],"version-history":[{"count":3,"href":"http:\/\/culturaliagz.com\/index.php?rest_route=\/wp\/v2\/posts\/20417\/revisions"}],"predecessor-version":[{"id":20430,"href":"http:\/\/culturaliagz.com\/index.php?rest_route=\/wp\/v2\/posts\/20417\/revisions\/20430"}],"wp:attachment":[{"href":"http:\/\/culturaliagz.com\/index.php?rest_route=%2Fwp%2Fv2%2Fmedia&parent=20417"}],"wp:term":[{"taxonomy":"category","embeddable":true,"href":"http:\/\/culturaliagz.com\/index.php?rest_route=%2Fwp%2Fv2%2Fcategories&post=20417"},{"taxonomy":"post_tag","embeddable":true,"href":"http:\/\/culturaliagz.com\/index.php?rest_route=%2Fwp%2Fv2%2Ftags&post=20417"}],"curies":[{"name":"wp","href":"https:\/\/api.w.org\/{rel}","templated":true}]}}