{"id":20400,"date":"2026-01-22T22:47:55","date_gmt":"2026-01-22T21:47:55","guid":{"rendered":"http:\/\/culturaliagz.com\/?p=20400"},"modified":"2026-01-22T23:07:13","modified_gmt":"2026-01-22T22:07:13","slug":"o-fiot-activa-a-venda-de-entradas-para-territorio-regueifa-de-aine-producions-que-podera-verse-o-venres-6-de-febreiro-as-21-00h-no-pazo-da-cultura-de-carballo","status":"publish","type":"post","link":"http:\/\/culturaliagz.com\/?p=20400","title":{"rendered":"O FIOT activa a venda de entradas para &#8216;Territorio Regueifa&#8217;, de Ain\u00e9 Produci\u00f3ns, que poder\u00e1 verse o venres 6 de febreiro, \u00e1s 21.00h, no Pazo da Cultura de Carballo"},"content":{"rendered":"\n<p><\/p>\n\n\n\n<figure class=\"wp-block-image size-full\"><a href=\"http:\/\/culturaliagz.com\/wp-content\/uploads\/2026\/01\/TerritorioRegueifa-Cartel.jpg\" target=\"_blank\" rel=\" noreferrer noopener\"><img loading=\"lazy\" decoding=\"async\" width=\"1414\" height=\"2000\" src=\"http:\/\/culturaliagz.com\/wp-content\/uploads\/2026\/01\/TerritorioRegueifa-Cartel.jpg\" alt=\"\" class=\"wp-image-20401\" srcset=\"http:\/\/culturaliagz.com\/wp-content\/uploads\/2026\/01\/TerritorioRegueifa-Cartel.jpg 1414w, http:\/\/culturaliagz.com\/wp-content\/uploads\/2026\/01\/TerritorioRegueifa-Cartel-1280x1810.jpg 1280w, http:\/\/culturaliagz.com\/wp-content\/uploads\/2026\/01\/TerritorioRegueifa-Cartel-980x1386.jpg 980w, http:\/\/culturaliagz.com\/wp-content\/uploads\/2026\/01\/TerritorioRegueifa-Cartel-480x679.jpg 480w\" sizes=\"auto, (min-width: 0px) and (max-width: 480px) 480px, (min-width: 481px) and (max-width: 980px) 980px, (min-width: 981px) and (max-width: 1280px) 1280px, (min-width: 1281px) 1414px, 100vw\" \/><\/a><\/figure>\n\n\n\n<p><\/p>\n\n\n\n<p><\/p>\n\n\n\n<p><\/p>\n\n\n\n<p>Ma\u00f1\u00e1 xoves, 22 de xaneiro, \u00e1s 10.00h, saen \u00e1 venda as entradas para <strong>Territorio Regueifa<\/strong>, que se estrea no marco do FIOT, no Pazo da Cultura de Carballo, o venres 6 de febreiro.<br>Ser\u00e1 a trav\u00e9s da plataforma Ataquilla:<\/p>\n\n\n\n<p><a href=\"https:\/\/entradas.ataquilla.com\/es\/ventaentradas\/teatro\/62-auditorio-pazo-da-cultura-de-carballo\/x3ak7rgq-aine-producions-territorio-regueifa\" target=\"_blank\" rel=\"noreferrer noopener\">https:\/\/entradas.ataquilla.com\/es\/ventaentradas\/teatro\/62-auditorio-pazo-da-cultura-de-carballo\/x3ak7rgq-aine-producions-territorio-regueifa<\/a><\/p>\n\n\n\n<p>O prezo das entrada xeral \u00e9 de 10 \u20ac. As persoas socias da AC Tel\u00f3n e Aparte ter\u00e1n un desconto, aplicando antes da compra o c\u00f3digo que recibiron no seu correo como socias (s\u00f3 poder\u00e1n mercar unha entrada con desconto).<br><strong>Territorio Regueifa<\/strong> \u00e9 unha coproduci\u00f3n FIOT xunto a Ain\u00e9 Produci\u00f3ns e o Centro Dram\u00e1tico Galego, dirixida por Jos\u00e9 L. Prieto e protagonizada polos regueifeiros Manolo Maseda, Lupe Blanco e Josinho da Teixeira.<br><\/p>\n\n\n\n<p><\/p>\n\n\n\n<p><\/p>\n\n\n\n<figure class=\"wp-block-image size-full\"><a href=\"http:\/\/culturaliagz.com\/wp-content\/uploads\/2026\/01\/FIOT-34-3-104538\u00a9-Vanessa-Rabade_-scaled.jpg\" target=\"_blank\" rel=\" noreferrer noopener\"><img loading=\"lazy\" decoding=\"async\" width=\"2560\" height=\"1707\" src=\"http:\/\/culturaliagz.com\/wp-content\/uploads\/2026\/01\/FIOT-34-3-104538\u00a9-Vanessa-Rabade_-scaled.jpg\" alt=\"\" class=\"wp-image-20402\" srcset=\"http:\/\/culturaliagz.com\/wp-content\/uploads\/2026\/01\/FIOT-34-3-104538\u00a9-Vanessa-Rabade_-scaled.jpg 2560w, http:\/\/culturaliagz.com\/wp-content\/uploads\/2026\/01\/FIOT-34-3-104538\u00a9-Vanessa-Rabade_-300x200.jpg 300w, http:\/\/culturaliagz.com\/wp-content\/uploads\/2026\/01\/FIOT-34-3-104538\u00a9-Vanessa-Rabade_-1024x683.jpg 1024w, http:\/\/culturaliagz.com\/wp-content\/uploads\/2026\/01\/FIOT-34-3-104538\u00a9-Vanessa-Rabade_-768x512.jpg 768w, http:\/\/culturaliagz.com\/wp-content\/uploads\/2026\/01\/FIOT-34-3-104538\u00a9-Vanessa-Rabade_-1536x1024.jpg 1536w, http:\/\/culturaliagz.com\/wp-content\/uploads\/2026\/01\/FIOT-34-3-104538\u00a9-Vanessa-Rabade_-2048x1365.jpg 2048w, http:\/\/culturaliagz.com\/wp-content\/uploads\/2026\/01\/FIOT-34-3-104538\u00a9-Vanessa-Rabade_-1080x720.jpg 1080w, http:\/\/culturaliagz.com\/wp-content\/uploads\/2026\/01\/FIOT-34-3-104538\u00a9-Vanessa-Rabade_-1280x854.jpg 1280w, http:\/\/culturaliagz.com\/wp-content\/uploads\/2026\/01\/FIOT-34-3-104538\u00a9-Vanessa-Rabade_-980x653.jpg 980w, http:\/\/culturaliagz.com\/wp-content\/uploads\/2026\/01\/FIOT-34-3-104538\u00a9-Vanessa-Rabade_-480x320.jpg 480w\" sizes=\"auto, (max-width: 2560px) 100vw, 2560px\" \/><\/a><\/figure>\n\n\n\n<p><\/p>\n\n\n\n<p><\/p>\n\n\n\n<p><\/p>\n\n\n\n<p><em>A continuaci\u00f3n adx\u00fantase a nota de prensa coa informaci\u00f3n sobre o espect\u00e1culo.<\/em><\/p>\n\n\n\n<p><\/p>\n\n\n\n<p><\/p>\n\n\n<a href=\"http:\/\/culturaliagz.com\/wp-content\/uploads\/2026\/01\/2026.01.21.NP-entradas-Territorio-Regueifa-FIOT34.pdf\" class=\"pdfemb-viewer\" style=\"\" data-width=\"max\" data-height=\"max\" data-toolbar=\"bottom\" data-toolbar-fixed=\"off\">2026.01.21.NP-entradas-Territorio-Regueifa-FIOT34<\/a>","protected":false},"excerpt":{"rendered":"<p>Ma\u00f1\u00e1 xoves, 22 de xaneiro, \u00e1s 10.00h, saen \u00e1 venda as entradas para Territorio Regueifa, que se estrea no marco do FIOT, no Pazo da Cultura de Carballo, o venres [&hellip;]<\/p>\n","protected":false},"author":1,"featured_media":0,"comment_status":"open","ping_status":"open","sticky":false,"template":"","format":"standard","meta":{"_et_pb_use_builder":"","_et_pb_old_content":"","_et_gb_content_width":"","_jetpack_memberships_contains_paid_content":false,"footnotes":""},"categories":[23,7,6,57,1],"tags":[3631,2540,2444,2405,3228],"class_list":["post-20400","post","type-post","status-publish","format-standard","hentry","category-autoresas","category-creacion","category-novas","category-outras-artes","category-xeral","tag-aine-producions","tag-ataquilla-com","tag-fiot","tag-pazo-da-cultura-de-carballo","tag-territorio-regueifa"],"jetpack_featured_media_url":"","jetpack_sharing_enabled":true,"_links":{"self":[{"href":"http:\/\/culturaliagz.com\/index.php?rest_route=\/wp\/v2\/posts\/20400","targetHints":{"allow":["GET"]}}],"collection":[{"href":"http:\/\/culturaliagz.com\/index.php?rest_route=\/wp\/v2\/posts"}],"about":[{"href":"http:\/\/culturaliagz.com\/index.php?rest_route=\/wp\/v2\/types\/post"}],"author":[{"embeddable":true,"href":"http:\/\/culturaliagz.com\/index.php?rest_route=\/wp\/v2\/users\/1"}],"replies":[{"embeddable":true,"href":"http:\/\/culturaliagz.com\/index.php?rest_route=%2Fwp%2Fv2%2Fcomments&post=20400"}],"version-history":[{"count":3,"href":"http:\/\/culturaliagz.com\/index.php?rest_route=\/wp\/v2\/posts\/20400\/revisions"}],"predecessor-version":[{"id":20408,"href":"http:\/\/culturaliagz.com\/index.php?rest_route=\/wp\/v2\/posts\/20400\/revisions\/20408"}],"wp:attachment":[{"href":"http:\/\/culturaliagz.com\/index.php?rest_route=%2Fwp%2Fv2%2Fmedia&parent=20400"}],"wp:term":[{"taxonomy":"category","embeddable":true,"href":"http:\/\/culturaliagz.com\/index.php?rest_route=%2Fwp%2Fv2%2Fcategories&post=20400"},{"taxonomy":"post_tag","embeddable":true,"href":"http:\/\/culturaliagz.com\/index.php?rest_route=%2Fwp%2Fv2%2Ftags&post=20400"}],"curies":[{"name":"wp","href":"https:\/\/api.w.org\/{rel}","templated":true}]}}