{"id":20285,"date":"2025-12-11T02:12:40","date_gmt":"2025-12-11T01:12:40","guid":{"rendered":"http:\/\/culturaliagz.com\/?p=20285"},"modified":"2025-12-11T02:14:04","modified_gmt":"2025-12-11T01:14:04","slug":"representacion-do-espectaculo-teatral-estarei-ate-a-fin-de-zoe-iriarte-a-cargo-do-grupo-zoevixion-na-sala-de-exposicions-do-auditorio-municipal-de-vilalba","status":"publish","type":"post","link":"http:\/\/culturaliagz.com\/?p=20285","title":{"rendered":"Representaci\u00f3n do espect\u00e1culo teatral ESTAREI AT\u00c9 A FIN, de Zoe Iriarte, a cargo do grupo Zoevixi\u00f3n na Sala de Exposici\u00f3ns do Auditorio Municipal de Vilalba"},"content":{"rendered":"\n<p><\/p>\n\n\n\n<p><\/p>\n\n\n\n<figure class=\"wp-block-image size-full\"><a href=\"http:\/\/culturaliagz.com\/wp-content\/uploads\/2025\/12\/CARTAZ-ZOEVIXION-copia.jpg\" target=\"_blank\" rel=\" noreferrer noopener\"><img loading=\"lazy\" decoding=\"async\" width=\"1191\" height=\"1701\" src=\"http:\/\/culturaliagz.com\/wp-content\/uploads\/2025\/12\/CARTAZ-ZOEVIXION-copia.jpg\" alt=\"\" class=\"wp-image-20286\" srcset=\"http:\/\/culturaliagz.com\/wp-content\/uploads\/2025\/12\/CARTAZ-ZOEVIXION-copia.jpg 1191w, http:\/\/culturaliagz.com\/wp-content\/uploads\/2025\/12\/CARTAZ-ZOEVIXION-copia-980x1400.jpg 980w, http:\/\/culturaliagz.com\/wp-content\/uploads\/2025\/12\/CARTAZ-ZOEVIXION-copia-480x686.jpg 480w\" sizes=\"auto, (min-width: 0px) and (max-width: 480px) 480px, (min-width: 481px) and (max-width: 980px) 980px, (min-width: 981px) 1191px, 100vw\" \/><\/a><\/figure>\n\n\n\n<p><\/p>\n\n\n\n<p><\/p>\n\n\n\n<p><\/p>\n\n\n\n<p>O <a href=\"https:\/\/estudoschairegos.gal\/\" target=\"_blank\" rel=\"noreferrer noopener\">Instituto de Estudos Chairegos<\/a>, coa colaboraci\u00f3n do Concello de Vilalba, organiza a representaci\u00f3n do espect\u00e1culo de teatro expresivo <a href=\"https:\/\/estudoschairegos.gal\/circuito-de-teatro-profesional-representacion-de-estarei-ate-a-fin-de-zoe-iriarte-polo-grupo-zoevixion-sabado-20-12-25-2000h-na-sala-de-exposicions-do-auditorio-municipal-de-vilalba\/\" target=\"_blank\" rel=\"noreferrer noopener\">ESTAREI AT\u00c9 A FIN<\/a>, de Zoe Iriarte, a cargo do grupo ZOEVIXI\u00d3N.&nbsp;<\/p>\n\n\n\n<p>O acto \u00e9 posible grazas a financiaci\u00f3n e patrocinio da \u00c1rea de Cultura-Vicepresidencia da Deputaci\u00f3n de Lugo, a trav\u00e9s da convocatoria do Circu\u00edto de Teatro Profesional 2025.<\/p>\n\n\n\n<p>O evento ter\u00e1 lugar o s\u00e1bado 20 de decembro de 2025, \u00e1s 20:00 horas, na Sala de Exposici\u00f3ns do Auditorio Municipal de Vilalba.<\/p>\n\n\n\n<p style=\"font-size:16px\"><strong><em>Estarei at\u00e9 a fin\u00a0<\/em><\/strong><\/p>\n\n\n\n<p><em>Teatro xestual. P\u00fablico a partir dos 14 anos.<\/em>\u00a0<\/p>\n\n\n\n<p><em>Duraci\u00f3n: 30-45 min.\u00a0<\/em><\/p>\n\n\n\n<p><\/p>\n\n\n\n<p><\/p>\n\n\n<a href=\"http:\/\/culturaliagz.com\/wp-content\/uploads\/2025\/12\/NOTA-INFORMATIVA-ZOE-VIXION.pdf\" class=\"pdfemb-viewer\" style=\"\" data-width=\"max\" data-height=\"max\" data-toolbar=\"bottom\" data-toolbar-fixed=\"off\">NOTA-INFORMATIVA-ZOE-VIXION<\/a>","protected":false},"excerpt":{"rendered":"<p>O Instituto de Estudos Chairegos, coa colaboraci\u00f3n do Concello de Vilalba, organiza a representaci\u00f3n do espect\u00e1culo de teatro expresivo ESTAREI AT\u00c9 A FIN, de Zoe Iriarte, a cargo do grupo [&hellip;]<\/p>\n","protected":false},"author":1,"featured_media":0,"comment_status":"open","ping_status":"open","sticky":false,"template":"","format":"standard","meta":{"_et_pb_use_builder":"","_et_pb_old_content":"","_et_gb_content_width":"","_jetpack_memberships_contains_paid_content":false,"footnotes":""},"categories":[23,7,129,6,57,1],"tags":[769,30,3629,234,2490,3630,3628],"class_list":["post-20285","post","type-post","status-publish","format-standard","hentry","category-autoresas","category-creacion","category-literaria","category-novas","category-outras-artes","category-xeral","tag-area-de-cultura-vicepresidencia-da-deputacion-provincial-de-lugo","tag-concello-de-vilalba","tag-estarei-ate-a-fin","tag-iescha","tag-sala-de-exposicions-do-auditorio-municipal-de-vilalba","tag-zoe-iriarte","tag-zoevixion"],"jetpack_featured_media_url":"","jetpack_sharing_enabled":true,"_links":{"self":[{"href":"http:\/\/culturaliagz.com\/index.php?rest_route=\/wp\/v2\/posts\/20285","targetHints":{"allow":["GET"]}}],"collection":[{"href":"http:\/\/culturaliagz.com\/index.php?rest_route=\/wp\/v2\/posts"}],"about":[{"href":"http:\/\/culturaliagz.com\/index.php?rest_route=\/wp\/v2\/types\/post"}],"author":[{"embeddable":true,"href":"http:\/\/culturaliagz.com\/index.php?rest_route=\/wp\/v2\/users\/1"}],"replies":[{"embeddable":true,"href":"http:\/\/culturaliagz.com\/index.php?rest_route=%2Fwp%2Fv2%2Fcomments&post=20285"}],"version-history":[{"count":2,"href":"http:\/\/culturaliagz.com\/index.php?rest_route=\/wp\/v2\/posts\/20285\/revisions"}],"predecessor-version":[{"id":20289,"href":"http:\/\/culturaliagz.com\/index.php?rest_route=\/wp\/v2\/posts\/20285\/revisions\/20289"}],"wp:attachment":[{"href":"http:\/\/culturaliagz.com\/index.php?rest_route=%2Fwp%2Fv2%2Fmedia&parent=20285"}],"wp:term":[{"taxonomy":"category","embeddable":true,"href":"http:\/\/culturaliagz.com\/index.php?rest_route=%2Fwp%2Fv2%2Fcategories&post=20285"},{"taxonomy":"post_tag","embeddable":true,"href":"http:\/\/culturaliagz.com\/index.php?rest_route=%2Fwp%2Fv2%2Ftags&post=20285"}],"curies":[{"name":"wp","href":"https:\/\/api.w.org\/{rel}","templated":true}]}}