{"id":20277,"date":"2025-12-10T23:03:03","date_gmt":"2025-12-10T22:03:03","guid":{"rendered":"http:\/\/culturaliagz.com\/?p=20277"},"modified":"2025-12-10T23:04:25","modified_gmt":"2025-12-10T22:04:25","slug":"panosedan-pilocha-lis-latas-e-pablo-gonzalez-en-concerto-este-sabado-na-casa-museo-manuel-maria","status":"publish","type":"post","link":"http:\/\/culturaliagz.com\/?p=20277","title":{"rendered":"PANOSED\u00c1N (Pilocha, Lis Latas e Pablo Gonz\u00e1lez) en concerto este s\u00e1bado na Casa-Museo Manuel Mar\u00eda"},"content":{"rendered":"\n<p><\/p>\n\n\n\n<figure class=\"wp-block-image size-full\"><a href=\"http:\/\/culturaliagz.com\/wp-content\/uploads\/2025\/12\/panosedan2.jpg\" target=\"_blank\" rel=\" noreferrer noopener\"><img loading=\"lazy\" decoding=\"async\" width=\"1152\" height=\"768\" src=\"http:\/\/culturaliagz.com\/wp-content\/uploads\/2025\/12\/panosedan2.jpg\" alt=\"\" class=\"wp-image-20278\" srcset=\"http:\/\/culturaliagz.com\/wp-content\/uploads\/2025\/12\/panosedan2.jpg 1152w, http:\/\/culturaliagz.com\/wp-content\/uploads\/2025\/12\/panosedan2-980x653.jpg 980w, http:\/\/culturaliagz.com\/wp-content\/uploads\/2025\/12\/panosedan2-480x320.jpg 480w\" sizes=\"auto, (min-width: 0px) and (max-width: 480px) 480px, (min-width: 481px) and (max-width: 980px) 980px, (min-width: 981px) 1152px, 100vw\" \/><\/a><\/figure>\n\n\n\n<p><\/p>\n\n\n\n<p><\/p>\n\n\n\n<p><\/p>\n\n\n\n<p>Este s\u00e1bado, d\u00eda 13 de decembro, \u00e0s 20 h, na <a href=\"https:\/\/www.casamuseomanuelmaria.gal\/portada.htm;jsessionid=CE8AF3FE97284AB53AD5209DAB1C7A91\" target=\"_blank\" rel=\"noreferrer noopener\">Casa-Museo Manuel Mar\u00eda<\/a> acolleremos o concerto de&nbsp;<strong>PANOSED\u00c1N<\/strong>. O tr\u00edo conformado por PILOCHA, LIS LATAS E PABLO GONZ\u00c1LEZ presentan o seu traballo discogr\u00e1fico&nbsp;<strong><em><a href=\"https:\/\/www.casamuseomanuelmaria.gal\/actividades\/panosedan-en-concerto-este-proximo-sabado.htm?tipo=ACTIVIDADE\" target=\"_blank\" rel=\"noreferrer noopener\">Rosas e cravos<\/a>.<\/em><\/strong><\/p>\n\n\n\n<p>Nel recollen pezas do noso patrimonio popular galego-portugu\u00e9s e poemas musicalizados, moi populares, da nosa literatura. M\u00fasica onde se combina tradici\u00f3n, emoci\u00f3n e novas sonoridades moi populares. As\u00ed poderemos escoitar Romance de don Gaiferos; Quen puidera namorala; Menina est\u00e1s \u00e0 janela; \u00a0Adi\u00f3s r\u00edos, adi\u00f3s fontes; O alecr\u00edn; D\u00e1-me uma gotinha de \u00e1gua; Lela; Se\u00f1ora do Almort\u00e3o; Unha noite na eira do trigo; e O sacrist\u00e1n de Coimbra.<\/p>\n\n\n\n<p>Para asistir ao concerto \u00e9 necesario reservar (billete 5 euros) en <a href=\"mailto:contacto@casamuseomanuelmaria.gal\">contacto@casamuseomanuelmaria.gal<\/a> ou no whatsapp 698177621.<\/p>\n\n\n\n<p><\/p>\n","protected":false},"excerpt":{"rendered":"<p>Este s\u00e1bado, d\u00eda 13 de decembro, \u00e0s 20 h, na Casa-Museo Manuel Mar\u00eda acolleremos o concerto de&nbsp;PANOSED\u00c1N. O tr\u00edo conformado por PILOCHA, LIS LATAS E PABLO GONZ\u00c1LEZ presentan o seu [&hellip;]<\/p>\n","protected":false},"author":1,"featured_media":0,"comment_status":"open","ping_status":"open","sticky":false,"template":"","format":"standard","meta":{"_et_pb_use_builder":"","_et_pb_old_content":"","_et_gb_content_width":"","_jetpack_memberships_contains_paid_content":false,"footnotes":""},"categories":[23,7,6,57,1],"tags":[2112,3622,3623,3621,3620,3624],"class_list":["post-20277","post","type-post","status-publish","format-standard","hentry","category-autoresas","category-creacion","category-novas","category-outras-artes","category-xeral","tag-casa-museo-manuel-maria-2","tag-lis-latas","tag-pablo-gonzalez","tag-panosedan","tag-pilocha","tag-rosas-e-cravos"],"jetpack_featured_media_url":"","jetpack_sharing_enabled":true,"_links":{"self":[{"href":"http:\/\/culturaliagz.com\/index.php?rest_route=\/wp\/v2\/posts\/20277","targetHints":{"allow":["GET"]}}],"collection":[{"href":"http:\/\/culturaliagz.com\/index.php?rest_route=\/wp\/v2\/posts"}],"about":[{"href":"http:\/\/culturaliagz.com\/index.php?rest_route=\/wp\/v2\/types\/post"}],"author":[{"embeddable":true,"href":"http:\/\/culturaliagz.com\/index.php?rest_route=\/wp\/v2\/users\/1"}],"replies":[{"embeddable":true,"href":"http:\/\/culturaliagz.com\/index.php?rest_route=%2Fwp%2Fv2%2Fcomments&post=20277"}],"version-history":[{"count":2,"href":"http:\/\/culturaliagz.com\/index.php?rest_route=\/wp\/v2\/posts\/20277\/revisions"}],"predecessor-version":[{"id":20280,"href":"http:\/\/culturaliagz.com\/index.php?rest_route=\/wp\/v2\/posts\/20277\/revisions\/20280"}],"wp:attachment":[{"href":"http:\/\/culturaliagz.com\/index.php?rest_route=%2Fwp%2Fv2%2Fmedia&parent=20277"}],"wp:term":[{"taxonomy":"category","embeddable":true,"href":"http:\/\/culturaliagz.com\/index.php?rest_route=%2Fwp%2Fv2%2Fcategories&post=20277"},{"taxonomy":"post_tag","embeddable":true,"href":"http:\/\/culturaliagz.com\/index.php?rest_route=%2Fwp%2Fv2%2Ftags&post=20277"}],"curies":[{"name":"wp","href":"https:\/\/api.w.org\/{rel}","templated":true}]}}