{"id":19847,"date":"2025-10-28T22:12:55","date_gmt":"2025-10-28T21:12:55","guid":{"rendered":"http:\/\/culturaliagz.com\/?p=19847"},"modified":"2025-10-28T22:14:10","modified_gmt":"2025-10-28T21:14:10","slug":"paula-quintas-e-andrea-jimenez-botan-o-pano-da-34a-edicion-do-fiot-esta-semana","status":"publish","type":"post","link":"http:\/\/culturaliagz.com\/?p=19847","title":{"rendered":"Paula Quintas e Andrea Jim\u00e9nez botan\u00a0o pano da 34\u00aa edici\u00f3n do FIOT esta semana"},"content":{"rendered":"\n<p><\/p>\n\n\n\n<figure class=\"wp-block-image size-full\"><a href=\"http:\/\/culturaliagz.com\/wp-content\/uploads\/2025\/10\/Post-IG-Agenda-semanal-34-Fiot6-scaled.png\" target=\"_blank\" rel=\" noreferrer noopener\"><img loading=\"lazy\" decoding=\"async\" width=\"2048\" height=\"2560\" src=\"http:\/\/culturaliagz.com\/wp-content\/uploads\/2025\/10\/Post-IG-Agenda-semanal-34-Fiot6-scaled.png\" alt=\"\" class=\"wp-image-19848\" srcset=\"http:\/\/culturaliagz.com\/wp-content\/uploads\/2025\/10\/Post-IG-Agenda-semanal-34-Fiot6-scaled.png 2048w, http:\/\/culturaliagz.com\/wp-content\/uploads\/2025\/10\/Post-IG-Agenda-semanal-34-Fiot6-1280x1600.png 1280w, http:\/\/culturaliagz.com\/wp-content\/uploads\/2025\/10\/Post-IG-Agenda-semanal-34-Fiot6-980x1225.png 980w, http:\/\/culturaliagz.com\/wp-content\/uploads\/2025\/10\/Post-IG-Agenda-semanal-34-Fiot6-480x600.png 480w\" sizes=\"auto, (min-width: 0px) and (max-width: 480px) 480px, (min-width: 481px) and (max-width: 980px) 980px, (min-width: 981px) and (max-width: 1280px) 1280px, (min-width: 1281px) 2048px, 100vw\" \/><\/a><\/figure>\n\n\n\n<p><\/p>\n\n\n\n<p><\/p>\n\n\n\n<p><\/p>\n\n\n\n<p><\/p>\n\n\n\n<p><\/p>\n\n\n\n<p class=\"has-text-align-center\" style=\"font-size:15px\"><strong>Este m\u00e9rcores, 29 de outubro, \u00e1s 20.00h, no Pazo da Cultura, a core\u00f3grafa e bailarina&nbsp;<\/strong><\/p>\n\n\n\n<p class=\"has-text-align-center\" style=\"font-size:15px\"><strong>Paula Quintas presentar\u00e1 o \u201cwork in progress\u201d&nbsp;<em>Desde o cors\u00e9 a danza vertical: do rigor cl\u00e1sico \u00e1 liberdade a\u00e9rea contempor\u00e1nea<\/em>,&nbsp;con acceso libre ata completar a capacidade&nbsp;<\/strong><\/p>\n\n\n\n<p class=\"has-text-align-center\" style=\"font-size:15px\"><strong>Xa o xoves 30, \u00e1s 20.00h, no Pazo da Cultura, ter\u00e1 lugar a lectura dramatizada&nbsp;de&nbsp;<em>Mal Ollo<\/em>, a cargo da Aula de Teatro de Carballo, tam\u00e9n con entrada de balde<\/strong><\/p>\n\n\n\n<p class=\"has-text-align-center\" style=\"font-size:15px\"><strong>O Programa de Sala do FIOT chegar\u00e1 ao seu fin coa representaci\u00f3n de&nbsp;<em>Vulcano<\/em>,&nbsp;de Andrea Jim\u00e9nez, dramaturga e directora que foi ga\u00f1adora do Premio do P\u00fablico&nbsp;en 2024 co seu celebrado&nbsp;<em>Casting Lear<\/em>, e que agora regresa ao FIOT coa s\u00faa \u00faltima creaci\u00f3n,&nbsp;en coproduci\u00f3n co Centro Dram\u00e1tico Nacional e Projectes Art\u00edstics<\/strong><\/p>\n\n\n\n<p class=\"has-text-align-center\" style=\"font-size:15px\"><strong>O s\u00e1bado 1 de novembro, o Festival Internacional Outono de Teatro&nbsp;de Carballo despedirase das t\u00e1boas cunha festa a ritmo de cabar\u00e9 para&nbsp;os voluntarios e os socios de Tel\u00f3n e Aparte, da man de&nbsp;<em>Le BarLuthier.&nbsp;Un piano bar literal e itinerante<\/em>, a partir das 20.00 horas, no Pazo da Cultura<\/strong><\/p>\n\n\n\n<p><\/p>\n\n\n\n<p><\/p>\n\n\n\n<p><\/p>\n\n\n\n<p>Esta semana, o FIOT, o Festival Internacional Outono de Teatro de Carballo, bota o pano da s\u00faa 34\u00aa edici\u00f3n. As\u00ed, ma\u00f1\u00e1 m\u00e9rcores, 29 de outubro, \u00e1s 20.00h, no Pazo da Cultura, a core\u00f3grafa e bailarina Paula Quintas presentar\u00e1 o \u201cwork in progress\u201d&nbsp;<em>Desde o cors\u00e9 a danza vertical: do rigor cl\u00e1sico \u00e1 liberdade a\u00e9rea contempor\u00e1nea<\/em>, con acceso libre ata completar a capacidade.&nbsp;<\/p>\n\n\n\n<p>Paula Quintas \u00e9 un bailarina, creadora, core\u00f3grafa e directora art\u00edstica galega de referencia e cunha linguaxe persoal que explora a danza contempor\u00e1nea, a verticalidade e a relaci\u00f3n do corpo co espazo, sempre na procura de novos modos de comunicar e de compartir co p\u00fablico. No #FIOT33 estreamos o seu espect\u00e1culo&nbsp;<em>Multiperspectivas#3<\/em>. Agora, a creadora regresa ao OTNI cunha unha conferencia en movemento que prop\u00f3n un percorrido vivo e po\u00e9tico pola historia da danza e do circo, entre a disciplina do corpo e a s\u00faa liberdade a\u00e9rea.<\/p>\n\n\n\n<p>Xa o xoves, 30 de outubro, \u00e1s 20.00h, no Pazo da Cultura, tam\u00e9n con entrada de balde, ter\u00e1 lugar a lectura dramatizada de&nbsp;<em>Mal Ollo. Comedia de ambente mari\u00f1eiro<\/em>. Con motivo do 120 aniversario do nacemento do dramaturgo carball\u00e9s C\u00e1ndido Alfonso Gonz\u00e1lez Tiradas (Carballo, 1905 \u2013 Bos Aires, 1966), a Aula de Teatro de Carballo presenta esta divertida peza que mestura o humor popular co mundo m\u00e1xico galego.<\/p>\n\n\n\n<p>O carball\u00e9s foi un dramaturgo e activista cultural que desenvolveu en Arxentina un importante labor a prol da emigraci\u00f3n galega. A obra, premiada no Certame Castelao e publicada en Bos Aires en 1954, est\u00e1 considerada un folk-drama no que conviven m\u00fasica, tradici\u00f3n e simbolismo. Os di\u00e1logos vivos, o ambiente mari\u00f1eiro e a presenza do m\u00edtico fan desta peza unha mostra singular do noso teatro. Con esta lectura dramatizada, a Aula de Teatro recupera para o p\u00fablico unha obra esencial da memoria cultural galega.<\/p>\n\n\n\n<p>Pola s\u00faa banda, o Programa de Sala do FIOT chegar\u00e1 ao seu fin coa representaci\u00f3n de&nbsp;<em>Vulcano<\/em>, de Andrea Jim\u00e9nez, dramaturga e directora que foi ga\u00f1adora do Premio do P\u00fablico en 2024 co seu celebrado&nbsp;<em>Casting Lear<\/em>, e que agora regresa ao FIOT coa s\u00faa \u00faltima creaci\u00f3n, en coproduci\u00f3n co Centro Dram\u00e1tico Nacional e Projectes Art\u00edstics.&nbsp;<em>Vulcano<\/em>&nbsp;\u00e9 a historia dunha familia que tenta salvarse dun trauma pasado: o incendio do seu edificio, un suceso con consecuencias tr\u00e1xicas, que deixa pegadas profundas nos que sobreviviron. A chegada dunha reporteira e o intento de reconstru\u00edr o que sucedeu alteran o concepto da verdade e po\u00f1en en d\u00fabida a versi\u00f3n orixinal dos feitos.<\/p>\n\n\n\n<p>Cun moito humor e cun formato de thriller e investigaci\u00f3n criminal ponse de manifesto como manipulamos a memoria \u00e1 hora de constru\u00edr os nosos relatos e de como os precisamos para comprender ou curar, para dar sentido ao que somos. Unhas excelentes interpretaci\u00f3ns e unha imaxinativa posta en escena con gran protagonismo da c\u00e1mara en directo fan da obra un xogo esc\u00e9nico que investiga os cruces entre realidade e ficci\u00f3n e que mestura drama social, tensi\u00f3n e misterio con comedia.<\/p>\n\n\n\n<p><em>Vulcano<\/em>&nbsp;\u00e9 o resultado do encontro entre as miradas de d\u00faas puxantes figuras da escena contempor\u00e1nea espa\u00f1ola, a dramaturga Victoria Szpunberg \u2013Premio Nacional de Literatura Dram\u00e1tica 2025\u2013 e a directora Andrea Jim\u00e9nez, que, na procura dun teatro vivo, realizaron un proxecto de creaci\u00f3n colectiva que contou coa coproduci\u00f3n do Centro Dram\u00e1tico Nacional.<\/p>\n\n\n\n<p>Finalmente, o s\u00e1bado 1 de novembro, o Festival Internacional Outono de Teatro de Carballo despedirase das t\u00e1boas cunha festa a ritmo de cabar\u00e9 para os voluntarios e os socios de Tel\u00f3n e Aparte, da man de&nbsp;<em>Le BarLuthier. Un piano bar literal e itinerante<\/em>, a partir das 20.00 horas, no Pazo da Cultura, con convite.<\/p>\n\n\n\n<p><\/p>\n\n\n\n<p><\/p>\n\n\n\n<figure class=\"wp-block-image size-full\"><a href=\"http:\/\/culturaliagz.com\/wp-content\/uploads\/2025\/10\/Paula-Quintas-Fotografica-Oviedo-scaled.jpeg\" target=\"_blank\" rel=\" noreferrer noopener\"><img loading=\"lazy\" decoding=\"async\" width=\"1707\" height=\"2560\" src=\"http:\/\/culturaliagz.com\/wp-content\/uploads\/2025\/10\/Paula-Quintas-Fotografica-Oviedo-scaled.jpeg\" alt=\"\" class=\"wp-image-19849\" srcset=\"http:\/\/culturaliagz.com\/wp-content\/uploads\/2025\/10\/Paula-Quintas-Fotografica-Oviedo-scaled.jpeg 1707w, http:\/\/culturaliagz.com\/wp-content\/uploads\/2025\/10\/Paula-Quintas-Fotografica-Oviedo-1280x1920.jpeg 1280w, http:\/\/culturaliagz.com\/wp-content\/uploads\/2025\/10\/Paula-Quintas-Fotografica-Oviedo-980x1470.jpeg 980w, http:\/\/culturaliagz.com\/wp-content\/uploads\/2025\/10\/Paula-Quintas-Fotografica-Oviedo-480x720.jpeg 480w\" sizes=\"auto, (min-width: 0px) and (max-width: 480px) 480px, (min-width: 481px) and (max-width: 980px) 980px, (min-width: 981px) and (max-width: 1280px) 1280px, (min-width: 1281px) 1707px, 100vw\" \/><\/a><\/figure>\n\n\n\n<p><\/p>\n\n\n\n<p><\/p>\n\n\n\n<p><strong>SOBRE A 34\u00aa EDICI\u00d3N DO FIOT DE CARBALLO<\/strong><strong><\/strong><\/p>\n\n\n\n<p>Do 25 de setembro ao 31 de outubro, o Festival Internacional Outono de Teatro de Carballo, o FIOT, regresou \u00e1s t\u00e1boas para celebrar a s\u00faa 34\u00aa edici\u00f3n con 45 espect\u00e1culos, 11 estreas absolutas, 11 estreas en Galicia, 2 coproduci\u00f3ns e figuras imprescindibles da escena teatral contempor\u00e1nea. Durante cinco semanas, o FIOT achegou a Galicia una coidada selecci\u00f3n de propostas \u00e1 altura dos teatros e festivais m\u00e1is representativos de Espa\u00f1a e Europa, con propostas que triunfan no Teatro Espa\u00f1ol, a Compa\u00f1\u00eda Nacional de Teatro Cl\u00e1sico, o Centro Dram\u00e1tico Nacional, os Teatros del Canal, o Festival de Almagro, Fet\u00e9n, o Festival Temporada Alta de Girona ou o Festival de Oto\u00f1o de Madrid.<\/p>\n\n\n\n<p>As\u00ed, o FIOT de Carballo encheu \u00e1s salas, as r\u00faas e os espazos non convencionais da vila berganti\u00f1\u00e1 con pezas de artistas e compa\u00f1\u00edas como Andrea Jim\u00e9nez, Jan Lauwers, Juan Diego Botto, Sergio Peris-Mencheta, Mar\u00eda Galiana, Alex O\u2019Dogherty, Lucas Escobedo, Pont Flotant, Gabriel Cham\u00e9 Buend\u00eda, Galeatro, Pistacatro, Needcompany, Gonzalo Cunill, Ain\u00e9, Quico Cadaval, Paula Quintas, Evaristo Calvo ou El Patio Teatro.<\/p>\n\n\n\n<p>Nesta 34\u00aa edici\u00f3n, o FIOT volveu converterse no \u201ccoraz\u00f3n do teatro en Galicia\u201d da man das s\u00faas li\u00f1as de programaci\u00f3n habituais, con propostas abertas a todos os p\u00fablicos, formatos e sensibilidades, procedentes de 3 pa\u00edses \u2013Espa\u00f1a, B\u00e9lxica, Arxentina\u2013 e 9 comunidades aut\u00f3nomas \u2013Andaluc\u00eda, Asturias, Comunidade Valenciana, Catalu\u00f1a, Comunidade de Madrid, Galicia, A Rioxa, Castela-A Mancha e Pa\u00eds Vasco\u2013, ademais dunha vintena de acci\u00f3ns de mediaci\u00f3n.&nbsp;<\/p>\n\n\n\n<p>No FIOT houbo Programa de Sala, OTNI, R\u00faa dos Contos, Teatro de R\u00faa, FIOT en Ruta, Micro-escenas M<sup class=\"\">2<\/sup>, FIOTeen e Fioti\u00f1o, ademais de 3 residencias art\u00edsticas, 2 presentaci\u00f3ns de&nbsp;<em>works in progress<\/em>&nbsp;e actividades paralelas como exposici\u00f3ns, gravaci\u00f3ns de OndaFIOT, presentaci\u00f3ns de libros, conversas, o Premio do P\u00fablico, o Certame de Teatro Lido, etc.<\/p>\n\n\n\n<p>Reco\u00f1ecido como un proxecto pioneiro e clave da cultura en Galicia e unha cita referente da cultura galega, non s\u00f3 en termos de exhibici\u00f3n, sen\u00f3n tam\u00e9n de produci\u00f3n e acompa\u00f1amento art\u00edstico, no #FIOT34 non faltaron produci\u00f3ns con selo galego que forman parte fundamental do seu programa, da man de compa\u00f1\u00edas e artistas tan queridas polo p\u00fablico de Carballo como Contraproduci\u00f3ns, Ain\u00e9, Pistacatro, Paula Quintas C\u00eda., Evaristo Calvo, Quico Cadaval e Celso Sanmart\u00edn, Marita Mart\u00ednez ou Galeatro \u2013esta \u00faltima, en t\u00e1ndem art\u00edstico con Xarope Tul\u00fa e a Premio Nacional de Literatura Dram\u00e1tica Paula Carballeira\u2013.<\/p>\n\n\n\n<p>Cabe destacar que, fiel \u00e1 s\u00faa vocaci\u00f3n de apertura, con propostas transversais e inclusivas para o goce de todos os p\u00fablicos, neste #FIOT34 moitas das grandes propostas estiveron orientadas a todos os p\u00fablicos, non exclusivamente adultos, como \u00e9 o caso das marabillosas&nbsp;<em>Matres<\/em>&nbsp;ou&nbsp;<em>Farra<\/em>. Un ano m\u00e1is, houbo espazo para o risco, os cl\u00e1sicos, os emerxentes, as novas linguaxes e, en definitiva, o descubrimento.<\/p>\n\n\n\n<p>\u201cRa\u00edz viva, memoria colectiva\u201d foi o leitmotiv dunha edici\u00f3n que buscou po\u00f1er en valor a orixe e a tradici\u00f3n como s\u00edmbolos de identidade propia e faros da nosa contemporaneidade. Trat\u00f3use dunha chamada \u00e1 orixe: a aquilo que nos sost\u00e9n por dentro, a\u00ednda que non se vexa. Como as entra\u00f1as do corpo, a ra\u00edz e a memoria forman parte desa anatom\u00eda com\u00fan que nos une: emocional, cultural e esc\u00e9nica.<\/p>\n\n\n\n<p><\/p>\n\n\n\n<p><\/p>\n\n\n\n<figure class=\"wp-block-image size-large\"><a href=\"http:\/\/culturaliagz.com\/wp-content\/uploads\/2025\/10\/VULCANO-\u00a9BARBARA-SANCHEZ-PALOMERO-027-scaled.jpg\" target=\"_blank\" rel=\" noreferrer noopener\"><img loading=\"lazy\" decoding=\"async\" width=\"1024\" height=\"683\" src=\"http:\/\/culturaliagz.com\/wp-content\/uploads\/2025\/10\/VULCANO-\u00a9BARBARA-SANCHEZ-PALOMERO-027-1024x683.jpg\" alt=\"\" class=\"wp-image-19850\" srcset=\"http:\/\/culturaliagz.com\/wp-content\/uploads\/2025\/10\/VULCANO-\u00a9BARBARA-SANCHEZ-PALOMERO-027-1024x683.jpg 1024w, http:\/\/culturaliagz.com\/wp-content\/uploads\/2025\/10\/VULCANO-\u00a9BARBARA-SANCHEZ-PALOMERO-027-300x200.jpg 300w, http:\/\/culturaliagz.com\/wp-content\/uploads\/2025\/10\/VULCANO-\u00a9BARBARA-SANCHEZ-PALOMERO-027-768x512.jpg 768w, http:\/\/culturaliagz.com\/wp-content\/uploads\/2025\/10\/VULCANO-\u00a9BARBARA-SANCHEZ-PALOMERO-027-1536x1024.jpg 1536w, http:\/\/culturaliagz.com\/wp-content\/uploads\/2025\/10\/VULCANO-\u00a9BARBARA-SANCHEZ-PALOMERO-027-2048x1365.jpg 2048w, http:\/\/culturaliagz.com\/wp-content\/uploads\/2025\/10\/VULCANO-\u00a9BARBARA-SANCHEZ-PALOMERO-027-1080x720.jpg 1080w, http:\/\/culturaliagz.com\/wp-content\/uploads\/2025\/10\/VULCANO-\u00a9BARBARA-SANCHEZ-PALOMERO-027-1280x854.jpg 1280w, http:\/\/culturaliagz.com\/wp-content\/uploads\/2025\/10\/VULCANO-\u00a9BARBARA-SANCHEZ-PALOMERO-027-980x653.jpg 980w, http:\/\/culturaliagz.com\/wp-content\/uploads\/2025\/10\/VULCANO-\u00a9BARBARA-SANCHEZ-PALOMERO-027-480x320.jpg 480w\" sizes=\"auto, (max-width: 1024px) 100vw, 1024px\" \/><\/a><\/figure>\n\n\n\n<p><\/p>\n\n\n\n<p><\/p>\n\n\n\n<p><strong>SOBRE O FESTIVAL INTERNACIONAL OUTONO DE TEATRO DE CARBALLO (FIOT)<\/strong><strong><\/strong><\/p>\n\n\n\n<p><strong><em>M\u00e1is de tres d\u00e9cadas creando teatro<\/em><\/strong><\/p>\n\n\n\n<p>O Festival Internacional Outono de Teatro (FIOT) \u00e9 un festival que ofrece un programa comprometido coas artes esc\u00e9nicas e cos proxectos m\u00e1is prestixiosos do teatro actual. Est\u00e1 organizado pola Asociaci\u00f3n Cultural Tel\u00f3n e Aparte e conta coa colaboraci\u00f3n do Concello de Carballo.<\/p>\n\n\n\n<p>Pola s\u00faa traxectoria, a calidade da programaci\u00f3n, a variedade das propostas de intermediaci\u00f3n cultural que ofrece e pola s\u00faa proxecci\u00f3n, o FIOT sit\u00faase como un dos festivais m\u00e1is importantes de Galicia e referente cultural durante o outono: un mes completo de programaci\u00f3n, con preto de 40 espect\u00e1culos e ducias de actividades paralelas, converten a Carballo na capital das artes esc\u00e9nicas da comunidade galega.<\/p>\n\n\n\n<p>Desde hai 34 anos, o FIOT d\u00e1 a co\u00f1ecer en Carballo o traballo de compa\u00f1\u00edas de referencia e de creadoras emerxentes. Mais, especialmente, busca atraer novos p\u00fablicos ao teatro. O festival nace en 1992 como espazo para ofrecer unha programaci\u00f3n de teatro de calidade na comarca de Berganti\u00f1os e impulsar unha estrutura creativa arredor das artes esc\u00e9nicas na zona. Desde ent\u00f3n, FIOT \u00e9 o lugar de encontro entre artistas, compa\u00f1\u00edas e programadoras, e aposta por estimular a creaci\u00f3n e o traballo en rede tanto a trav\u00e9s da oferta de espazos para residencias art\u00edsticas como da implicaci\u00f3n, do propio festival, na produci\u00f3n e novos espect\u00e1culos, fundamentalmente de compa\u00f1\u00edas galegas.<\/p>\n\n\n\n<p>Nas s\u00faas pasadas 33 edici\u00f3ns, FIOT contou coa participaci\u00f3n das compa\u00f1\u00edas m\u00e1is relevantes de Galicia e Espa\u00f1a, ademais do \u00e1mbito internacional, outorgando as\u00ed espazo a numerosas disciplinas, novas linguaxes, x\u00e9neros e formatos; ademais de ofrecer estreas absolutas ou no territorio galego. Desde xeito, m\u00e1is de 350 formaci\u00f3ns e artistas presentaron os seus traballos no FIOT, con nomes tan salientables no marco do panorama esc\u00e9nico galego, nacional e internacional coma Blanca Portillo, Pablo Messiez, Rafael \u00c1lvarez \u2018El Brujo\u2019, Yllana, Ron Lal\u00e1, Pont Flotant, Titzina, Kamikaze Producciones, Compa\u00f1\u00eda do Chapit\u00f4, Leo Bassi, Grupo Ch\u00e9vere, Timbre 4, Mofa e Befa, Xos\u00e9 A. Touri\u00f1\u00e1n, Quico Cadaval\u2026<\/p>\n\n\n\n<p>Ao longo da s\u00faa traxectoria, diversos reco\u00f1ecementos acreditaron o intenso traballo do FIOT para achegar as artes esc\u00e9nicas do s\u00e9culo XXI \u00e1 cidadan\u00eda e reco\u00f1eceron o festival como unha das iniciativas teatrais do noroeste peninsular m\u00e1is relevantes na actualidade. Entre outras distinci\u00f3ns c\u00edtanse, ademais da \u2018Insignia Cultural\u2019 do \u2018Observatorio de la Cultura\u2019 da Fundaci\u00f3n Contempor\u00e1nea como mellor proxecto cultural de Galicia en 2022, o Premio da Cultura Galega 2018 no \u00e1mbito das artes esc\u00e9nicas outorgado pola Xunta de Galicia ou o Premio Galego do Ano 2018, entre outros.<\/p>\n\n\n\n<p><\/p>\n\n\n\n<p><strong>M\u00c1IS INFORMACI\u00d3N<\/strong><strong><\/strong><\/p>\n\n\n\n<p><a target=\"_blank\" href=\"http:\/\/www.fiot.gal\/\" class=\"\" rel=\"noreferrer noopener\">www.fiot.gal<\/a>&nbsp;<\/p>\n\n\n\n<p><\/p>\n\n\n\n<p><\/p>\n\n\n<a href=\"http:\/\/culturaliagz.com\/wp-content\/uploads\/2025\/10\/2025.10.28.NP-Sexta-Semana-FIOT34.pdf\" class=\"pdfemb-viewer\" style=\"\" data-width=\"max\" data-height=\"max\" data-toolbar=\"bottom\" data-toolbar-fixed=\"off\">2025.10.28.NP-Sexta-Semana-FIOT34<\/a>","protected":false},"excerpt":{"rendered":"<p>Este m\u00e9rcores, 29 de outubro, \u00e1s 20.00h, no Pazo da Cultura, a core\u00f3grafa e bailarina&nbsp; Paula Quintas presentar\u00e1 o \u201cwork in progress\u201d&nbsp;Desde o cors\u00e9 a danza vertical: do rigor cl\u00e1sico [&hellip;]<\/p>\n","protected":false},"author":1,"featured_media":0,"comment_status":"open","ping_status":"open","sticky":false,"template":"","format":"standard","meta":{"_et_pb_use_builder":"","_et_pb_old_content":"","_et_gb_content_width":"","_jetpack_memberships_contains_paid_content":false,"footnotes":""},"categories":[23,7,6,57,1],"tags":[3227,2627,1322,2626,1705,3489,3300,3494,3490,2577,2405,3492,3493,3491],"class_list":["post-19847","post","type-post","status-publish","format-standard","hentry","category-autoresas","category-creacion","category-novas","category-outras-artes","category-xeral","tag-fiot34","tag-andrea-jimenez","tag-asociacion-cultural-telon-e-aparte","tag-casting-lear","tag-centro-dramatico-nacional","tag-desde-o-corse-a-danza-vertical-do-rigor-clasico-a-liberdade-aerea-contemporanea","tag-fiot-2025","tag-le-barluthier-un-piano-bar-literal-e-itinerante","tag-mal-ollo","tag-paula-quintas","tag-pazo-da-cultura-de-carballo","tag-premio-do-publico-en-2024","tag-projectes-artistics","tag-vulcano"],"jetpack_featured_media_url":"","jetpack_sharing_enabled":true,"_links":{"self":[{"href":"http:\/\/culturaliagz.com\/index.php?rest_route=\/wp\/v2\/posts\/19847","targetHints":{"allow":["GET"]}}],"collection":[{"href":"http:\/\/culturaliagz.com\/index.php?rest_route=\/wp\/v2\/posts"}],"about":[{"href":"http:\/\/culturaliagz.com\/index.php?rest_route=\/wp\/v2\/types\/post"}],"author":[{"embeddable":true,"href":"http:\/\/culturaliagz.com\/index.php?rest_route=\/wp\/v2\/users\/1"}],"replies":[{"embeddable":true,"href":"http:\/\/culturaliagz.com\/index.php?rest_route=%2Fwp%2Fv2%2Fcomments&post=19847"}],"version-history":[{"count":2,"href":"http:\/\/culturaliagz.com\/index.php?rest_route=\/wp\/v2\/posts\/19847\/revisions"}],"predecessor-version":[{"id":19853,"href":"http:\/\/culturaliagz.com\/index.php?rest_route=\/wp\/v2\/posts\/19847\/revisions\/19853"}],"wp:attachment":[{"href":"http:\/\/culturaliagz.com\/index.php?rest_route=%2Fwp%2Fv2%2Fmedia&parent=19847"}],"wp:term":[{"taxonomy":"category","embeddable":true,"href":"http:\/\/culturaliagz.com\/index.php?rest_route=%2Fwp%2Fv2%2Fcategories&post=19847"},{"taxonomy":"post_tag","embeddable":true,"href":"http:\/\/culturaliagz.com\/index.php?rest_route=%2Fwp%2Fv2%2Ftags&post=19847"}],"curies":[{"name":"wp","href":"https:\/\/api.w.org\/{rel}","templated":true}]}}