{"id":19836,"date":"2025-10-27T22:13:18","date_gmt":"2025-10-27T21:13:18","guid":{"rendered":"http:\/\/culturaliagz.com\/?p=19836"},"modified":"2025-10-27T22:24:32","modified_gmt":"2025-10-27T21:24:32","slug":"fallo-do-v-certame-de-caligramas-constanza-de-castro","status":"publish","type":"post","link":"http:\/\/culturaliagz.com\/?p=19836","title":{"rendered":"Nanda Misa ga\u00f1a o V Certame de Caligramas CONSTANZA DE CASTRO"},"content":{"rendered":"\n<p><\/p>\n\n\n\n<figure class=\"wp-block-image size-full\"><a href=\"http:\/\/culturaliagz.com\/wp-content\/uploads\/2025\/10\/IMG_3660.jpeg\" target=\"_blank\" rel=\" noreferrer noopener\"><img loading=\"lazy\" decoding=\"async\" width=\"2044\" height=\"2048\" src=\"http:\/\/culturaliagz.com\/wp-content\/uploads\/2025\/10\/IMG_3660.jpeg\" alt=\"\" class=\"wp-image-19839\" srcset=\"http:\/\/culturaliagz.com\/wp-content\/uploads\/2025\/10\/IMG_3660.jpeg 2044w, http:\/\/culturaliagz.com\/wp-content\/uploads\/2025\/10\/IMG_3660-1280x1283.jpeg 1280w, http:\/\/culturaliagz.com\/wp-content\/uploads\/2025\/10\/IMG_3660-980x982.jpeg 980w, http:\/\/culturaliagz.com\/wp-content\/uploads\/2025\/10\/IMG_3660-480x481.jpeg 480w\" sizes=\"auto, (min-width: 0px) and (max-width: 480px) 480px, (min-width: 481px) and (max-width: 980px) 980px, (min-width: 981px) and (max-width: 1280px) 1280px, (min-width: 1281px) 2044px, 100vw\" \/><\/a><\/figure>\n\n\n\n<p><\/p>\n\n\n\n<p><\/p>\n\n\n\n<p><\/p>\n\n\n\n<p>Este pasado domingo, durante a celebraci\u00f3n do <em>V Magosto Cal Da Loba<\/em>, comunicouse a resoluci\u00f3n da quinta edici\u00f3n do <strong>Certame de Caligramas CONSTANZA DE CASTRO<\/strong>, convocado pola <em>Asociaci\u00f3n Recreativo Cultural de San Marti\u00f1o de Pino<\/em>, coa colaboraci\u00f3n de <em>Caldaloba.es<\/em> e <em>Culturalia GZ.<\/em> O xurado de dito certame, integrado por Lola Dom\u00ednguez, Xesa Roca e Noa Pena, despois de valorar case medio cento de obras presentadas, tomou a seguinte decisi\u00f3n:<\/p>\n\n\n\n<p><em>Primeiro premio<\/em> \u00e1 obra <strong>Constanza no espello<\/strong>, cuxa autor\u00eda corresponde a <em>Nanda Misa<\/em>, de Nigr\u00e1n.<\/p>\n\n\n\n<p><em>Segundo premio<\/em> para o caligrama <strong>11 pulsos contra o esquecemento<\/strong>, da coru\u00f1esa <em>Alba Rodr\u00edguez<\/em>.<\/p>\n\n\n\n<p>A entrega de galard\u00f3ns celebrarase na <em>Biblioteca Rural San Marti\u00f1o de Pino<\/em> no mes de febreiro de 2026, coincidindo cos actos arredor do <em>D\u00eda de Rosal\u00eda<\/em>.<\/p>\n","protected":false},"excerpt":{"rendered":"<p>Este pasado domingo, durante a celebraci\u00f3n do V Magosto Cal Da Loba, comunicouse a resoluci\u00f3n da quinta edici\u00f3n do Certame de Caligramas CONSTANZA DE CASTRO, convocado pola Asociaci\u00f3n Recreativo Cultural [&hellip;]<\/p>\n","protected":false},"author":1,"featured_media":0,"comment_status":"open","ping_status":"open","sticky":false,"template":"","format":"standard","meta":{"_et_pb_use_builder":"","_et_pb_old_content":"","_et_gb_content_width":"","_jetpack_memberships_contains_paid_content":false,"footnotes":""},"categories":[23,7,129,6,57,1],"tags":[3483,580,1428,919,3484,29,3488,2781,3486,3485,3066,3381,3487],"class_list":["post-19836","post","type-post","status-publish","format-standard","hentry","category-autoresas","category-creacion","category-literaria","category-novas","category-outras-artes","category-xeral","tag-alba-rodriguez","tag-asociacion-recreativo-cultural-de-san-martino-de-pino","tag-biblioteca-rural-de-san-martino-de-pino","tag-caldaloba-es","tag-constanza-no-espello","tag-culturalia-gz","tag-lola-dominguez","tag-nanda-misa","tag-noa-pena","tag-once-pulsos-contra-o-esquecemento","tag-v-certame-de-caligramas-constanza-de-castro","tag-v-magosto-cal-da-loba","tag-xesa-roca"],"jetpack_featured_media_url":"","jetpack_sharing_enabled":true,"_links":{"self":[{"href":"http:\/\/culturaliagz.com\/index.php?rest_route=\/wp\/v2\/posts\/19836","targetHints":{"allow":["GET"]}}],"collection":[{"href":"http:\/\/culturaliagz.com\/index.php?rest_route=\/wp\/v2\/posts"}],"about":[{"href":"http:\/\/culturaliagz.com\/index.php?rest_route=\/wp\/v2\/types\/post"}],"author":[{"embeddable":true,"href":"http:\/\/culturaliagz.com\/index.php?rest_route=\/wp\/v2\/users\/1"}],"replies":[{"embeddable":true,"href":"http:\/\/culturaliagz.com\/index.php?rest_route=%2Fwp%2Fv2%2Fcomments&post=19836"}],"version-history":[{"count":7,"href":"http:\/\/culturaliagz.com\/index.php?rest_route=\/wp\/v2\/posts\/19836\/revisions"}],"predecessor-version":[{"id":19846,"href":"http:\/\/culturaliagz.com\/index.php?rest_route=\/wp\/v2\/posts\/19836\/revisions\/19846"}],"wp:attachment":[{"href":"http:\/\/culturaliagz.com\/index.php?rest_route=%2Fwp%2Fv2%2Fmedia&parent=19836"}],"wp:term":[{"taxonomy":"category","embeddable":true,"href":"http:\/\/culturaliagz.com\/index.php?rest_route=%2Fwp%2Fv2%2Fcategories&post=19836"},{"taxonomy":"post_tag","embeddable":true,"href":"http:\/\/culturaliagz.com\/index.php?rest_route=%2Fwp%2Fv2%2Ftags&post=19836"}],"curies":[{"name":"wp","href":"https:\/\/api.w.org\/{rel}","templated":true}]}}