{"id":19832,"date":"2025-10-27T00:45:20","date_gmt":"2025-10-26T23:45:20","guid":{"rendered":"http:\/\/culturaliagz.com\/?p=19832"},"modified":"2025-10-27T00:45:22","modified_gmt":"2025-10-26T23:45:22","slug":"proxeccion-da-longametraxe-documental-filmei-paxaros-voando-dirixida-por-zeltia-outeirino-no-auditorio-municipal-de-vilalba","status":"publish","type":"post","link":"http:\/\/culturaliagz.com\/?p=19832","title":{"rendered":"Proxecci\u00f3n da longametraxe documental FILMEI PAXAROS VOANDO, dirixida por Zeltia Outeiri\u00f1o, no Auditorio Municipal de Vilalba"},"content":{"rendered":"\n<p><\/p>\n\n\n\n<figure class=\"wp-block-image size-full\"><a href=\"http:\/\/culturaliagz.com\/wp-content\/uploads\/2025\/10\/Cartel-A3-FILMEI-PAXAROS-scaled.jpg\" target=\"_blank\" rel=\" noreferrer noopener\"><img loading=\"lazy\" decoding=\"async\" width=\"1810\" height=\"2560\" src=\"http:\/\/culturaliagz.com\/wp-content\/uploads\/2025\/10\/Cartel-A3-FILMEI-PAXAROS-scaled.jpg\" alt=\"\" class=\"wp-image-19833\" srcset=\"http:\/\/culturaliagz.com\/wp-content\/uploads\/2025\/10\/Cartel-A3-FILMEI-PAXAROS-scaled.jpg 1810w, http:\/\/culturaliagz.com\/wp-content\/uploads\/2025\/10\/Cartel-A3-FILMEI-PAXAROS-1280x1810.jpg 1280w, http:\/\/culturaliagz.com\/wp-content\/uploads\/2025\/10\/Cartel-A3-FILMEI-PAXAROS-980x1386.jpg 980w, http:\/\/culturaliagz.com\/wp-content\/uploads\/2025\/10\/Cartel-A3-FILMEI-PAXAROS-480x679.jpg 480w\" sizes=\"auto, (min-width: 0px) and (max-width: 480px) 480px, (min-width: 481px) and (max-width: 980px) 980px, (min-width: 981px) and (max-width: 1280px) 1280px, (min-width: 1281px) 1810px, 100vw\" \/><\/a><\/figure>\n\n\n\n<p><\/p>\n\n\n\n<p><\/p>\n\n\n\n<p>O <a href=\"https:\/\/estudoschairegos.gal\/\" target=\"_blank\" rel=\"noreferrer noopener\">Instituto de Estudos Chairegos (IESCHA)<\/a>, en colaboraci\u00f3n coa\u00a0<em>\u00c1rea de Cultura-Vicepresidencia da Deputaci\u00f3n de Lugo<\/em>,\u00a0<em>Academia Galega do Audiovisual e o Concello de Vilalba<\/em>, organiza a proxecci\u00f3n da longametraxe documental\u00a0<a href=\"https:\/\/estudoschairegos.gal\/ciclo-mestre-mateo-2025-proxeccion-do-documental-ganador-filmei-paxaros-voando-de-zeltia-outeirino-xoves-30-de-outubro-de-2025-as-2030-horas-no-auditorio-municial-de-vilalba\/\" target=\"_blank\" rel=\"noreferrer noopener\"><strong>FILMEI PAXAROS VOANDO,<\/strong>\u00a0dirixida por\u00a0<strong>Zeltia Outeiri\u00f1o<\/strong><\/a>,\u00a0continuando as\u00ed co\u00a0<strong>CICLO MESTRE MATEO-2025\u00a0<\/strong>que durante estes meses br\u00eddanos a oportunidade de poder disfrutar das pel\u00edculas finalistas (documentais, longametraxes e curtas) dos\u00a0<strong>XXIII PREMIOS MESTRE MATEO<\/strong>.<\/p>\n\n\n\n<p>Esta&nbsp;<strong>NOVENA<\/strong>&nbsp;proxecci\u00f3n ter\u00e1 lugar no&nbsp;<strong><em>Auditorio Municipal de Vilalba o xoves 30 de outubro de 2025, \u00e1s 20:30 horas.&nbsp;<\/em><\/strong><\/p>\n\n\n\n<p><strong><em>A entrada ser\u00e1 de balde pero haber\u00e1 que facer reserva de localidade na web\u00a0<a href=\"http:\/\/www.entradasvilalba.es\/\" target=\"_blank\" rel=\"noreferrer noopener\">www.entradasvilalba.es<\/a>\u00a0ou na Casa da Cultura de Vilalba<\/em><\/strong>.<\/p>\n\n\n\n<p><\/p>\n\n\n\n<p><\/p>\n\n\n<a href=\"http:\/\/culturaliagz.com\/wp-content\/uploads\/2025\/10\/NOTA-INFORMATIVA-FILMEI-PAXAROS.pdf\" class=\"pdfemb-viewer\" style=\"\" data-width=\"max\" data-height=\"max\" data-toolbar=\"bottom\" data-toolbar-fixed=\"off\">NOTA-INFORMATIVA-FILMEI-PAXAROS<\/a>","protected":false},"excerpt":{"rendered":"<p>O Instituto de Estudos Chairegos (IESCHA), en colaboraci\u00f3n coa\u00a0\u00c1rea de Cultura-Vicepresidencia da Deputaci\u00f3n de Lugo,\u00a0Academia Galega do Audiovisual e o Concello de Vilalba, organiza a proxecci\u00f3n da longametraxe documental\u00a0FILMEI PAXAROS [&hellip;]<\/p>\n","protected":false},"author":1,"featured_media":0,"comment_status":"open","ping_status":"open","sticky":false,"template":"","format":"standard","meta":{"_et_pb_use_builder":"","_et_pb_old_content":"","_et_gb_content_width":"","_jetpack_memberships_contains_paid_content":false,"footnotes":""},"categories":[23,7,6,57,1],"tags":[800,769,313,3346,30,3481,234,3116,3482],"class_list":["post-19832","post","type-post","status-publish","format-standard","hentry","category-autoresas","category-creacion","category-novas","category-outras-artes","category-xeral","tag-academia-galega-do-audiovisual","tag-area-de-cultura-vicepresidencia-da-deputacion-provincial-de-lugo","tag-auditorio-municipal-de-vilalba","tag-ciclo-mestre-mateo-2025","tag-concello-de-vilalba","tag-filmei-paxaros-voando","tag-iescha","tag-xxiii-premios-mestre-mateo","tag-zeltia-outeirino"],"jetpack_featured_media_url":"","jetpack_sharing_enabled":true,"_links":{"self":[{"href":"http:\/\/culturaliagz.com\/index.php?rest_route=\/wp\/v2\/posts\/19832","targetHints":{"allow":["GET"]}}],"collection":[{"href":"http:\/\/culturaliagz.com\/index.php?rest_route=\/wp\/v2\/posts"}],"about":[{"href":"http:\/\/culturaliagz.com\/index.php?rest_route=\/wp\/v2\/types\/post"}],"author":[{"embeddable":true,"href":"http:\/\/culturaliagz.com\/index.php?rest_route=\/wp\/v2\/users\/1"}],"replies":[{"embeddable":true,"href":"http:\/\/culturaliagz.com\/index.php?rest_route=%2Fwp%2Fv2%2Fcomments&post=19832"}],"version-history":[{"count":1,"href":"http:\/\/culturaliagz.com\/index.php?rest_route=\/wp\/v2\/posts\/19832\/revisions"}],"predecessor-version":[{"id":19835,"href":"http:\/\/culturaliagz.com\/index.php?rest_route=\/wp\/v2\/posts\/19832\/revisions\/19835"}],"wp:attachment":[{"href":"http:\/\/culturaliagz.com\/index.php?rest_route=%2Fwp%2Fv2%2Fmedia&parent=19832"}],"wp:term":[{"taxonomy":"category","embeddable":true,"href":"http:\/\/culturaliagz.com\/index.php?rest_route=%2Fwp%2Fv2%2Fcategories&post=19832"},{"taxonomy":"post_tag","embeddable":true,"href":"http:\/\/culturaliagz.com\/index.php?rest_route=%2Fwp%2Fv2%2Ftags&post=19832"}],"curies":[{"name":"wp","href":"https:\/\/api.w.org\/{rel}","templated":true}]}}