{"id":19826,"date":"2025-10-27T00:36:12","date_gmt":"2025-10-26T23:36:12","guid":{"rendered":"http:\/\/culturaliagz.com\/?p=19826"},"modified":"2025-10-27T00:36:14","modified_gmt":"2025-10-26T23:36:14","slug":"sabela-publica-o-seu-innovador-ep-brillanche-os-ollinos-xunto-coa-colaboracion-con-maria-escarmiento","status":"publish","type":"post","link":"http:\/\/culturaliagz.com\/?p=19826","title":{"rendered":"Sabela publica o seu innovador EP, BR\u00cdLLANCHE OS OLLI\u00d1OS, xunto coa colaboraci\u00f3n con Mar\u00eda Escarmiento"},"content":{"rendered":"\n<p><\/p>\n\n\n<div class=\"wp-block-image\">\n<figure class=\"aligncenter size-full\"><a href=\"http:\/\/culturaliagz.com\/wp-content\/uploads\/2025\/10\/PORTADA-EP-BRILLANCHE-OS-OLLINOS.jpg\" target=\"_blank\" rel=\" noreferrer noopener\"><img loading=\"lazy\" decoding=\"async\" width=\"700\" height=\"700\" src=\"http:\/\/culturaliagz.com\/wp-content\/uploads\/2025\/10\/PORTADA-EP-BRILLANCHE-OS-OLLINOS.jpg\" alt=\"\" class=\"wp-image-19827\" srcset=\"http:\/\/culturaliagz.com\/wp-content\/uploads\/2025\/10\/PORTADA-EP-BRILLANCHE-OS-OLLINOS.jpg 700w, http:\/\/culturaliagz.com\/wp-content\/uploads\/2025\/10\/PORTADA-EP-BRILLANCHE-OS-OLLINOS-480x480.jpg 480w\" sizes=\"auto, (min-width: 0px) and (max-width: 480px) 480px, (min-width: 481px) 700px, 100vw\" \/><\/a><\/figure>\n<\/div>\n\n\n<p><\/p>\n\n\n\n<p><\/p>\n\n\n\n<p style=\"font-size:16px\"><em>NON CHO PODO DAR<\/em>, TEMA CONXUNTO COA S\u00daA COMPA\u00d1EIRA DE EDICI\u00d3N EN OT 2018, SAE CUN VIDEOCLIP GRAVADO EN CERVO CON REFERENCIAS \u00c1 MARUXAINA<\/p>\n\n\n\n<p><\/p>\n\n\n\n<p>Sabela publica o seu tan esperado EP,&nbsp;<strong><em><u><a target=\"_blank\" href=\"https:\/\/onerpm.link\/sabela-brillanche-os-ollinos\" rel=\"noreferrer noopener\">Br\u00edllanche os olli\u00f1os<\/a><\/u><\/em><\/strong>. Nel, a cantante aposta por&nbsp;<strong>po\u00f1er en valor o mundo e a vida rural<\/strong>, dende o m\u00e1is coti\u00e1 ao popular. As lendas, os oficios, figuras como Maruja Mallo, os animais ou mesmo o desexo son temas nos que a artista afonda neste traballo discogr\u00e1fico. Seis temas que transitan o pop electr\u00f3nico dende vertentes m\u00e1is euf\u00f3ricas ata outras m\u00e1is&nbsp;<em>ambient,<\/em>&nbsp;pasando por tons m\u00e1is ecl\u00e9cticos ou intimistas. Aos xa publicados&nbsp;<strong><em><u><a target=\"_blank\" href=\"https:\/\/open.spotify.com\/intl-es\/track\/4IIkZQb4QGabdkLzrBYH3a?si=24581b37533c476b\" rel=\"noreferrer noopener\">Hi, my love<\/a><\/u><\/em><\/strong>,&nbsp;<strong><em><u><a target=\"_blank\" href=\"https:\/\/open.spotify.com\/intl-es\/track\/4Ii5y9FtQn9E7lAsOy1Mt0?si=4f7d2497f4684644\" rel=\"noreferrer noopener\">Eu espero aqu\u00ed<\/a><\/u><\/em><\/strong>,&nbsp;<strong><em><u><a target=\"_blank\" href=\"https:\/\/open.spotify.com\/intl-es\/track\/3hLJHA2GrfxQOo4Ujf5YHT?si=f049d6ed817f4b92\" rel=\"noreferrer noopener\">Camponarai<\/a><\/u><\/em><\/strong>,&nbsp;<strong><em><u><a target=\"_blank\" href=\"https:\/\/open.spotify.com\/intl-es\/track\/1C0WaLM7YJXykcGzG8v4gB?si=eaa4a9c6a61848ca\" rel=\"noreferrer noopener\">Cerca de ti<\/a><\/u><\/em><\/strong>&nbsp;e&nbsp;<strong><em><u><a target=\"_blank\" href=\"https:\/\/open.spotify.com\/intl-es\/track\/71gXfFroUsOOZvO0jKd6zd?si=730bd86a681641d3\" rel=\"noreferrer noopener\">A quen ignora<\/a><\/u><\/em><\/strong>, \u00fanese&nbsp;<strong><em><u><a target=\"_blank\" href=\"https:\/\/youtu.be\/NWjvTAXq6gU\" rel=\"noreferrer noopener\">Non cho podo dar<\/a><\/u><\/em><\/strong>, focus track do EP que sae en colaboraci\u00f3n coa s\u00faa compa\u00f1eira de edici\u00f3n en Operaci\u00f3n Triunfo, Mar\u00eda Escarmiento.<\/p>\n\n\n\n<p><\/p>\n\n\n\n<p><\/p>\n\n\n<div class=\"wp-block-image\">\n<figure class=\"aligncenter size-full\"><a href=\"http:\/\/culturaliagz.com\/wp-content\/uploads\/2025\/10\/image-1.jpg\" target=\"_blank\" rel=\" noreferrer noopener\"><img loading=\"lazy\" decoding=\"async\" width=\"695\" height=\"391\" src=\"http:\/\/culturaliagz.com\/wp-content\/uploads\/2025\/10\/image-1.jpg\" alt=\"\" class=\"wp-image-19828\" srcset=\"http:\/\/culturaliagz.com\/wp-content\/uploads\/2025\/10\/image-1.jpg 695w, http:\/\/culturaliagz.com\/wp-content\/uploads\/2025\/10\/image-1-480x270.jpg 480w\" sizes=\"auto, (min-width: 0px) and (max-width: 480px) 480px, (min-width: 481px) 695px, 100vw\" \/><\/a><\/figure>\n<\/div>\n\n\n<p><\/p>\n\n\n\n<p><\/p>\n\n\n\n<p><strong><em><u><a target=\"_blank\" href=\"https:\/\/youtu.be\/NWjvTAXq6gU\" rel=\"noreferrer noopener\">NON CHO PODO DAR<\/a><\/u><\/em>, FOCUS TRACK XUNTO A MAR\u00cdA ESCARMIENTO<\/strong><\/p>\n\n\n\n<p>A canci\u00f3n destacada de&nbsp;<em><u><a target=\"_blank\" href=\"https:\/\/onerpm.link\/sabela-brillanche-os-ollinos\" rel=\"noreferrer noopener\">Br\u00edllanche os olli\u00f1os<\/a><\/u><\/em>&nbsp;\u00e9 o tema&nbsp;<strong><em><u><a target=\"_blank\" href=\"https:\/\/youtu.be\/NWjvTAXq6gU\" rel=\"noreferrer noopener\">Non cho podo dar<\/a><\/u><\/em><\/strong>, que ve a luz en colaboraci\u00f3n cunha compa\u00f1eira de edici\u00f3n do programa televisivo Operaci\u00f3n Triunfo, Mar\u00eda Escarmiento. Esta uni\u00f3n entre d\u00faas amigas deu como resultado un tema de pop con sons m\u00e1is ambientais e retrousos instrumentais, pero cun ton moito m\u00e1is directo.<\/p>\n\n\n\n<p>Nel, Sabela e Mar\u00eda xogan coa idea de amar f\u00f3ra do socialmente establecido, reivindicando que sentir nunca \u00e9 un erro, por moito que desaf\u00ede as normas impostas. O tema nace desa capacidade inmensa de amar m\u00e1is al\u00e1 do permitido, de amar sen culpa; desa honestidade que leva a cuestionarse se o problema est\u00e1 en quen sente ou en quen imp\u00f3n os l\u00edmites.Ao longo do tema extr\u00e1ense referencias aos mitos das sereas: mulleres libres, temidas e xulgadas por ser diferentes. En conexi\u00f3n con isto, o&nbsp;<strong><u><a target=\"_blank\" href=\"https:\/\/youtu.be\/NWjvTAXq6gU\" rel=\"noreferrer noopener\">videoclip<\/a><\/u><\/strong>&nbsp;que o acompa\u00f1a, gravado en Cervo, recolle a esencia dunha das grandes lendas da Mari\u00f1a lucense, a&nbsp;<em>Maruxaina<\/em>, s\u00edmbolo desa liberdade rebelde e ind\u00f3mita.<\/p>\n\n\n\n<p>A PORTADA E A PRODUCI\u00d3N<\/p>\n\n\n\n<p><strong>Este novo traballo discogr\u00e1fico da de Ourol tenta reivindicar o local como o concepto do que nace todo.&nbsp;<\/strong><em>Br\u00edllanche os olli\u00f1os<\/em><strong>&nbsp;\u00e9 esa referencia galega \u00e1 reacci\u00f3n tan xenu\u00edna como pura das cousas que te ilusionan, que che sentan ben. Dende este punto, Sabela constit\u00fae un contexto no que converxen as distintas facetas da s\u00faa vida no rural. A portada do EP non deixa de ser outra defensa de que non \u00e9 preciso marchar do rural para atopar o talento, xa que est\u00e1 confeccionada polo ilustrador e tatuador P\u00e9rez, natural de Viveiro. Nela podemos atopar referencias claras tanto ao t\u00edtulo do disco, co ollo e o brillo que sae del, como a temas inclu\u00eddos dentro do mesmo, como pode ser&nbsp;<em><u><a target=\"_blank\" href=\"https:\/\/youtu.be\/NWjvTAXq6gU\" rel=\"noreferrer noopener\">Non cho podo dar<\/a><\/u><\/em>&nbsp;e esa referencia \u00e1s sereas.<\/strong><\/p>\n\n\n\n<p><strong>O EP est\u00e1 confeccionado dende o rural pero cun son internacional, onde a faceta experimental de Sabela fixo que tomara a iniciativa de producir os seus temas baixo este prisma. Unha proposta ambiciosa que destaca as distintas versi\u00f3ns que pode ofrecer a artista galega, dende o proceso de composici\u00f3n da letra ata o proceso de produci\u00f3n do tema. Este traballo reco\u00f1ece a versatilidade da de Ourol e eleva o teito do seu pop electr\u00f3nico a niveis de execuci\u00f3n.<\/strong><\/p>\n\n\n\n<p>Este EP conta coa&nbsp;<strong>colaboraci\u00f3n da Xunta de Galicia<\/strong>&nbsp;a trav\u00e9s da&nbsp;<strong>Axencia Galega de Industrias Culturais<\/strong>.<\/p>\n\n\n\n<p><strong><u>M\u00c1IS SOBRE SABELA<\/u><\/strong><\/p>\n\n\n\n<p>Sabela Ramil \u00e9 unha das caras visibles desta nova onda de&nbsp;<strong>pop electr\u00f3nico<\/strong>&nbsp;que triunfa no panorama musical actual. Coas s\u00faas tinguiduras animadas e bailables, Sabela converteuse xa no&nbsp;<strong>gran alicerce deste x\u00e9nero<\/strong>&nbsp;en Galicia. As s\u00faas canci\u00f3ns acumulan&nbsp;<strong>centos de miles de reproduci\u00f3ns<\/strong>, conquistando con grandes xiras en directo&nbsp;<strong>importantes salas ao longo de Espa\u00f1a e de Galicia<\/strong>, as\u00ed como festivais da talla de&nbsp;<strong>O Son do Cami\u00f1o, BIGSOUND Pontevedra,<\/strong>&nbsp;<strong>SonR\u00edas Baixas,<\/strong>&nbsp;<strong>Festival do Pasatempo<\/strong>&nbsp;ou&nbsp;<strong>Festival Noroeste.&nbsp;<\/strong>Con todo isto, Sabela presenta o seu&nbsp;<strong>novo EP<\/strong>,&nbsp;<strong><em><u><a target=\"_blank\" href=\"https:\/\/onerpm.link\/sabela-brillanche-os-ollinos\" rel=\"noreferrer noopener\">Br\u00edllanche os olli\u00f1os<\/a><\/u><\/em><\/strong>, no que&nbsp;<strong><em><u><a target=\"_blank\" href=\"https:\/\/open.spotify.com\/intl-es\/album\/5x47zZVUzqKwQiwxuqcLnO?si=bcxygVqdQk278kRjx6146Q\" rel=\"noreferrer noopener\">Hi, My Love<\/a><\/u><\/em><\/strong>&nbsp;e&nbsp;<strong><em><u><a target=\"_blank\" href=\"https:\/\/open.spotify.com\/intl-es\/track\/4Ii5y9FtQn9E7lAsOy1Mt0?si=0dffee9090e04e74\" rel=\"noreferrer noopener\">Eu Espero Aqu\u00ed<\/a><\/u><\/em><\/strong>, publicados a finais de 2024, e&nbsp;<strong><em><u><a target=\"_blank\" href=\"https:\/\/open.spotify.com\/intl-es\/track\/3hLJHA2GrfxQOo4Ujf5YHT?si=7f150edce9d3424e\" rel=\"noreferrer noopener\">Camponarai<\/a><\/u><\/em><\/strong>,&nbsp;<strong><em><u><a target=\"_blank\" href=\"https:\/\/onerpm.link\/cercadetisabela\" rel=\"noreferrer noopener\">Cerca de ti<\/a><\/u><\/em><\/strong>,&nbsp;<strong><em><u><a target=\"_blank\" href=\"https:\/\/onerpm.link\/AQuenIgnora\" rel=\"noreferrer noopener\">A quen ignora<\/a><\/u><\/em><\/strong>&nbsp;e&nbsp;<strong><em><u><a target=\"_blank\" href=\"https:\/\/youtu.be\/NWjvTAXq6gU\" rel=\"noreferrer noopener\">Non cho podo dar<\/a><\/u><\/em><\/strong>, en colaboraci\u00f3n con Mar\u00eda Escarmiento, son os temas que o compo\u00f1en.<\/p>\n\n\n\n<p>A artista galega soubo madurar o seu proxecto para levalo a unha&nbsp;<strong>nova etapa da s\u00faa carreira<\/strong>, e a pesar de contar cun&nbsp;<strong>estilo xa propio e identificable<\/strong>,aposta forte por un<strong>&nbsp;son m\u00e1is internacional mantendo elementos tradicionais galegos<\/strong>, fortalecendo as\u00ed as s\u00faas ra\u00edces.&nbsp;<strong><em><u><a target=\"_blank\" href=\"https:\/\/onerpm.link\/sabela-brillanche-os-ollinos\" rel=\"noreferrer noopener\">Br\u00edllanche os olli\u00f1os<\/a><\/u><\/em><\/strong>, \u00faltimo traballo discogr\u00e1fico de Sabela, v\u00e9n de obter grandes n\u00fameros de escoitas e visualizaci\u00f3ns, as\u00ed como reco\u00f1ecementos como o&nbsp;<strong>Premio Mart\u00edn C\u00f3dax da M\u00fasica na categor\u00eda de Pop e Indie<\/strong>, e nominaci\u00f3ns a prestixiosos galard\u00f3ns como os&nbsp;<strong>Premios de la Academia de la M\u00fasica<\/strong>,&nbsp;<strong>Premios Mestre Mateo<\/strong>,&nbsp;<strong>Festival de Cans<\/strong>&nbsp;ou&nbsp;<strong>Festival de Videoclips de Oviedo<\/strong>.<\/p>\n\n\n\n<p><\/p>\n\n\n<a href=\"http:\/\/culturaliagz.com\/wp-content\/uploads\/2025\/10\/TEXTO-PROMO-EP-BRILLANCHE-OS-OLLINOS-SABELA.pdf\" class=\"pdfemb-viewer\" style=\"\" data-width=\"max\" data-height=\"max\" data-toolbar=\"bottom\" data-toolbar-fixed=\"off\">TEXTO-PROMO-EP-BRILLANCHE-OS-OLLINOS-SABELA<\/a>\n\n\n<p><\/p>\n\n\n\n<p><\/p>\n\n\n<a href=\"http:\/\/culturaliagz.com\/wp-content\/uploads\/2025\/10\/20251024-NP-GAL-LANZAMENTO-EP-SABELA-BRILLANCHE-OS-OLLINOS.pdf\" class=\"pdfemb-viewer\" style=\"\" data-width=\"max\" data-height=\"max\" data-toolbar=\"bottom\" data-toolbar-fixed=\"off\">20251024-NP-GAL-LANZAMENTO-EP-SABELA-BRILLANCHE-OS-OLLINOS<\/a>\n\n\n<p><\/p>\n","protected":false},"excerpt":{"rendered":"<p>NON CHO PODO DAR, TEMA CONXUNTO COA S\u00daA COMPA\u00d1EIRA DE EDICI\u00d3N EN OT 2018, SAE CUN VIDEOCLIP GRAVADO EN CERVO CON REFERENCIAS \u00c1 MARUXAINA Sabela publica o seu tan esperado [&hellip;]<\/p>\n","protected":false},"author":1,"featured_media":0,"comment_status":"open","ping_status":"open","sticky":false,"template":"","format":"standard","meta":{"_et_pb_use_builder":"","_et_pb_old_content":"","_et_gb_content_width":"","_jetpack_memberships_contains_paid_content":false,"footnotes":""},"categories":[23,7,6,57,1],"tags":[3480,2664,3479,2280],"class_list":["post-19826","post","type-post","status-publish","format-standard","hentry","category-autoresas","category-creacion","category-novas","category-outras-artes","category-xeral","tag-brillanche-os-ollinos","tag-maria-escarmiento","tag-non-cho-podo-dar","tag-sabela"],"jetpack_featured_media_url":"","jetpack_sharing_enabled":true,"_links":{"self":[{"href":"http:\/\/culturaliagz.com\/index.php?rest_route=\/wp\/v2\/posts\/19826","targetHints":{"allow":["GET"]}}],"collection":[{"href":"http:\/\/culturaliagz.com\/index.php?rest_route=\/wp\/v2\/posts"}],"about":[{"href":"http:\/\/culturaliagz.com\/index.php?rest_route=\/wp\/v2\/types\/post"}],"author":[{"embeddable":true,"href":"http:\/\/culturaliagz.com\/index.php?rest_route=\/wp\/v2\/users\/1"}],"replies":[{"embeddable":true,"href":"http:\/\/culturaliagz.com\/index.php?rest_route=%2Fwp%2Fv2%2Fcomments&post=19826"}],"version-history":[{"count":1,"href":"http:\/\/culturaliagz.com\/index.php?rest_route=\/wp\/v2\/posts\/19826\/revisions"}],"predecessor-version":[{"id":19831,"href":"http:\/\/culturaliagz.com\/index.php?rest_route=\/wp\/v2\/posts\/19826\/revisions\/19831"}],"wp:attachment":[{"href":"http:\/\/culturaliagz.com\/index.php?rest_route=%2Fwp%2Fv2%2Fmedia&parent=19826"}],"wp:term":[{"taxonomy":"category","embeddable":true,"href":"http:\/\/culturaliagz.com\/index.php?rest_route=%2Fwp%2Fv2%2Fcategories&post=19826"},{"taxonomy":"post_tag","embeddable":true,"href":"http:\/\/culturaliagz.com\/index.php?rest_route=%2Fwp%2Fv2%2Ftags&post=19826"}],"curies":[{"name":"wp","href":"https:\/\/api.w.org\/{rel}","templated":true}]}}