{"id":19742,"date":"2025-10-17T21:32:51","date_gmt":"2025-10-17T20:32:51","guid":{"rendered":"http:\/\/culturaliagz.com\/?p=19742"},"modified":"2025-10-17T23:24:09","modified_gmt":"2025-10-17T22:24:09","slug":"alizza-inicia-unha-nova-etapa-con-candles-o-seu-novo-sinxelo-para-quenes-alumean","status":"publish","type":"post","link":"http:\/\/culturaliagz.com\/?p=19742","title":{"rendered":"Alizza inicia unha nova etapa con &#8220;Candles&#8221;, o seu novo sinxelo para quen alumea"},"content":{"rendered":"\n<p><\/p>\n\n\n<div class=\"wp-block-image\">\n<figure class=\"aligncenter size-full\"><a href=\"http:\/\/culturaliagz.com\/wp-content\/uploads\/2025\/10\/CANDLES.jpg\" target=\"_blank\" rel=\" noreferrer noopener\"><img loading=\"lazy\" decoding=\"async\" width=\"600\" height=\"600\" src=\"http:\/\/culturaliagz.com\/wp-content\/uploads\/2025\/10\/CANDLES.jpg\" alt=\"\" class=\"wp-image-19743\" srcset=\"http:\/\/culturaliagz.com\/wp-content\/uploads\/2025\/10\/CANDLES.jpg 600w, http:\/\/culturaliagz.com\/wp-content\/uploads\/2025\/10\/CANDLES-480x480.jpg 480w\" sizes=\"auto, (min-width: 0px) and (max-width: 480px) 480px, (min-width: 481px) 600px, 100vw\" \/><\/a><\/figure>\n<\/div>\n\n\n<p><\/p>\n\n\n\n<p><\/p>\n\n\n\n<p class=\"has-text-align-center\" style=\"font-size:18px\">ESTE TEMA MARCA UN NOVO COMEZO NA CARREIRA DA ARTISTA<\/p>\n\n\n\n<p><\/p>\n\n\n\n<p><strong>Alizza<\/strong>\u00a0volta con forza a atoparse coa s\u00faa m\u00fasica en\u00a0<strong><em><u><a href=\"https:\/\/ffm.to\/alizzacandles?fbclid=PAVERFWANd4PpleHRuA2FlbQIxMAABpzc8NEHu9G-enzSdKk_0NtOWYLUk2zWK71VL9z2PcOKrIbIrGHrOe9k_xiiL_aem_Veh6Fr7qoSiR7zFnHhZlbg\" target=\"_blank\" rel=\"noreferrer noopener\">Candles<\/a><\/u><\/em><\/strong>, o seu novo sinxelo. Nel, a madrile\u00f1a busca levar ao p\u00fablico a eses momentos de cansazo emocional nos que est\u00e1s rodeada de xente, mais s\u00e9nteste soa. Baixo ese contexto, \u00e9 onde aparece unha persoa que non encaixa nese baleiro e representa esa calma no medio do ru\u00eddo, que fai que volvas estar presente. Con estas bases, a cantante presenta un tema que combina\u00a0<strong>ritmos animados de funk<\/strong>\u00a0con\u00a0<strong>voces m\u00e1is achegadas ao soul<\/strong>, onde, desde a vulnerabilidade, expresa o importante que \u00e9\u00a0<strong>atopar a esa persoa que che d\u00e1 luz<\/strong>\u00a0pero que non te rescata, sen\u00f3n que te inspira a mirarte con m\u00e1is amor e comezar a sandar desde dentro.<\/p>\n\n\n\n<p>Durante o proceso de composici\u00f3n, Alizza viviu momentos complexos e \u00e1 vez reveladores, nos que sent\u00eda que deb\u00eda xustificarse por non encaixar en certos espazos, pero eses pensamentos f\u00f3ronse disolvendo e aclarando a medida que foi atopando esa luz de quen che fai sentir como na casa. Tras anos buscando novos sons e novas formas de canalizar a s\u00faa m\u00fasica, a cantante reco\u00f1ece que nunca deixou de compo\u00f1er, e que tras un tempo de introspecci\u00f3n que a mantivo afastada dos focos e os escenarios, a m\u00fasica sempre estivo con ela, nunca desaparecendo, sen\u00f3n m\u00e1is ben cambiando de lugar e contexto.<\/p>\n\n\n\n<p><em><u><a href=\"https:\/\/ffm.to\/alizzacandles?fbclid=PAVERFWANd4PpleHRuA2FlbQIxMAABpzc8NEHu9G-enzSdKk_0NtOWYLUk2zWK71VL9z2PcOKrIbIrGHrOe9k_xiiL_aem_Veh6Fr7qoSiR7zFnHhZlbg\" target=\"_blank\" rel=\"noreferrer noopener\">Candles<\/a><\/u><\/em>\u00a0v\u00e9n acompa\u00f1ado dun\u00a0<strong>videoclip realizado por Rare Audiovisual e dirixido por Omar Romero<\/strong>, no que se representa a tres versi\u00f3ns dunha mesma persoa que configuran tres etapas distintas da vida, simbolizando a importancia de coidar, respectar e terlle agarimo tanto \u00e1 nena que fuches como \u00e1 muller na que te converter\u00e1s. Unha reflexi\u00f3n de amor propio e un proceso de aprendizaxe nos auto-coidados que chegou da man desa persoa que che achega luz, e que te convida \u00e1 reconciliaci\u00f3n contigo mesma.<\/p>\n\n\n\n<p><\/p>\n\n\n\n<p><\/p>\n\n\n<div class=\"wp-block-image\">\n<figure class=\"aligncenter size-full\"><a href=\"http:\/\/culturaliagz.com\/wp-content\/uploads\/2025\/10\/IMG_0212.jpg\" target=\"_blank\" rel=\" noreferrer noopener\"><img loading=\"lazy\" decoding=\"async\" width=\"600\" height=\"750\" src=\"http:\/\/culturaliagz.com\/wp-content\/uploads\/2025\/10\/IMG_0212.jpg\" alt=\"\" class=\"wp-image-19744\" srcset=\"http:\/\/culturaliagz.com\/wp-content\/uploads\/2025\/10\/IMG_0212.jpg 600w, http:\/\/culturaliagz.com\/wp-content\/uploads\/2025\/10\/IMG_0212-480x600.jpg 480w\" sizes=\"auto, (min-width: 0px) and (max-width: 480px) 480px, (min-width: 481px) 600px, 100vw\" \/><\/a><\/figure>\n<\/div>\n\n\n<p class=\"has-text-align-left has-medium-font-size\"><br><\/p>\n\n\n\n<p class=\"has-text-align-left has-medium-font-size\"><\/p>\n\n\n\n<p><strong>M\u00c1IS SOBRE ALIZZA<\/strong><\/p>\n\n\n\n<p>Fusionando sons do pop alternativo e R&amp;B contempor\u00e1neo xorde a figura de Alizza, unha das voces emerxentes m\u00e1is prometedoras da escena. Con sensibilidades introspectivas, a artista madrile\u00f1a constr\u00fae atmosferas envolventes que se complementan con letras intimistas para servir de voz \u00e1s novas xeraci\u00f3ns. Irrompendo con forza no panorama, Alizza faise oco con produci\u00f3ns modernas e traballadas que se afastan do establecido con personalidade.<\/p>\n\n\n\n<p>Tras os seus primeiros sinxelos publicados, nos que traballou man a man na produci\u00f3n dos temas xunto ao seu pai, Pulpul, cantante da banda Ska-P, a artista est\u00e1 a traballar nos seus seguintes traballos, buscando que a personalidade e calidade das s\u00faas produci\u00f3ns siga afianzando a s\u00faa condici\u00f3n como un dos grandes talentos da escena emerxente estatal.<\/p>\n\n\n\n<p><\/p>\n\n\n\n<p><\/p>\n\n\n<a href=\"http:\/\/culturaliagz.com\/wp-content\/uploads\/2025\/10\/20251017-NP-GAL-LAZAMENTO-CANDLES-ALIZZA.pdf\" class=\"pdfemb-viewer\" style=\"\" data-width=\"max\" data-height=\"max\" data-toolbar=\"bottom\" data-toolbar-fixed=\"off\">20251017-NP-GAL-LAZAMENTO-CANDLES-ALIZZA<\/a>","protected":false},"excerpt":{"rendered":"<p>ESTE TEMA MARCA UN NOVO COMEZO NA CARREIRA DA ARTISTA Alizza\u00a0volta con forza a atoparse coa s\u00faa m\u00fasica en\u00a0Candles, o seu novo sinxelo. Nel, a madrile\u00f1a busca levar ao p\u00fablico [&hellip;]<\/p>\n","protected":false},"author":1,"featured_media":0,"comment_status":"open","ping_status":"open","sticky":false,"template":"","format":"standard","meta":{"_et_pb_use_builder":"","_et_pb_old_content":"","_et_gb_content_width":"","_jetpack_memberships_contains_paid_content":false,"footnotes":""},"categories":[23,7,6,57,1],"tags":[3449,3450],"class_list":["post-19742","post","type-post","status-publish","format-standard","hentry","category-autoresas","category-creacion","category-novas","category-outras-artes","category-xeral","tag-alizza","tag-candles"],"jetpack_featured_media_url":"","jetpack_sharing_enabled":true,"_links":{"self":[{"href":"http:\/\/culturaliagz.com\/index.php?rest_route=\/wp\/v2\/posts\/19742","targetHints":{"allow":["GET"]}}],"collection":[{"href":"http:\/\/culturaliagz.com\/index.php?rest_route=\/wp\/v2\/posts"}],"about":[{"href":"http:\/\/culturaliagz.com\/index.php?rest_route=\/wp\/v2\/types\/post"}],"author":[{"embeddable":true,"href":"http:\/\/culturaliagz.com\/index.php?rest_route=\/wp\/v2\/users\/1"}],"replies":[{"embeddable":true,"href":"http:\/\/culturaliagz.com\/index.php?rest_route=%2Fwp%2Fv2%2Fcomments&post=19742"}],"version-history":[{"count":3,"href":"http:\/\/culturaliagz.com\/index.php?rest_route=\/wp\/v2\/posts\/19742\/revisions"}],"predecessor-version":[{"id":19775,"href":"http:\/\/culturaliagz.com\/index.php?rest_route=\/wp\/v2\/posts\/19742\/revisions\/19775"}],"wp:attachment":[{"href":"http:\/\/culturaliagz.com\/index.php?rest_route=%2Fwp%2Fv2%2Fmedia&parent=19742"}],"wp:term":[{"taxonomy":"category","embeddable":true,"href":"http:\/\/culturaliagz.com\/index.php?rest_route=%2Fwp%2Fv2%2Fcategories&post=19742"},{"taxonomy":"post_tag","embeddable":true,"href":"http:\/\/culturaliagz.com\/index.php?rest_route=%2Fwp%2Fv2%2Ftags&post=19742"}],"curies":[{"name":"wp","href":"https:\/\/api.w.org\/{rel}","templated":true}]}}