{"id":19670,"date":"2025-10-09T21:37:59","date_gmt":"2025-10-09T20:37:59","guid":{"rendered":"http:\/\/culturaliagz.com\/?p=19670"},"modified":"2025-10-09T21:39:53","modified_gmt":"2025-10-09T20:39:53","slug":"sabela-homenaxea-a-maruja-mallo-no-seu-novo-sinxelo-a-quen-ignora","status":"publish","type":"post","link":"http:\/\/culturaliagz.com\/?p=19670","title":{"rendered":"Sabela homenaxea a Maruja Mallo no seu novo sinxelo &#8220;A quen ignora&#8221;"},"content":{"rendered":"\n<p><\/p>\n\n\n\n<figure class=\"wp-block-image size-full\"><a href=\"http:\/\/culturaliagz.com\/wp-content\/uploads\/2025\/10\/PORTADA-A-QUEN-IGNORA-2.jpg\" target=\"_blank\" rel=\" noreferrer noopener\"><img loading=\"lazy\" decoding=\"async\" width=\"1000\" height=\"1000\" src=\"http:\/\/culturaliagz.com\/wp-content\/uploads\/2025\/10\/PORTADA-A-QUEN-IGNORA-2.jpg\" alt=\"\" class=\"wp-image-19671\" srcset=\"http:\/\/culturaliagz.com\/wp-content\/uploads\/2025\/10\/PORTADA-A-QUEN-IGNORA-2.jpg 1000w, http:\/\/culturaliagz.com\/wp-content\/uploads\/2025\/10\/PORTADA-A-QUEN-IGNORA-2-980x980.jpg 980w, http:\/\/culturaliagz.com\/wp-content\/uploads\/2025\/10\/PORTADA-A-QUEN-IGNORA-2-480x480.jpg 480w\" sizes=\"auto, (min-width: 0px) and (max-width: 480px) 480px, (min-width: 481px) and (max-width: 980px) 980px, (min-width: 981px) 1000px, 100vw\" \/><\/a><\/figure>\n\n\n\n<p><\/p>\n\n\n\n<p><\/p>\n\n\n\n<p class=\"has-text-align-center\" style=\"font-size:16px\">ESTE \u00daLTIMO SINXELO ANTES DO LANZAMENTO DO SEU EP PON EN VALOR A FIGURA DA PINTORA VIVEIRENSE<\/p>\n\n\n\n<p class=\"has-text-align-center\" style=\"font-size:16px\">O LANZAMENTO COINCIDE COA INAUGURACI\u00d3N NO MUSEO REINA SOF\u00cdA DE MADRID DA MAIOR EXPOSICI\u00d3N DA ARTISTA ATA A DATA<\/p>\n\n\n\n<p><\/p>\n\n\n\n<p><\/p>\n\n\n\n<p><strong>Sabela<\/strong>&nbsp;acaba de publicar o&nbsp;<strong>\u00faltimo adianto<\/strong>&nbsp;do seu novo traballo discogr\u00e1fico<strong>,&nbsp;<em>A quen ignora<\/em><\/strong>. Este novo sinxelo v\u00e9n&nbsp;<strong>inspirado na figura de Maruja Mallo<\/strong>, unha das pintoras surrealistas m\u00e1is importantes da historia do arte a nivel estatal. A de&nbsp;<strong>Viveiro<\/strong>&nbsp;\u00e9 reco\u00f1ecida pola s\u00faa visi\u00f3n tan diferente e vangardista para a \u00e9poca, aproximando un prisma diferente a elementos coti\u00e1s. Esta visi\u00f3n tan \u00fanica \u00e9 a que trata de replicar Sabela nesta nova canci\u00f3n, cun son moito m\u00e1is ecl\u00e9ctico dentro do seu xa caracter\u00edstico pop electr\u00f3nico.<\/p>\n\n\n\n<p>No proceso compositivo, Sabela mergullouse na vida e obra da ilustre viveirense para atopar inspiraci\u00f3n e, en base ao colleitado, foi constru\u00edndo o tema.&nbsp;<em>A quen ignora<\/em>&nbsp;racha coa estrutura cl\u00e1sica do pop e xoga cos sons para que sexan m\u00e1is duros. Durante a canci\u00f3n p\u00f3dese escoitar a&nbsp;<strong>voz de Maruja Mallo<\/strong>&nbsp;que, de maneira inspiradora, fala desa cantidade de arte que se crea e que se dil\u00fae co tempo. Con esa frase \u201c40.000 pintores en Par\u00eds, 40.000 que ya no existen\u201d, trae a unha reflexi\u00f3n moi actual sobre a velocidade e cantidade de creaci\u00f3n hoxe en d\u00eda, que axuda a pensar en non perder a perspectiva e valorar o arte que facemos.<\/p>\n\n\n\n<p>A propia Sabela confesa que constru\u00edr esta canci\u00f3n foi duro pola&nbsp;<strong>alta exixencia e o respecto<\/strong>&nbsp;que impo\u00f1\u00eda inspirarse na figura de Maruja Mallo, feito que foi desaparecendo a medida que foi xogando co tema, como fac\u00eda a pintora, constitu\u00edndo as\u00ed a mellor&nbsp;<strong>homenaxe<\/strong>&nbsp;posible \u00e1 s\u00faa visi\u00f3n do arte. Desta maneira, a artista busca po\u00f1er en valor unha figura silenciada e infravalorada ao longo da historia.<\/p>\n\n\n\n<p>A&nbsp;<strong>portada<\/strong>&nbsp;do tema \u00e9 un&nbsp;<strong>fungo&nbsp;<em>Penicillium<\/em>&nbsp;visto dende un microscopio<\/strong>, representando a visi\u00f3n de Maruja de aportar un novo enfoque a cousas coti\u00e1s. O que simplemente poder\u00eda ser o mofo dun lim\u00f3n, adquire unha nova perspectiva e forma no momento no que o miras dende un microscopio.<\/p>\n\n\n\n<p>O lanzamento de&nbsp;<em>A quen ignora<\/em>&nbsp;coincide coa&nbsp;<strong>inauguraci\u00f3n da exposici\u00f3n \u201cMaruja Mallo. M\u00e1scara y comp\u00e1s\u201d<\/strong>, a maior retrospectiva da obra realizada ata a data, que se poder\u00e1 visitar&nbsp;<strong>ata marzo de 2026<\/strong>&nbsp;no&nbsp;<strong>Museo Reina Sof\u00eda de Madrid<\/strong>. A mostra fai un percorrido cronol\u00f3xico pola s\u00faa traxectoria, reunindo&nbsp;<strong>90 obras<\/strong>&nbsp;entre as que se poden atopar pinturas, debuxos, v\u00eddeos e mesmo escritos.<\/p>\n\n\n\n<p>Desta maneira, Sabela segue acrecentando este momento doce arredor da s\u00faa m\u00fasica que est\u00e1 a vivir. Tras a gran acollida dos primeiros adiantos,&nbsp;<strong><em><u><a target=\"_blank\" href=\"https:\/\/open.spotify.com\/intl-es\/album\/5x47zZVUzqKwQiwxuqcLnO?si=bcxygVqdQk278kRjx6146Q\" rel=\"noreferrer noopener\">Hi, My love<\/a><\/u><\/em><\/strong>,&nbsp;<strong><em><u><a target=\"_blank\" href=\"https:\/\/open.spotify.com\/intl-es\/track\/4Ii5y9FtQn9E7lAsOy1Mt0?si=e357d2cdc0b44139\" rel=\"noreferrer noopener\">Eu espero aqu\u00ed<\/a><\/u><\/em><\/strong><em>,&nbsp;<\/em><strong><em><u><a target=\"_blank\" href=\"https:\/\/onerpm.link\/sabela-camponarai\" rel=\"noreferrer noopener\">Camponarai<\/a><\/u><\/em><\/strong>&nbsp;e&nbsp;<strong><em><u><a target=\"_blank\" href=\"https:\/\/onerpm.link\/cercadetisabela\" rel=\"noreferrer noopener\">Cerca de ti<\/a><\/u><\/em><\/strong><em>,<\/em>&nbsp;as\u00ed como das d\u00faas extensas xiras por salas de Espa\u00f1a e Galicia, a artista recolleu os froitos do traballo feito en forma de reco\u00f1ecementos, recibindo o&nbsp;<strong>Premio Mart\u00edn C\u00f3dax da M\u00fasica na categor\u00eda de Pop e Indie<\/strong>. A artista encara desta forma este final de ano, no que publicar\u00e1 o seu tan esperado traballo discogr\u00e1fico en forma de EP.<\/p>\n\n\n\n<p>Este tema conta coa&nbsp;<strong>colaboraci\u00f3n da Xunta de Galicia<\/strong>&nbsp;a trav\u00e9s da&nbsp;<strong>Axencia Galega de Industrias Culturais<\/strong>.<\/p>\n\n\n\n<p><\/p>\n\n\n\n<p><\/p>\n\n\n<div class=\"wp-block-image\">\n<figure class=\"aligncenter size-full\"><a href=\"http:\/\/culturaliagz.com\/wp-content\/uploads\/2025\/10\/Sabela-5.jpg\" target=\"_blank\" rel=\" noreferrer noopener\"><img loading=\"lazy\" decoding=\"async\" width=\"600\" height=\"600\" src=\"http:\/\/culturaliagz.com\/wp-content\/uploads\/2025\/10\/Sabela-5.jpg\" alt=\"\" class=\"wp-image-19672\" srcset=\"http:\/\/culturaliagz.com\/wp-content\/uploads\/2025\/10\/Sabela-5.jpg 600w, http:\/\/culturaliagz.com\/wp-content\/uploads\/2025\/10\/Sabela-5-480x480.jpg 480w\" sizes=\"auto, (min-width: 0px) and (max-width: 480px) 480px, (min-width: 481px) 600px, 100vw\" \/><\/a><figcaption class=\"wp-element-caption\"><em>A artista Sabela Ramil<\/em><\/figcaption><\/figure>\n<\/div>\n\n\n<p><\/p>\n\n\n\n<p><\/p>\n\n\n\n<p><strong>M\u00c1IS SOBRE SABELA<\/strong><\/p>\n\n\n\n<p>Sabela Ramil \u00e9 unha das caras visibles desta nova onda de\u00a0<strong>pop electr\u00f3nico<\/strong>\u00a0que triunfa no panorama musical actual. Coas s\u00faas tinguiduras animadas e bailables, Sabela converteuse xa no\u00a0<strong>gran alicerce deste x\u00e9nero<\/strong>\u00a0en Galicia. As s\u00faas canci\u00f3ns acumulan\u00a0<strong>centos de miles de reproduci\u00f3ns<\/strong>, conquistando con grandes xiras en directo\u00a0<strong>importantes salas ao longo de Espa\u00f1a e de Galicia<\/strong>, as\u00ed como festivais da talla de\u00a0<strong>O Son do Cami\u00f1o, BIGSOUND Pontevedra,<\/strong> <strong>SonR\u00edas Baixas,<\/strong>\u00a0<strong>Festival do Pasatempo<\/strong>\u00a0ou\u00a0<strong>Festival Noroeste.\u00a0<\/strong>Con todo isto, durante as pr\u00f3ximas semanas Sabela presentar\u00e1 o seu\u00a0<strong>novo EP<\/strong>, no que\u00a0<strong><em><u><a href=\"https:\/\/open.spotify.com\/intl-es\/album\/5x47zZVUzqKwQiwxuqcLnO?si=bcxygVqdQk278kRjx6146Q\" target=\"_blank\" rel=\"noreferrer noopener\">Hi, My Love<\/a><\/u><\/em><\/strong>\u00a0e\u00a0<strong><em><u><a href=\"https:\/\/open.spotify.com\/intl-es\/track\/4Ii5y9FtQn9E7lAsOy1Mt0?si=0dffee9090e04e74\" target=\"_blank\" rel=\"noreferrer noopener\">Eu Espero Aqu\u00ed<\/a><\/u><\/em><\/strong>, publicados a finais de 2024, e\u00a0<strong><em><u><a href=\"https:\/\/open.spotify.com\/intl-es\/track\/3hLJHA2GrfxQOo4Ujf5YHT?si=7f150edce9d3424e\" target=\"_blank\" rel=\"noreferrer noopener\">Camponarai<\/a><\/u><\/em><\/strong>,\u00a0<strong><em><u><a href=\"https:\/\/onerpm.link\/cercadetisabela\" target=\"_blank\" rel=\"noreferrer noopener\">Cerca de ti<\/a><\/u><\/em><\/strong>\u00a0e\u00a0<strong><em><u><a href=\"https:\/\/onerpm.link\/AQuenIgnora\" target=\"_blank\" rel=\"noreferrer noopener\">A quen ignora<\/a><\/u><\/em><\/strong>, publicados recentemente, son xa os seus\u00a0<strong>primeiros sinxelos<\/strong>.<\/p>\n\n\n\n<p>A artista galega soubo madurar o seu proxecto para levalo a unha&nbsp;<strong>nova etapa da s\u00faa carreira<\/strong>, e a pesar de contar cun&nbsp;<strong>estilo xa propio e identificable<\/strong>,aposta forte por un<strong>&nbsp;son m\u00e1is internacional mantendo elementos tradicionais galegos<\/strong>, fortalecendo as\u00ed as s\u00faas ra\u00edces.&nbsp;<strong><em><u><a target=\"_blank\" href=\"https:\/\/onerpm.link\/AQuenIgnora\" rel=\"noreferrer noopener\">A quen ignora<\/a><\/u><\/em><\/strong>,\u00faltimo sinxelo de Sabela, precede a temas como&nbsp;<strong><em><u><a target=\"_blank\" href=\"https:\/\/open.spotify.com\/intl-es\/album\/5x47zZVUzqKwQiwxuqcLnO?si=bcxygVqdQk278kRjx6146Q\" rel=\"noreferrer noopener\">Hi, My Love<\/a><\/u><\/em><\/strong><em><u><a target=\"_blank\" href=\"https:\/\/open.spotify.com\/intl-es\/album\/5x47zZVUzqKwQiwxuqcLnO?si=bcxygVqdQk278kRjx6146Q\" rel=\"noreferrer noopener\">,<\/a><\/u><\/em>&nbsp;<strong><em><u><a target=\"_blank\" href=\"https:\/\/open.spotify.com\/intl-es\/track\/4Ii5y9FtQn9E7lAsOy1Mt0?si=0dffee9090e04e74\" rel=\"noreferrer noopener\">Eu Espero Aqu\u00ed<\/a><\/u><\/em><\/strong><em>,&nbsp;<\/em><strong><em><u><a target=\"_blank\" href=\"https:\/\/open.spotify.com\/intl-es\/track\/3hLJHA2GrfxQOo4Ujf5YHT?si=7f150edce9d3424e\" rel=\"noreferrer noopener\">Camponarai<\/a><\/u><\/em><\/strong>&nbsp;e&nbsp;<strong><em><u><a target=\"_blank\" href=\"https:\/\/onerpm.link\/cercadetisabela\" rel=\"noreferrer noopener\">Cerca de ti<\/a><\/u><\/em><\/strong>, que ve\u00f1en de obter grandes n\u00fameros de escoitas e visualizaci\u00f3ns, as\u00ed como reco\u00f1ecementos como o&nbsp;<strong>Premio Mart\u00edn C\u00f3dax da M\u00fasica na categor\u00eda de Pop e Indie<\/strong>, e nominaci\u00f3ns a prestixiosos galard\u00f3ns como os&nbsp;<strong>Premios de la Academia de la M\u00fasica<\/strong>,&nbsp;<strong>Premios Mestre Mateo<\/strong>,&nbsp;<strong>Festival de Cans<\/strong>&nbsp;ou&nbsp;<strong>Festival de Videoclips de Oviedo<\/strong>.<\/p>\n\n\n\n<p><\/p>\n\n\n\n<p><\/p>\n\n\n\n<p><\/p>\n\n\n<a href=\"http:\/\/culturaliagz.com\/wp-content\/uploads\/2025\/10\/20251009-NP-GAL-LANZAMENTO-A-QUEN-IGNORA-SABELA.pdf\" class=\"pdfemb-viewer\" style=\"\" data-width=\"max\" data-height=\"max\" data-toolbar=\"bottom\" data-toolbar-fixed=\"off\">20251009-NP-GAL-LANZAMENTO-A-QUEN-IGNORA-SABELA<\/a>","protected":false},"excerpt":{"rendered":"<p>ESTE \u00daLTIMO SINXELO ANTES DO LANZAMENTO DO SEU EP PON EN VALOR A FIGURA DA PINTORA VIVEIRENSE O LANZAMENTO COINCIDE COA INAUGURACI\u00d3N NO MUSEO REINA SOF\u00cdA DE MADRID DA MAIOR [&hellip;]<\/p>\n","protected":false},"author":1,"featured_media":0,"comment_status":"open","ping_status":"open","sticky":false,"template":"","format":"standard","meta":{"_et_pb_use_builder":"","_et_pb_old_content":"","_et_gb_content_width":"","_jetpack_memberships_contains_paid_content":false,"footnotes":""},"categories":[23,7,6,57,1],"tags":[3419,3418,2280],"class_list":["post-19670","post","type-post","status-publish","format-standard","hentry","category-autoresas","category-creacion","category-novas","category-outras-artes","category-xeral","tag-a-quen-ignora","tag-maruja-mallo","tag-sabela"],"jetpack_featured_media_url":"","jetpack_sharing_enabled":true,"_links":{"self":[{"href":"http:\/\/culturaliagz.com\/index.php?rest_route=\/wp\/v2\/posts\/19670","targetHints":{"allow":["GET"]}}],"collection":[{"href":"http:\/\/culturaliagz.com\/index.php?rest_route=\/wp\/v2\/posts"}],"about":[{"href":"http:\/\/culturaliagz.com\/index.php?rest_route=\/wp\/v2\/types\/post"}],"author":[{"embeddable":true,"href":"http:\/\/culturaliagz.com\/index.php?rest_route=\/wp\/v2\/users\/1"}],"replies":[{"embeddable":true,"href":"http:\/\/culturaliagz.com\/index.php?rest_route=%2Fwp%2Fv2%2Fcomments&post=19670"}],"version-history":[{"count":2,"href":"http:\/\/culturaliagz.com\/index.php?rest_route=\/wp\/v2\/posts\/19670\/revisions"}],"predecessor-version":[{"id":19676,"href":"http:\/\/culturaliagz.com\/index.php?rest_route=\/wp\/v2\/posts\/19670\/revisions\/19676"}],"wp:attachment":[{"href":"http:\/\/culturaliagz.com\/index.php?rest_route=%2Fwp%2Fv2%2Fmedia&parent=19670"}],"wp:term":[{"taxonomy":"category","embeddable":true,"href":"http:\/\/culturaliagz.com\/index.php?rest_route=%2Fwp%2Fv2%2Fcategories&post=19670"},{"taxonomy":"post_tag","embeddable":true,"href":"http:\/\/culturaliagz.com\/index.php?rest_route=%2Fwp%2Fv2%2Ftags&post=19670"}],"curies":[{"name":"wp","href":"https:\/\/api.w.org\/{rel}","templated":true}]}}