{"id":19653,"date":"2025-10-08T22:11:36","date_gmt":"2025-10-08T21:11:36","guid":{"rendered":"http:\/\/culturaliagz.com\/?p=19653"},"modified":"2025-10-08T22:13:32","modified_gmt":"2025-10-08T21:13:32","slug":"nacen-os-primeiros-premios-da-industria-musical-de-galicia-impulsados-por-agem","status":"publish","type":"post","link":"http:\/\/culturaliagz.com\/?p=19653","title":{"rendered":"Nacen os primeiros Premios da Industria Musical de Galicia, impulsados por AGEM"},"content":{"rendered":"\n<p><\/p>\n\n\n\n<figure class=\"wp-block-image size-full\"><a href=\"http:\/\/culturaliagz.com\/wp-content\/uploads\/2025\/10\/Cartel-PIMG-AGEM.jpg\" target=\"_blank\" rel=\" noreferrer noopener\"><img loading=\"lazy\" decoding=\"async\" width=\"1755\" height=\"2481\" src=\"http:\/\/culturaliagz.com\/wp-content\/uploads\/2025\/10\/Cartel-PIMG-AGEM.jpg\" alt=\"\" class=\"wp-image-19654\" srcset=\"http:\/\/culturaliagz.com\/wp-content\/uploads\/2025\/10\/Cartel-PIMG-AGEM.jpg 1755w, http:\/\/culturaliagz.com\/wp-content\/uploads\/2025\/10\/Cartel-PIMG-AGEM-1280x1810.jpg 1280w, http:\/\/culturaliagz.com\/wp-content\/uploads\/2025\/10\/Cartel-PIMG-AGEM-980x1385.jpg 980w, http:\/\/culturaliagz.com\/wp-content\/uploads\/2025\/10\/Cartel-PIMG-AGEM-480x679.jpg 480w\" sizes=\"auto, (min-width: 0px) and (max-width: 480px) 480px, (min-width: 481px) and (max-width: 980px) 980px, (min-width: 981px) and (max-width: 1280px) 1280px, (min-width: 1281px) 1755px, 100vw\" \/><\/a><\/figure>\n\n\n\n<p><\/p>\n\n\n\n<p><\/p>\n\n\n\n<p><strong>A Asociaci\u00f3n Galega de Empresas Musicais organiza a primeira edici\u00f3n dos galard\u00f3ns, que buscan visibilizar e po\u00f1er en valor aquelas traxectorias, proxectos e iniciativas que destacan polo seu compromiso coa creatividade, a innovaci\u00f3n, o respecto e a sustentabilidade no sector musical galego, cun total de 17 categor\u00edas premiadas<\/strong><\/p>\n\n\n\n<p><strong>A Sala Capitol de Santiago de Compostela acoller\u00e1 a noite do xoves, 27 de novembro, a gala de entrega de premios: un encontro sectorial no que se dar\u00e1n a co\u00f1ecer os ga\u00f1adores e se entregar\u00e1n os galard\u00f3ns destes I Premios da Industria Musical de Galicia<\/strong><strong><\/strong><\/p>\n\n\n\n<p><\/p>\n\n\n\n<p>Os primeiros Premios da Industria Musical de Galicia son xa unha realidade da man da Asociaci\u00f3n Galega de Empresas Musicais, AGEM. Artista do ano, dese\u00f1o de iluminaci\u00f3n, sustentabilidade, excelencia na experiencia do p\u00fablico e ata un total de 17 categor\u00edas ser\u00e1n reco\u00f1ecidas nesta primeira \u2013e pioneira\u2013 edici\u00f3n dos galard\u00f3ns, que buscan visibilizar traxectorias e proxectos comprometidos do sector musical galego e cuxa posta de largo ter\u00e1 lugar nunha gala sectorial, o xoves 27 de novembro, na Sala Capitol de Santiago de Compostela. A iniciativa, promovida por AGEM ao abeiro do Plan Estrat\u00e9xico da Industria Musical de Galicia, conta co apoio da Xunta de Galicia, a trav\u00e9s da Axencia Galega das Industrias Culturais (Agadic), e da Deputaci\u00f3n da Coru\u00f1a.\u00a0 \u00a0\u00a0<\/p>\n\n\n\n<p><strong>SOBRE OS I PREMIOS DA INDUSTRIA MUSICAL DE GALICIA<\/strong><\/p>\n\n\n\n<p>Os Premios da Industria Musical de Galicia nacen da man da Asociaci\u00f3n Galega de Empresas Musicais (AGEM), entidade que defende os intereses profesionais das entidades galegas ligadas \u00e1 xesti\u00f3n cultural e aos espect\u00e1culos vinculados \u00e1 m\u00fasica ao vivo. Esta primeira edici\u00f3n dos premios pretende visibilizar e po\u00f1er en valor aquelas traxectorias, proxectos e iniciativas no eido musical que destacan polo seu compromiso coa creatividade, a innovaci\u00f3n, o respecto e a sustentabilidade. En definitiva, exemplos a seguir no sector profesional galego.<\/p>\n\n\n\n<p>En palabras da presidenta de AGEM, Patricia Hermida, \u201ca m\u00fasica galega vive un momento de madurez e diversidade extraordinarias. Os I Premios da Industria Musical de Galicia nacen para celebralo, para agradecer o talento e o compromiso de quen fai posible o seu crecemento, e para reco\u00f1ecer o valor das persoas e proxectos que converten a nosa industria nun verdadeiro motor cultural e humano para Galicia\u201d.&nbsp;<\/p>\n\n\n\n<p>Deste xeito, os I Premios da Industria Musical de Galicia, promovidos por AGEM co apoio da Xunta de Galicia, a trav\u00e9s da Axencia Galega das Industrias Culturais, e da Deputaci\u00f3n da Coru\u00f1a, pretenden ser unha ferramenta para dar visibilidade ao talento galego e fortalecer a industria musical como motor cultural, social e econ\u00f3mico. Con esta iniciativa, AGEM reafirma o seu compromiso de traballar colectivamente por un sector m\u00e1is profesional, reco\u00f1ecido e sostible. Os premios nacen no marco do Plan Estrat\u00e9xico da Industria Musical de Galicia, asinado por AGEM co impulso da Xunta de Galicia.<\/p>\n\n\n\n<p>A noite do xoves, 27 de novembro, na Sala Capitol de Santiago de Compostela, celebrarase un encontro sectorial no que se dar\u00e1n a co\u00f1ecer os ga\u00f1adores e se entregar\u00e1n os galard\u00f3ns desta primeira edici\u00f3n do Premios da Industria Musical de Galicia, nun formato pr\u00f3ximo, pensado para favorecer a cooperaci\u00f3n e a convivencia entre os diferentes axentes da industria musical galega.<\/p>\n\n\n\n<p>Un xurado independente formado por profesionais expertos en xornalismo musical, divulgaci\u00f3n, produci\u00f3n, creaci\u00f3n art\u00edstica, sustentabilidade e emprendemento cultural ser\u00e1 o encargado de propo\u00f1er e outorgar os premios nas diferentes categor\u00edas. A s\u00faa misi\u00f3n ser\u00e1 destacar aquelas persoas, empresas e proxectos que contrib\u00faen ao avance colectivo do sector e que representan boas pr\u00e1cticas dentro da industria musical galega. Moi pronto daranse a co\u00f1ecer as persoas integrantes do xurado nesta primeira edici\u00f3n dos premios.<\/p>\n\n\n\n<p>Os I Premios da Industria Musical de Galicia impulsados por AGEM premiar\u00e1n un total de 17 categor\u00edas. Delas, 14 ser\u00e1n outorgadas polo xurado profesional: dese\u00f1o de iluminaci\u00f3n, implementaci\u00f3n de son, provedor de servizos, profesional de produci\u00f3n, manager, produci\u00f3n discogr\u00e1fica, posta en escena, promotor\/a-programador\/a, proxecto de comunicaci\u00f3n, identidade visual, videoclip, evento cultural\/musical, espazo musical e proxecto de sustentabilidade. Ademais, a Xunta Directiva de AGEM seleccionar\u00e1 outras d\u00faas categor\u00edas: artista do ano e persoa do ano. Finalmente, haber\u00e1 un premio por votaci\u00f3n popular: o da excelencia na experiencia do p\u00fablico. As votaci\u00f3ns abriranse nas vindeiras semanas a trav\u00e9s das redes sociais e da web de AGEM.&nbsp;<\/p>\n\n\n\n<p><strong>SOBRE A ASOCIACI\u00d3N GALEGA DE EMPRESAS MUSICAIS (AGEM)<\/strong><\/p>\n\n\n\n<p>A Asociaci\u00f3n Galega de Empresas Musicais (AGEM) nace en 2007 para defender os intereses profesionais das empresas galegas vinculadas \u00e1 m\u00fasica ao vivo: produtoras, promotoras, managers, axentes de contrataci\u00f3n, compa\u00f1\u00edas de representaci\u00f3n art\u00edstica, editoras fonogr\u00e1ficas e empresas t\u00e9cnicas, entre outras actividades relacionadas coa xesti\u00f3n cultural e os espect\u00e1culos.<\/p>\n\n\n\n<p>AGEM est\u00e1 integrada por empresas que conforman a cadea de valor da actividade cultural e musical. Empresas que realizan actividades de dese\u00f1o, xesti\u00f3n e produci\u00f3n de eventos de car\u00e1cter cultural, musical, educativo, social e de entretemento, destinados a ser realizados en locais pechados ou a ceo aberto e, en xeral, todas as actividades t\u00e9cnicas e preparatorias para a execuci\u00f3n destes eventos ou servizos, inclu\u00edda a actividade comercial, de representaci\u00f3n de artistas, festivais, distribuci\u00f3n e xesti\u00f3n.<\/p>\n\n\n\n<p>Estas entidades traballan en distintos mercados de artistas internacionais, que conforman as programaci\u00f3ns de numerosos festivais e espect\u00e1culos producidos en Galicia e noutros territorios. Igualmente, hai empresas que representan a diversos artistas, na s\u00faa maior\u00eda galegos, que traballan en mercados de todo o mundo. As socias de AGEM son promotoras de festivais maioritariamente producidos en Galicia, pero tam\u00e9n noutros territorios. Empresas de produci\u00f3n t\u00e9cnica e persoal t\u00e9cnico especializado que traballan en numerosos espect\u00e1culos producidos dentro e f\u00f3ra de Galicia. Distintas gravaci\u00f3ns producidas ou editadas por integrantes de AGEM te\u00f1en repercusi\u00f3n en mercados internacionais e son sincronizadas tanto a nivel fonogr\u00e1fico como editorial en produci\u00f3ns audiovisuais; longametraxes, curtas, documentais e publicidade.<\/p>\n\n\n\n<p>O impulso industrial propiciado por AGEM vai m\u00e1is al\u00e1 do facturado polas empresas asociadas. O impacto econ\u00f3mico dos espect\u00e1culos nos que participa AGEM, tanto de artistas en solitario coma de festivais, \u00e9 de mais de 100 mill\u00f3ns de euros. As empresas que conforman AGEM son a ra\u00edz do sector cultural e resultan fundamentais na industria global da cultura, na m\u00fasica e no seu tecido econ\u00f3mico.<\/p>\n\n\n\n<p><\/p>\n\n\n\n<p><strong>M\u00c1IS INFORMACI\u00d3N<\/strong><strong><\/strong><\/p>\n\n\n\n<figure class=\"wp-block-embed aligncenter is-type-wp-embed is-provider-agem wp-block-embed-agem\"><div class=\"wp-block-embed__wrapper\">\n<blockquote class=\"wp-embedded-content\" data-secret=\"6JixTtwux6\"><a href=\"https:\/\/agem-musica.com\/\">AGEM<\/a><\/blockquote><iframe loading=\"lazy\" class=\"wp-embedded-content\" sandbox=\"allow-scripts\" security=\"restricted\" style=\"position: absolute; visibility: hidden;\" title=\"&#8220;AGEM&#8221; &#8212; AGEM\" src=\"https:\/\/agem-musica.com\/embed\/#?secret=JRYM589PuH#?secret=6JixTtwux6\" data-secret=\"6JixTtwux6\" width=\"600\" height=\"338\" frameborder=\"0\" marginwidth=\"0\" marginheight=\"0\" scrolling=\"no\"><\/iframe>\n<\/div><\/figure>\n\n\n\n<p><\/p>\n\n\n\n<p><\/p>\n\n\n<a href=\"http:\/\/culturaliagz.com\/wp-content\/uploads\/2025\/10\/2025.10.08.-NP-Premios-AGEM.pdf\" class=\"pdfemb-viewer\" style=\"\" data-width=\"max\" data-height=\"max\" data-toolbar=\"bottom\" data-toolbar-fixed=\"off\">2025.10.08.-NP-Premios-AGEM<\/a>","protected":false},"excerpt":{"rendered":"<p>A Asociaci\u00f3n Galega de Empresas Musicais organiza a primeira edici\u00f3n dos galard\u00f3ns, que buscan visibilizar e po\u00f1er en valor aquelas traxectorias, proxectos e iniciativas que destacan polo seu compromiso coa [&hellip;]<\/p>\n","protected":false},"author":1,"featured_media":0,"comment_status":"open","ping_status":"open","sticky":false,"template":"","format":"standard","meta":{"_et_pb_use_builder":"","_et_pb_old_content":"","_et_gb_content_width":"","_jetpack_memberships_contains_paid_content":false,"footnotes":""},"categories":[23,7,6,57,1],"tags":[3413,3415,988,3414,1521,150],"class_list":["post-19653","post","type-post","status-publish","format-standard","hentry","category-autoresas","category-creacion","category-novas","category-outras-artes","category-xeral","tag-agem","tag-axencia-galega-de-industrias-culturais","tag-deputacion-da-coruna","tag-i-premios-da-industria-musical-de-galicia","tag-sala-capitol","tag-xunta-de-galicia"],"jetpack_featured_media_url":"","jetpack_sharing_enabled":true,"_links":{"self":[{"href":"http:\/\/culturaliagz.com\/index.php?rest_route=\/wp\/v2\/posts\/19653","targetHints":{"allow":["GET"]}}],"collection":[{"href":"http:\/\/culturaliagz.com\/index.php?rest_route=\/wp\/v2\/posts"}],"about":[{"href":"http:\/\/culturaliagz.com\/index.php?rest_route=\/wp\/v2\/types\/post"}],"author":[{"embeddable":true,"href":"http:\/\/culturaliagz.com\/index.php?rest_route=\/wp\/v2\/users\/1"}],"replies":[{"embeddable":true,"href":"http:\/\/culturaliagz.com\/index.php?rest_route=%2Fwp%2Fv2%2Fcomments&post=19653"}],"version-history":[{"count":1,"href":"http:\/\/culturaliagz.com\/index.php?rest_route=\/wp\/v2\/posts\/19653\/revisions"}],"predecessor-version":[{"id":19656,"href":"http:\/\/culturaliagz.com\/index.php?rest_route=\/wp\/v2\/posts\/19653\/revisions\/19656"}],"wp:attachment":[{"href":"http:\/\/culturaliagz.com\/index.php?rest_route=%2Fwp%2Fv2%2Fmedia&parent=19653"}],"wp:term":[{"taxonomy":"category","embeddable":true,"href":"http:\/\/culturaliagz.com\/index.php?rest_route=%2Fwp%2Fv2%2Fcategories&post=19653"},{"taxonomy":"post_tag","embeddable":true,"href":"http:\/\/culturaliagz.com\/index.php?rest_route=%2Fwp%2Fv2%2Ftags&post=19653"}],"curies":[{"name":"wp","href":"https:\/\/api.w.org\/{rel}","templated":true}]}}