{"id":19419,"date":"2025-09-09T23:38:58","date_gmt":"2025-09-09T22:38:58","guid":{"rendered":"http:\/\/culturaliagz.com\/?p=19419"},"modified":"2025-09-09T23:39:02","modified_gmt":"2025-09-09T22:39:02","slug":"homenaxe-a-manuel-maria-co-concerto-de-cris-roman-no-auditorio-municipal-de-vilalba","status":"publish","type":"post","link":"http:\/\/culturaliagz.com\/?p=19419","title":{"rendered":"Homenaxe a Manuel Mar\u00eda co concerto de Cris Rom\u00e1n no Auditorio Municipal de Vilalba"},"content":{"rendered":"\n<p><\/p>\n\n\n\n<figure class=\"wp-block-image size-full\"><a href=\"http:\/\/culturaliagz.com\/wp-content\/uploads\/2025\/09\/CARTAZ_MM_25-II-copia-scaled.jpg\" target=\"_blank\" rel=\"noreferrer noopener\"><img loading=\"lazy\" decoding=\"async\" width=\"1792\" height=\"2560\" src=\"http:\/\/culturaliagz.com\/wp-content\/uploads\/2025\/09\/CARTAZ_MM_25-II-copia-scaled.jpg\" alt=\"\" class=\"wp-image-19420\" srcset=\"http:\/\/culturaliagz.com\/wp-content\/uploads\/2025\/09\/CARTAZ_MM_25-II-copia-scaled.jpg 1792w, http:\/\/culturaliagz.com\/wp-content\/uploads\/2025\/09\/CARTAZ_MM_25-II-copia-1280x1829.jpg 1280w, http:\/\/culturaliagz.com\/wp-content\/uploads\/2025\/09\/CARTAZ_MM_25-II-copia-980x1400.jpg 980w, http:\/\/culturaliagz.com\/wp-content\/uploads\/2025\/09\/CARTAZ_MM_25-II-copia-480x686.jpg 480w\" sizes=\"auto, (min-width: 0px) and (max-width: 480px) 480px, (min-width: 481px) and (max-width: 980px) 980px, (min-width: 981px) and (max-width: 1280px) 1280px, (min-width: 1281px) 1792px, 100vw\" \/><\/a><\/figure>\n\n\n\n<p><\/p>\n\n\n\n<p><\/p>\n\n\n\n<p class=\"has-text-align-justify\">O s\u00e1bado 13 de setembro de 2025, \u00e1s 20:00 h. no Auditorio Municipal de Vilalba, ter\u00e1 lugar lugar o segundo evento programado polo <a href=\"https:\/\/estudoschairegos.gal\/\" target=\"_blank\" rel=\"noreferrer noopener\">IESCHA<\/a>, coa colaboraci\u00f3n da \u00c1rea de Cultura-Vicepresidencia da Deputaci\u00f3n de Lugo, dentro dos <a href=\"https:\/\/estudoschairegos.gal\/acto-da-cultura-chairega-ii-homernaxe-a-manuel-maria-no-xxi-cabodano-concerto-de-cris-roman-auditorio-de-vilalba-13-09-25-as-2000-horas\/\" target=\"_blank\" rel=\"noreferrer noopener\">ACTOS DA CULTURA CHAIREGA EN HOMENAXE A MANUEL MAR\u00cdA NO SEU XXI CABODANO: O CONCERTO DE CRIS ROM\u00c1N<\/a>.<\/p>\n\n\n\n<p class=\"has-text-align-justify\"><strong>Cris Rom\u00e1n<\/strong><\/p>\n\n\n\n<p class=\"has-text-align-justify\">\u201cA compositora e cantante Cris Rom\u00e1n, comezou a s\u00faa andaina musical co grupo de Rock Areavasta. En 2014 decide comezar a s\u00faa aventura en solitario e en abril de 2016 siu \u00e1 luz o disco autoproducido A Cuentagotas.<\/p>\n\n\n\n<p class=\"has-text-align-justify\">Profesora da USC, Cris Rom\u00e1n, reparte o seu tempo entre a investigaci\u00f3n e a docencia e a s\u00faa paix\u00f3n pola m\u00fasica. Unha autora comprometida, con alma de roqueira baixo un antifaz de pop aterciopelado. Acompa\u00f1ada dunha banda de grandes m\u00fasicos como Alexandre Font\u00e1n aos teclados; Fran Alonso ao contrabaixo; Alexis Iglesias na guitarra; e Javier Romo na percusi\u00f3n. Entre as s\u00faas canci\u00f3ns p\u00f3dese atopar un amplo abano de estilos dende blues, swing, country, e m\u00fasica de autor, con canci\u00f3ns en ingl\u00e9s, castel\u00e1n e galego\u201d.<\/p>\n\n\n\n<p class=\"has-text-align-justify\">Entrada de balde. Haber\u00e1 que facer a correspondente reserva ben na p\u00e1xina web do Concello, ben na Casa da Cultura de Vilalba<\/p>\n\n\n\n<p><a target=\"_blank\" href=\"https:\/\/www.facebook.com\/hashtag\/iescha?__eep__=6&amp;__cft__[0]=AZXcB7NxjG5tev0wgyi72zSQ1J1JNcDS0npnePYzOjkmGSYWyZeGwYFT4JMmq1046FLmNRObrGI3GFpEBwChb9dEZlJgUB0tj648ssOHdVf-Pxarf03TYxmgPOSOiObojiBao2lsTsWPzdaO5Ixl-Jw7wHoWmcJBJfunygU77EHnIw&amp;__tn__=*NK-R\" rel=\"noreferrer noopener\">#IESCHA<\/a>&nbsp;<a href=\"https:\/\/deputacionlugo.gal\/es\/a-deputacion\/areasgoberno\/cultura?fbclid=IwZXh0bgNhZW0CMTAAYnJpZBEwT2NDcDBWNnRIa0t6M0dpcwEe5nERrvD4RjiiNVF8UnmP10V7RzKFTj2RW7CVVOOr3dbD_kXEJflBXIr2X0Q_aem_wMXrtNOedPNl-9pq-Huh9A\" target=\"_blank\" rel=\"noreferrer noopener\">https:\/\/deputacionlugo.gal\/\u2026\/a-dep\u2026\/areasgoberno\/cultura<\/a><\/p>\n","protected":false},"excerpt":{"rendered":"<p>O s\u00e1bado 13 de setembro de 2025, \u00e1s 20:00 h. no Auditorio Municipal de Vilalba, ter\u00e1 lugar lugar o segundo evento programado polo IESCHA, coa colaboraci\u00f3n da \u00c1rea de Cultura-Vicepresidencia [&hellip;]<\/p>\n","protected":false},"author":1,"featured_media":0,"comment_status":"open","ping_status":"open","sticky":false,"template":"","format":"standard","meta":{"_et_pb_use_builder":"","_et_pb_old_content":"","_et_gb_content_width":"","_jetpack_memberships_contains_paid_content":false,"footnotes":""},"categories":[23,7,129,6,57,1],"tags":[769,313,1287,1792,234],"class_list":["post-19419","post","type-post","status-publish","format-standard","hentry","category-autoresas","category-creacion","category-literaria","category-novas","category-outras-artes","category-xeral","tag-area-de-cultura-vicepresidencia-da-deputacion-provincial-de-lugo","tag-auditorio-municipal-de-vilalba","tag-cris-roman","tag-homenaxe-a-manuel-maria","tag-iescha"],"jetpack_featured_media_url":"","jetpack_sharing_enabled":true,"_links":{"self":[{"href":"http:\/\/culturaliagz.com\/index.php?rest_route=\/wp\/v2\/posts\/19419","targetHints":{"allow":["GET"]}}],"collection":[{"href":"http:\/\/culturaliagz.com\/index.php?rest_route=\/wp\/v2\/posts"}],"about":[{"href":"http:\/\/culturaliagz.com\/index.php?rest_route=\/wp\/v2\/types\/post"}],"author":[{"embeddable":true,"href":"http:\/\/culturaliagz.com\/index.php?rest_route=\/wp\/v2\/users\/1"}],"replies":[{"embeddable":true,"href":"http:\/\/culturaliagz.com\/index.php?rest_route=%2Fwp%2Fv2%2Fcomments&post=19419"}],"version-history":[{"count":1,"href":"http:\/\/culturaliagz.com\/index.php?rest_route=\/wp\/v2\/posts\/19419\/revisions"}],"predecessor-version":[{"id":19421,"href":"http:\/\/culturaliagz.com\/index.php?rest_route=\/wp\/v2\/posts\/19419\/revisions\/19421"}],"wp:attachment":[{"href":"http:\/\/culturaliagz.com\/index.php?rest_route=%2Fwp%2Fv2%2Fmedia&parent=19419"}],"wp:term":[{"taxonomy":"category","embeddable":true,"href":"http:\/\/culturaliagz.com\/index.php?rest_route=%2Fwp%2Fv2%2Fcategories&post=19419"},{"taxonomy":"post_tag","embeddable":true,"href":"http:\/\/culturaliagz.com\/index.php?rest_route=%2Fwp%2Fv2%2Ftags&post=19419"}],"curies":[{"name":"wp","href":"https:\/\/api.w.org\/{rel}","templated":true}]}}