{"id":19404,"date":"2025-09-06T23:30:23","date_gmt":"2025-09-06T22:30:23","guid":{"rendered":"http:\/\/culturaliagz.com\/?p=19404"},"modified":"2025-09-06T23:31:53","modified_gmt":"2025-09-06T22:31:53","slug":"a-setima-edicion-de-camino-escena-norte-presenta-unha-decena-de-espectaculos-de-teatro-danza-e-circo-en-dez-localidades-de-galicia","status":"publish","type":"post","link":"http:\/\/culturaliagz.com\/?p=19404","title":{"rendered":"A s\u00e9tima edici\u00f3n de Cami\u00f1o Escena Norte presenta unha decena de espect\u00e1culos de teatro, danza e circo en dez localidades de Galicia"},"content":{"rendered":"\n<p><\/p>\n\n\n\n<figure class=\"wp-block-image size-full\"><a href=\"http:\/\/culturaliagz.com\/wp-content\/uploads\/2025\/09\/20250905-Presentacion-CEN-Galicia-\u00a9-Miguel-Lamas-1.jpg\" target=\"_blank\" rel=\"noreferrer noopener\"><img loading=\"lazy\" decoding=\"async\" width=\"1500\" height=\"1000\" src=\"http:\/\/culturaliagz.com\/wp-content\/uploads\/2025\/09\/20250905-Presentacion-CEN-Galicia-\u00a9-Miguel-Lamas-1.jpg\" alt=\"\" class=\"wp-image-19405\" srcset=\"http:\/\/culturaliagz.com\/wp-content\/uploads\/2025\/09\/20250905-Presentacion-CEN-Galicia-\u00a9-Miguel-Lamas-1.jpg 1500w, http:\/\/culturaliagz.com\/wp-content\/uploads\/2025\/09\/20250905-Presentacion-CEN-Galicia-\u00a9-Miguel-Lamas-1-300x200.jpg 300w, http:\/\/culturaliagz.com\/wp-content\/uploads\/2025\/09\/20250905-Presentacion-CEN-Galicia-\u00a9-Miguel-Lamas-1-1024x683.jpg 1024w, http:\/\/culturaliagz.com\/wp-content\/uploads\/2025\/09\/20250905-Presentacion-CEN-Galicia-\u00a9-Miguel-Lamas-1-768x512.jpg 768w, http:\/\/culturaliagz.com\/wp-content\/uploads\/2025\/09\/20250905-Presentacion-CEN-Galicia-\u00a9-Miguel-Lamas-1-1080x720.jpg 1080w, http:\/\/culturaliagz.com\/wp-content\/uploads\/2025\/09\/20250905-Presentacion-CEN-Galicia-\u00a9-Miguel-Lamas-1-1280x853.jpg 1280w, http:\/\/culturaliagz.com\/wp-content\/uploads\/2025\/09\/20250905-Presentacion-CEN-Galicia-\u00a9-Miguel-Lamas-1-980x653.jpg 980w, http:\/\/culturaliagz.com\/wp-content\/uploads\/2025\/09\/20250905-Presentacion-CEN-Galicia-\u00a9-Miguel-Lamas-1-480x320.jpg 480w\" sizes=\"auto, (max-width: 1500px) 100vw, 1500px\" \/><\/a><\/figure>\n\n\n\n<p><\/p>\n\n\n\n<p><\/p>\n\n\n\n<p class=\"has-text-align-justify\"><strong>O proxecto de intercambio cultural a trav\u00e9s das artes esc\u00e9nicas celebrarase simultaneamente do 12 de setembro ao 26 de outubro en Galicia, Asturias, Cantabria, Euskadi, Navarra e A Rioxa<\/strong><\/p>\n\n\n\n<p class=\"has-text-align-justify\"><strong>Arz\u00faa, Carballo, Foz, Negreira, Lugo, Outes, Ribadeo, Santiago de Compostela, Vilalba e Vimianzo acoller\u00e1n as 10 funci\u00f3ns de teatro, circo e danza que presentar\u00e1n as compa\u00f1\u00edas La Roca Producciones e Zigzag Danza (Asturias), El Tejo Producciones (Cantabria), NiM\u00fa (Euskadi), Led Silhouette (Navarra) e El Perro Azul (A Rioxa)<\/strong><\/p>\n\n\n\n<p><\/p>\n\n\n\n<p><\/p>\n\n\n\n<p class=\"has-text-align-justify\">A s\u00e9tima edici\u00f3n do proxecto de intercambio cultural Cami\u00f1o Escena Norte achegar\u00e1&nbsp;dez espectaculos de danza, teatro e circo&nbsp;a outras tantas localidades de Galicia. A programaci\u00f3n, que decorrer\u00e1 do 12 de setembro ao 26 de outubro e que conta co apoio da Xunta de Galicia a trav\u00e9s da Axencia Galega das Industrias Culturais (Agadic), presentar\u00e1 pezas para p\u00fablicos de todas as idades de compa\u00f1\u00edas orixinarias de Asturias, Cantabria, Euskadi, Navarra e A Rioxa, territorio que se incorpora \u00e1 iniciativa neste 2025.<br><br>A programaci\u00f3n, dada a co\u00f1ecer esta ma\u00f1\u00e1 na Praza do Obradoiro, presentar\u00e1 un total de dez funci\u00f3ns en&nbsp;Arz\u00faa, Carballo, Foz, Lugo, Outes, Ribadeo, Santiago de Compostela, Vilalba, Vimianzo e Negreira,&nbsp;que se estrea como sede do programa. Baixo o lema&nbsp;<em>Sementar, coidar, xermolar,<\/em>&nbsp;a s\u00e9tima edici\u00f3n de CEN achegar\u00e1 at\u00e9 distintos escenarios e p\u00fablicos os traballos de compa\u00f1\u00edas que forman parte deste programa de intercambio, no que Galicia tam\u00e9n exportar\u00e1 o seu talento aos demais territorios a trav\u00e9s de&nbsp;P\u00e9rez &amp; Fern\u00e1ndez, Grupo Ch\u00e9vere&nbsp;e&nbsp;Paula Quintas C\u00eda., quen representou esta ma\u00f1\u00e1 un anaco do seu&nbsp;<em>Multiperspectivas#3<\/em>.<\/p>\n\n\n\n<p class=\"has-text-align-justify\">As\u00ed, Cami\u00f1o Escena Norte levar\u00e1 un total de 18 espect\u00e1culos polas 60 sedes que formar\u00e1n parte do seu itinerario de exhibicion, nomeado&nbsp;<em>Constelaci\u00f3ns<\/em>. Tr\u00e1tase dunha&nbsp;programaci\u00f3n itinerante de artes esc\u00e9nicas de corte xeralista&nbsp;na que prevalece a diversidade de linguaxes, est\u00e9ticas e formatos, tanto para p\u00fablico infantil e adolescente coma adulto; produci\u00f3ns de teatro de texto, novo circo, danza e artes do movemento, creacion contempor\u00e1nea, espect\u00e1culos did\u00e1cticos e experiencias<em>&nbsp;site-specific<\/em>. No caso de Galicia, os seus escenarios contar\u00e1n coa visita de seis compa\u00f1ias:&nbsp;La Roca Producciones&nbsp;e&nbsp;Zigzag Danza&nbsp;(Asturias),&nbsp;El Tejo Producciones&nbsp;(Cantabria),&nbsp;NiM\u00fa&nbsp;(Euskadi),&nbsp;Led Silhouette&nbsp;(Navarra) e&nbsp;El Perro Azul&nbsp;(A Rioxa).<\/p>\n\n\n\n<p class=\"has-text-align-justify\">Este Itinerario Constelaci\u00f3ns comezar\u00e1, como \u00e9 habitual, na cidade de&nbsp;Santiago de Compostela. A primeira cita ser\u00e1 o&nbsp;venres 12 de setembro na Praza da Quintana&nbsp;e chegar\u00e1 da man de&nbsp;<em>Pausa<\/em>, unha proposta circense para todos os p\u00fablicos da compa\u00f1\u00eda vasca NiM\u00fa, e que se volver\u00e1 representar o 26 de setembro en&nbsp;Carballo,&nbsp;no marco do FIOT; festival co cal CEN desenvolve unha estreita colaboraci\u00f3n desde hai anos a trav\u00e9s do proxecto Vieiros (para a promoci\u00f3n de eventos esc\u00e9nicos f\u00f3ra do seu territorio).<br><br>A partir do vindeiro d\u00eda d\u00eda 12, as compa\u00f1\u00edas xirar\u00e1n polas provincias da Coru\u00f1a e Lugo. \u00c9 as\u00ed como a rioxana El perro azul visitar\u00e1&nbsp;Foz e Negreira&nbsp;-nova sede deste ano- co seu&nbsp;<em>Globe Story<\/em>&nbsp;(teatro para todos os p\u00fablicos), a c\u00e1ntabra El Tejo Producciones presentar\u00e1<em>&nbsp;El jard\u00edn de las posibilidades&nbsp;<\/em>en&nbsp;Vimianzo&nbsp;(p\u00fablico adulto), os navarros Led Silhouette bailar\u00e1n&nbsp;<em>Halley&nbsp;<\/em>en&nbsp;Lugo&nbsp;ou mesmo a asturiana Zig Zag Danza dar\u00e1 a co\u00f1ecer&nbsp;<em>Postales Rotas<\/em>&nbsp;en&nbsp;Ribadeo. De Asturias tam\u00e9n chega&nbsp;<em>Zozobra,&nbsp;<\/em>unha coproduci\u00f3n teatral de La Roca Producciones e Acar Teatro del Mundo, dirixida a p\u00fablico adolescente e adulto, que se poder\u00e1 ver en&nbsp;Arz\u00faa, Vilalba e Outes.<\/p>\n\n\n\n<p><strong>CAMI\u00d1O EXPANDIDO<\/strong><\/p>\n\n\n\n<p class=\"has-text-align-justify\">Xunto ao Itinerario Constelaci\u00f3ns convive o programa&nbsp;Cami\u00f1o Expandido,&nbsp;que abrangue toda a actividade f\u00f3ra do circu\u00edto de funci\u00f3ns. Unha das novidades deste ano \u00e9&nbsp;FOCOS, que se estrea en Cantabria, e que conter\u00e1 un coidado programa de actividades, desde acci\u00f3ns de promoci\u00f3n do sector esc\u00e9nico c\u00e1ntabro at\u00e9 o&nbsp;Encontro Habitaci\u00f3n Peregrina PRO&nbsp;-o encontro profesional que se desenvolveu en Lugo desde 2020 e que, desde este 2025, pasa a ser itinerante-, que ter\u00e1 lugar no&nbsp;Palacio de Festivais de Cantabria do 16 ao 18 de setembro.<\/p>\n\n\n\n<p class=\"has-text-align-justify\">Na s\u00e9tima edici\u00f3n perc\u00f3rrense tam\u00e9n m\u00e1is&nbsp;Vieiros<em>,<\/em>&nbsp;a iniciativa enmarcada no Cami\u00f1o Expandido e que une ao CEN con distintos proxectos culturais dos territorios co obxectivo de dar forza e contexto ao programa, ademais de proxectar f\u00f3ra da comunidade os proxectos locais. Nesta ocasi\u00f3n, traballarase co Festival Internacional Outono de Teatro de Carballo (FIOT); Rincones y Recovecos e Danza Xix\u00f3n (Asturias); o programa Movimiento en Red Cantabria; Bideart Zigoitia (Euskadi), e Festival Mute e o Festival Iberoamericano de Teatro da Rioxa (FITLO), ambos na Rioxa.<\/p>\n\n\n\n<p class=\"has-text-align-justify\">No 2025 mant\u00e9\u00f1ense actividades como talleres, coloquios e encontros co p\u00fablico. A iniciativa&nbsp;Mirando as constelaci\u00f3ns&nbsp;-mapeo das sedes nas que haber\u00e1 actividade de CEN- e o&nbsp;Cat\u00e1logo de Espect\u00e1culos Recomendados Cami\u00f1o Escena Norte&nbsp;-selecci\u00f3n de 36 produci\u00f3ns (seis por comunidade) que serve de promoci\u00f3n e apoio para a distribuci\u00f3n f\u00f3ra do \u00e1mbito do proxecto- redondean a oferta de CEN en 2025.<\/p>\n\n\n\n<p><\/p>\n\n\n\n<p><\/p>\n\n\n\n<figure class=\"wp-block-gallery has-nested-images columns-2 is-cropped wp-block-gallery-1 is-layout-flex wp-block-gallery-is-layout-flex\">\n<figure class=\"wp-block-image size-large\"><a href=\"http:\/\/culturaliagz.com\/wp-content\/uploads\/2025\/09\/20250905-Gabriela-Gonzalez-na-presentacion-CEN-Galicia-\u00a9-Miguel-Lamas-9.jpg\" target=\"_blank\" rel=\"noreferrer noopener\"><img loading=\"lazy\" decoding=\"async\" width=\"1024\" height=\"683\" data-id=\"19406\" src=\"http:\/\/culturaliagz.com\/wp-content\/uploads\/2025\/09\/20250905-Gabriela-Gonzalez-na-presentacion-CEN-Galicia-\u00a9-Miguel-Lamas-9-1024x683.jpg\" alt=\"\" class=\"wp-image-19406\" srcset=\"http:\/\/culturaliagz.com\/wp-content\/uploads\/2025\/09\/20250905-Gabriela-Gonzalez-na-presentacion-CEN-Galicia-\u00a9-Miguel-Lamas-9-1024x683.jpg 1024w, http:\/\/culturaliagz.com\/wp-content\/uploads\/2025\/09\/20250905-Gabriela-Gonzalez-na-presentacion-CEN-Galicia-\u00a9-Miguel-Lamas-9-300x200.jpg 300w, http:\/\/culturaliagz.com\/wp-content\/uploads\/2025\/09\/20250905-Gabriela-Gonzalez-na-presentacion-CEN-Galicia-\u00a9-Miguel-Lamas-9-768x512.jpg 768w, http:\/\/culturaliagz.com\/wp-content\/uploads\/2025\/09\/20250905-Gabriela-Gonzalez-na-presentacion-CEN-Galicia-\u00a9-Miguel-Lamas-9-1080x720.jpg 1080w, http:\/\/culturaliagz.com\/wp-content\/uploads\/2025\/09\/20250905-Gabriela-Gonzalez-na-presentacion-CEN-Galicia-\u00a9-Miguel-Lamas-9-1280x853.jpg 1280w, http:\/\/culturaliagz.com\/wp-content\/uploads\/2025\/09\/20250905-Gabriela-Gonzalez-na-presentacion-CEN-Galicia-\u00a9-Miguel-Lamas-9-980x653.jpg 980w, http:\/\/culturaliagz.com\/wp-content\/uploads\/2025\/09\/20250905-Gabriela-Gonzalez-na-presentacion-CEN-Galicia-\u00a9-Miguel-Lamas-9-480x320.jpg 480w, http:\/\/culturaliagz.com\/wp-content\/uploads\/2025\/09\/20250905-Gabriela-Gonzalez-na-presentacion-CEN-Galicia-\u00a9-Miguel-Lamas-9.jpg 1500w\" sizes=\"auto, (max-width: 1024px) 100vw, 1024px\" \/><\/a><\/figure>\n\n\n\n<figure class=\"wp-block-image size-large\"><a href=\"http:\/\/culturaliagz.com\/wp-content\/uploads\/2025\/09\/20250905-Jacobo-Sutil-na-Presentacion-CEN-Galicia-\u00a9-Miguel-Lamas-14.jpg\" target=\"_blank\" rel=\"noreferrer noopener\"><img loading=\"lazy\" decoding=\"async\" width=\"1024\" height=\"683\" data-id=\"19408\" src=\"http:\/\/culturaliagz.com\/wp-content\/uploads\/2025\/09\/20250905-Jacobo-Sutil-na-Presentacion-CEN-Galicia-\u00a9-Miguel-Lamas-14-1024x683.jpg\" alt=\"\" class=\"wp-image-19408\" srcset=\"http:\/\/culturaliagz.com\/wp-content\/uploads\/2025\/09\/20250905-Jacobo-Sutil-na-Presentacion-CEN-Galicia-\u00a9-Miguel-Lamas-14-1024x683.jpg 1024w, http:\/\/culturaliagz.com\/wp-content\/uploads\/2025\/09\/20250905-Jacobo-Sutil-na-Presentacion-CEN-Galicia-\u00a9-Miguel-Lamas-14-300x200.jpg 300w, http:\/\/culturaliagz.com\/wp-content\/uploads\/2025\/09\/20250905-Jacobo-Sutil-na-Presentacion-CEN-Galicia-\u00a9-Miguel-Lamas-14-768x512.jpg 768w, http:\/\/culturaliagz.com\/wp-content\/uploads\/2025\/09\/20250905-Jacobo-Sutil-na-Presentacion-CEN-Galicia-\u00a9-Miguel-Lamas-14-1080x720.jpg 1080w, http:\/\/culturaliagz.com\/wp-content\/uploads\/2025\/09\/20250905-Jacobo-Sutil-na-Presentacion-CEN-Galicia-\u00a9-Miguel-Lamas-14-1280x853.jpg 1280w, http:\/\/culturaliagz.com\/wp-content\/uploads\/2025\/09\/20250905-Jacobo-Sutil-na-Presentacion-CEN-Galicia-\u00a9-Miguel-Lamas-14-980x653.jpg 980w, http:\/\/culturaliagz.com\/wp-content\/uploads\/2025\/09\/20250905-Jacobo-Sutil-na-Presentacion-CEN-Galicia-\u00a9-Miguel-Lamas-14-480x320.jpg 480w, http:\/\/culturaliagz.com\/wp-content\/uploads\/2025\/09\/20250905-Jacobo-Sutil-na-Presentacion-CEN-Galicia-\u00a9-Miguel-Lamas-14.jpg 1500w\" sizes=\"auto, (max-width: 1024px) 100vw, 1024px\" \/><\/a><\/figure>\n\n\n\n<figure class=\"wp-block-image size-large\"><a href=\"http:\/\/culturaliagz.com\/wp-content\/uploads\/2025\/09\/20250905-Patricia-de-Lorenzo-na-presentacion-CEN-Galicia-\u00a9-Miguel-Lamas-3.jpg\" target=\"_blank\" rel=\"noreferrer noopener\"><img loading=\"lazy\" decoding=\"async\" width=\"1024\" height=\"683\" data-id=\"19407\" src=\"http:\/\/culturaliagz.com\/wp-content\/uploads\/2025\/09\/20250905-Patricia-de-Lorenzo-na-presentacion-CEN-Galicia-\u00a9-Miguel-Lamas-3-1024x683.jpg\" alt=\"\" class=\"wp-image-19407\" srcset=\"http:\/\/culturaliagz.com\/wp-content\/uploads\/2025\/09\/20250905-Patricia-de-Lorenzo-na-presentacion-CEN-Galicia-\u00a9-Miguel-Lamas-3-1024x683.jpg 1024w, http:\/\/culturaliagz.com\/wp-content\/uploads\/2025\/09\/20250905-Patricia-de-Lorenzo-na-presentacion-CEN-Galicia-\u00a9-Miguel-Lamas-3-300x200.jpg 300w, http:\/\/culturaliagz.com\/wp-content\/uploads\/2025\/09\/20250905-Patricia-de-Lorenzo-na-presentacion-CEN-Galicia-\u00a9-Miguel-Lamas-3-768x512.jpg 768w, http:\/\/culturaliagz.com\/wp-content\/uploads\/2025\/09\/20250905-Patricia-de-Lorenzo-na-presentacion-CEN-Galicia-\u00a9-Miguel-Lamas-3-1080x720.jpg 1080w, http:\/\/culturaliagz.com\/wp-content\/uploads\/2025\/09\/20250905-Patricia-de-Lorenzo-na-presentacion-CEN-Galicia-\u00a9-Miguel-Lamas-3-1280x853.jpg 1280w, http:\/\/culturaliagz.com\/wp-content\/uploads\/2025\/09\/20250905-Patricia-de-Lorenzo-na-presentacion-CEN-Galicia-\u00a9-Miguel-Lamas-3-980x653.jpg 980w, http:\/\/culturaliagz.com\/wp-content\/uploads\/2025\/09\/20250905-Patricia-de-Lorenzo-na-presentacion-CEN-Galicia-\u00a9-Miguel-Lamas-3-480x320.jpg 480w, http:\/\/culturaliagz.com\/wp-content\/uploads\/2025\/09\/20250905-Patricia-de-Lorenzo-na-presentacion-CEN-Galicia-\u00a9-Miguel-Lamas-3.jpg 1500w\" sizes=\"auto, (max-width: 1024px) 100vw, 1024px\" \/><\/a><\/figure>\n\n\n\n<figure class=\"wp-block-image size-large\"><a href=\"http:\/\/culturaliagz.com\/wp-content\/uploads\/2025\/09\/20250905-Presentacion-CEN-Galicia-\u00a9-Miguel-Lamas-4.jpg\" target=\"_blank\" rel=\"noreferrer noopener\"><img loading=\"lazy\" decoding=\"async\" width=\"1024\" height=\"683\" data-id=\"19409\" src=\"http:\/\/culturaliagz.com\/wp-content\/uploads\/2025\/09\/20250905-Presentacion-CEN-Galicia-\u00a9-Miguel-Lamas-4-1024x683.jpg\" alt=\"\" class=\"wp-image-19409\" srcset=\"http:\/\/culturaliagz.com\/wp-content\/uploads\/2025\/09\/20250905-Presentacion-CEN-Galicia-\u00a9-Miguel-Lamas-4-1024x683.jpg 1024w, http:\/\/culturaliagz.com\/wp-content\/uploads\/2025\/09\/20250905-Presentacion-CEN-Galicia-\u00a9-Miguel-Lamas-4-300x200.jpg 300w, http:\/\/culturaliagz.com\/wp-content\/uploads\/2025\/09\/20250905-Presentacion-CEN-Galicia-\u00a9-Miguel-Lamas-4-768x512.jpg 768w, http:\/\/culturaliagz.com\/wp-content\/uploads\/2025\/09\/20250905-Presentacion-CEN-Galicia-\u00a9-Miguel-Lamas-4-1080x720.jpg 1080w, http:\/\/culturaliagz.com\/wp-content\/uploads\/2025\/09\/20250905-Presentacion-CEN-Galicia-\u00a9-Miguel-Lamas-4-1280x853.jpg 1280w, http:\/\/culturaliagz.com\/wp-content\/uploads\/2025\/09\/20250905-Presentacion-CEN-Galicia-\u00a9-Miguel-Lamas-4-980x653.jpg 980w, http:\/\/culturaliagz.com\/wp-content\/uploads\/2025\/09\/20250905-Presentacion-CEN-Galicia-\u00a9-Miguel-Lamas-4-480x320.jpg 480w, http:\/\/culturaliagz.com\/wp-content\/uploads\/2025\/09\/20250905-Presentacion-CEN-Galicia-\u00a9-Miguel-Lamas-4.jpg 1500w\" sizes=\"auto, (max-width: 1024px) 100vw, 1024px\" \/><\/a><\/figure>\n<\/figure>\n\n\n\n<p><\/p>\n\n\n\n<p><\/p>\n\n\n\n<p><strong>CAMI\u00d1O ESCENA NORTE<\/strong><\/p>\n\n\n\n<p class=\"has-text-align-justify\">Cami\u00f1o Escena Norte nace no 2019 co obxectivo de&nbsp;promover o intercambio cultural a trav\u00e9s das artes esc\u00e9nicas, tomando como f\u00edo condutor os roteiros hist\u00f3ricos do Cami\u00f1o de Santiago do norte da Pen\u00ednsula Ib\u00e9rica. Ao longo destes sete anos, Cami\u00f1o Escena Norte levou o teatro, a danza e artes do movemento e o novo circo a escenarios afastados dos circu\u00edtos habituais en Galicia, Asturias, Cantabria, Euskadi e Navarra. Desde este 2025, tam\u00e9n chegar\u00e1 a un novo territorio: A Rioxa.<\/p>\n\n\n\n<p class=\"has-text-align-justify\">CEN \u00e9 unha iniciativa promovida polas asociaci\u00f3ns profesionais de produtoras de artes esc\u00e9nicas ESCENA GALEGA (Galicia), ESCENASTURIAS (Asturias), ACEPAE (Cantabria), ESKENA (Euskadi), ESNA (Navarra) e AESCENA (A Rioxa). Todas elas, unidas, conforman a supraentidade Cami\u00f1o Escena Norte Agrupaci\u00f3n de Interese Econ\u00f3mico, creada especificamente para o desenvolvemento, xesti\u00f3n e produci\u00f3n do proxecto.<\/p>\n\n\n\n<p class=\"has-text-align-justify\">CEN conta co apoio econ\u00f3mico de gobernos e instituci\u00f3ns das seis comunidades implicadas: Xunta de Galicia, a trav\u00e9s da Axencia Galega das Industrias Culturais (Agadic); Goberno do Principado de Asturias; Goberno de Cantabria; Goberno Vasco; Deputaci\u00f3n Foral de Araba, Deputaci\u00f3n Foral de Bizkaia; Deputaci\u00f3n Foral de Gipuzkoa; Goberno de Navarra, Gobierno de La Rioja e Ministerio de Cultura. Colabora tam\u00e9n a Deputaci\u00f3n Provincial de Lugo e Vegalsa-Eroski mantense como patrocinador oficial; nun ano no que se incorpora Deleite. Ademais, CEN onta nesta edici\u00f3n coa colaboraci\u00f3n especial da Asociaci\u00f3n Te Veo de Artes Esc\u00e9nicas para la Infancia y la Juventud.<\/p>\n\n\n\n<p><br><br><strong>PROGRAMACI\u00d3N CAMI\u00d1O ESCENA NORTE EN GALICIA 2025<\/strong><br><br><br><strong>12.09, \u00e1s 19.00h | Santiago de Compostela<\/strong><br>Praza da Quintana (en caso de choiva, Casa das M\u00e1quinas)<br><em>Pausa<\/em>, de niM\u00fa&nbsp;(Euskadi)<br>Circo. Todos os p\u00fablicos. Entrada libre ata completar capacidade.<\/p>\n\n\n\n<p><strong>13.09, \u00e1s 20.00h | Foz<\/strong><br>Praza Conde de Fontao (en caso de choiva, Sala Bah\u00eda)<br><em>Globe Story<\/em>, de El perro azul (A Rioxa)<br>Teatro. Todos os p\u00fablicos. Entrada libre ata completar capacidade.<\/p>\n\n\n\n<p><strong>19.09, \u00e1s 20.00h | Arz\u00faa<\/strong><br>Xard\u00edn Casa de Correos (en caso de choiva, Capela da Madanela)<br><em>Zozobra,&nbsp;<\/em>de La Roca Producciones \u2013 Acar Teatro del Mundo (Asturias)<br>Teatro. P\u00fablico adulto e adolescente. Entrada libre ata completar capacidade.<\/p>\n\n\n\n<p><strong>21.09, \u00e1s 20.00h | Vilalba<\/strong><br>Auditorio Municipal Carmen Estevez<br><em>Zozobra,<\/em>&nbsp;de La Roca Producciones \u2013 Acar Teatro del Mundo (Asturias)<br>Teatro. P\u00fablico adulto e adolescente. Entrada libre ata completar capacidade.<\/p>\n\n\n\n<p><strong>26.09, \u00e1s 18.00h | Carballo<\/strong><br>Praza Cruz Vermella (en caso de choiva, Mercado Municipal)<br><em>Pausa<\/em>, de niM\u00fa&nbsp; (Euskadi) &#8211;&nbsp;Actuaci\u00f3n enmarcada no programa VIEIROS<br>Circo. Todos os p\u00fablicos. Venda de entradas na web do FIOT&nbsp;<a href=\"http:\/\/www.fiot.gal\/\" target=\"_blank\" rel=\"noreferrer noopener\">www.fiot.gal<\/a>&nbsp;(5\u20ac)<\/p>\n\n\n\n<p><strong>02.10, \u00e1s 20.00h | Lugo<\/strong><br>Auditorio Municipal Gustavo Freire<br><em>Halley,&nbsp;<\/em>de Led Silhouette (Navarra)<br>Danza. Todos os p\u00fablicos. Venda de entradas:&nbsp;<a href=\"http:\/\/www.entradaslugo.es\/\" target=\"_blank\" rel=\"noreferrer noopener\">www.entradaslugo.es<\/a><\/p>\n\n\n\n<p><strong>17.10, 20.30h | Negreira<\/strong><br>Auditorio Municipal Afonso Eanes de Cot\u00f3n<br><em>Globe Story,<\/em>&nbsp;de El perro azul (A Rioxa)&nbsp;<br>Teatro. Todos os p\u00fablicos. Venda de entradas:<a href=\"http:\/\/www.woutick.es\/\" target=\"_blank\" rel=\"noreferrer noopener\">&nbsp;www.woutick.es<\/a>&nbsp;(3\u20ac)<\/p>\n\n\n\n<p><strong>19.10, \u00e1s 20.00h | Outes<br><\/strong>Auditorio Casa da Cultura<br><em>Zozobra,&nbsp;<\/em>de La Roca Producciones \u2013 Acar Teatro del Mundo (Asturias)<br>Teatro. P\u00fablico adulto e adolescente. Venda de entradas:&nbsp;<a href=\"http:\/\/www.bandoticket.com\/\" target=\"_blank\" rel=\"noreferrer noopener\">www.bandoticket.com<\/a>&nbsp;(5\u20ac *)<br>*Bono para todas as actividades do trimestre a prezo reducido (30% sobre o total)<\/p>\n\n\n\n<p><strong>25.10, \u00e1s 20.30h | Vimianzo<br><\/strong>Auditorio Municipal.<br><em>El jard\u00edn de las posibilidades<\/em>, de El Tejo Producciones (Cantabria)<br>Teatro. P\u00fablico adulto. Venda de entradas en&nbsp;<a href=\"http:\/\/www.woutick.es\/\" target=\"_blank\" rel=\"noreferrer noopener\">www.woutick.es<\/a>&nbsp;(5\u20ac \/ reducido: 2,5\u20ac)<\/p>\n\n\n\n<p class=\"has-text-align-justify\"><strong>26.10, 20.00h | Ribadeo<\/strong><br>Auditorio Municipal Hern\u00e1n Naval<br>Postales rotas, de Zig Zag Danza (Asturias)<br>Danza. Todos os p\u00fablicos. Venda de entradas: desde 30 minutos antes da funci\u00f3n na billeteira do auditorio (3\u20ac)<\/p>\n\n\n\n<p><\/p>\n\n\n\n<p><\/p>\n\n\n<a href=\"http:\/\/culturaliagz.com\/wp-content\/uploads\/2025\/09\/20250905-NP-CEN-2025.pdf\" class=\"pdfemb-viewer\" style=\"\" data-width=\"max\" data-height=\"max\" data-toolbar=\"bottom\" data-toolbar-fixed=\"off\">20250905-NP-CEN-2025<\/a>","protected":false},"excerpt":{"rendered":"<p>O proxecto de intercambio cultural a trav\u00e9s das artes esc\u00e9nicas celebrarase simultaneamente do 12 de setembro ao 26 de outubro en Galicia, Asturias, Cantabria, Euskadi, Navarra e A Rioxa Arz\u00faa, [&hellip;]<\/p>\n","protected":false},"author":1,"featured_media":0,"comment_status":"open","ping_status":"open","sticky":false,"template":"","format":"standard","meta":{"_et_pb_use_builder":"","_et_pb_old_content":"","_et_gb_content_width":"","_jetpack_memberships_contains_paid_content":false,"footnotes":""},"categories":[23,7,6,57,1],"tags":[1859,1282],"class_list":["post-19404","post","type-post","status-publish","format-standard","hentry","category-autoresas","category-creacion","category-novas","category-outras-artes","category-xeral","tag-agadic","tag-camino-escena-norte"],"jetpack_featured_media_url":"","jetpack_sharing_enabled":true,"_links":{"self":[{"href":"http:\/\/culturaliagz.com\/index.php?rest_route=\/wp\/v2\/posts\/19404","targetHints":{"allow":["GET"]}}],"collection":[{"href":"http:\/\/culturaliagz.com\/index.php?rest_route=\/wp\/v2\/posts"}],"about":[{"href":"http:\/\/culturaliagz.com\/index.php?rest_route=\/wp\/v2\/types\/post"}],"author":[{"embeddable":true,"href":"http:\/\/culturaliagz.com\/index.php?rest_route=\/wp\/v2\/users\/1"}],"replies":[{"embeddable":true,"href":"http:\/\/culturaliagz.com\/index.php?rest_route=%2Fwp%2Fv2%2Fcomments&post=19404"}],"version-history":[{"count":2,"href":"http:\/\/culturaliagz.com\/index.php?rest_route=\/wp\/v2\/posts\/19404\/revisions"}],"predecessor-version":[{"id":19412,"href":"http:\/\/culturaliagz.com\/index.php?rest_route=\/wp\/v2\/posts\/19404\/revisions\/19412"}],"wp:attachment":[{"href":"http:\/\/culturaliagz.com\/index.php?rest_route=%2Fwp%2Fv2%2Fmedia&parent=19404"}],"wp:term":[{"taxonomy":"category","embeddable":true,"href":"http:\/\/culturaliagz.com\/index.php?rest_route=%2Fwp%2Fv2%2Fcategories&post=19404"},{"taxonomy":"post_tag","embeddable":true,"href":"http:\/\/culturaliagz.com\/index.php?rest_route=%2Fwp%2Fv2%2Ftags&post=19404"}],"curies":[{"name":"wp","href":"https:\/\/api.w.org\/{rel}","templated":true}]}}