{"id":19395,"date":"2025-09-05T17:09:34","date_gmt":"2025-09-05T16:09:34","guid":{"rendered":"http:\/\/culturaliagz.com\/?p=19395"},"modified":"2025-09-05T17:09:37","modified_gmt":"2025-09-05T16:09:37","slug":"xvi-luas-de-outono-no-teatro-rosalia-de-castro-da-coruna","status":"publish","type":"post","link":"http:\/\/culturaliagz.com\/?p=19395","title":{"rendered":"XVI L\u00faas de Outono no Teatro Rosal\u00eda de Castro da Coru\u00f1a"},"content":{"rendered":"\n<p><\/p>\n\n\n\n<figure class=\"wp-block-image size-full\"><a href=\"http:\/\/culturaliagz.com\/wp-content\/uploads\/2025\/09\/luas25-tarxeton-scaled.jpg\" target=\"_blank\" rel=\"noreferrer noopener\"><img loading=\"lazy\" decoding=\"async\" width=\"2560\" height=\"1204\" src=\"http:\/\/culturaliagz.com\/wp-content\/uploads\/2025\/09\/luas25-tarxeton-scaled.jpg\" alt=\"\" class=\"wp-image-19396\" srcset=\"http:\/\/culturaliagz.com\/wp-content\/uploads\/2025\/09\/luas25-tarxeton-scaled.jpg 2560w, http:\/\/culturaliagz.com\/wp-content\/uploads\/2025\/09\/luas25-tarxeton-1280x602.jpg 1280w, http:\/\/culturaliagz.com\/wp-content\/uploads\/2025\/09\/luas25-tarxeton-980x461.jpg 980w, http:\/\/culturaliagz.com\/wp-content\/uploads\/2025\/09\/luas25-tarxeton-480x226.jpg 480w\" sizes=\"auto, (min-width: 0px) and (max-width: 480px) 480px, (min-width: 481px) and (max-width: 980px) 980px, (min-width: 981px) and (max-width: 1280px) 1280px, (min-width: 1281px) 2560px, 100vw\" \/><\/a><\/figure>\n\n\n\n<p><\/p>\n\n\n\n<p><\/p>\n\n\n\n<p class=\"has-text-align-justify\">A m\u00fasica do d\u00fao Cas\u00e1s&amp;Barcia ser\u00e1 a protagonista da nova edici\u00f3n de <a href=\"https:\/\/www.casamuseomanuelmaria.gal\/actividades\/luas-de-outono-2025-sera-o-proximo-24-de-setembro-no-teatro-rosalia-castro.htm?tipo=ACTIVIDADE\" target=\"_blank\" rel=\"noreferrer noopener\">L\u00faas de Outono<\/a>, celebraci\u00f3n anual en homenaxe a <a href=\"https:\/\/www.casamuseomanuelmaria.gal\/portada.htm;jsessionid=1C8DDCE65FA1D961F3D80331DF6CBB91\" target=\"_blank\" rel=\"noreferrer noopener\">Manuel Mar\u00eda<\/a>, que organizamos o m\u00e9rcores, 24 de setembro, \u00e1s 20,30 hrs, no Teatro Rosal\u00eda de Castro da Coru\u00f1a.<\/p>\n\n\n\n<p class=\"has-text-align-justify\">Richi Cas\u00e1s (saxo, pandeireta e voz) e Fran Barcia (acorde\u00f3n) levar\u00e1n a cabo un espect\u00e1culo, acompa\u00f1ados dalgunha sorpresa, baseado en melod\u00edas e coplas da nosa poes\u00eda popular oral. Concretamente en temas cantados por Rosa e Adolfina Cas\u00e1s, cantareiras en quen se personificou, entre outras, este ano as Letras Galegas.<\/p>\n\n\n\n<p class=\"has-text-align-justify\">A entrada para asistir a L\u00faas de Outono \u00e9 gratu\u00edta mais \u00e9 necesario ter convite. Para reservar os convites poden escribirnos a<br>contacto@casamuseomanuelmaria.gal ou a trav\u00e9s do whatsapp 698177621. Os convites reservados poden recollerse o venres, d\u00eda 19 de setembro, de 11 a 12.30 hrs, e o luns, d\u00eda 22 de setembro, de 17.30 a 19 hrs, no local da A.C. Alexandre B\u00f3veda (r\u00faa Santo Andr\u00e9, 36, 1\u00ba, no edificio do Circo de Artes\u00e1ns). Ou ben diante da billeteira do teatro Rosal\u00eda de Castro, o mesmo d\u00eda 24 de setembro, a partir das 19.15 hrs (a reserva deixa de ser efectiva a partir das 20.15 horas do d\u00eda 24 de setembro).<\/p>\n","protected":false},"excerpt":{"rendered":"<p>A m\u00fasica do d\u00fao Cas\u00e1s&amp;Barcia ser\u00e1 a protagonista da nova edici\u00f3n de L\u00faas de Outono, celebraci\u00f3n anual en homenaxe a Manuel Mar\u00eda, que organizamos o m\u00e9rcores, 24 de setembro, \u00e1s [&hellip;]<\/p>\n","protected":false},"author":1,"featured_media":0,"comment_status":"open","ping_status":"open","sticky":false,"template":"","format":"standard","meta":{"_et_pb_use_builder":"","_et_pb_old_content":"","_et_gb_content_width":"","_jetpack_memberships_contains_paid_content":false,"footnotes":""},"categories":[23,7,6,1],"tags":[2112,3341,1294,3340],"class_list":["post-19395","post","type-post","status-publish","format-standard","hentry","category-autoresas","category-creacion","category-novas","category-xeral","tag-casa-museo-manuel-maria-2","tag-dup-casasbarcia","tag-teatro-rosalia-de-castro-da-coruna","tag-xvi-luas-de-outono"],"jetpack_featured_media_url":"","jetpack_sharing_enabled":true,"_links":{"self":[{"href":"http:\/\/culturaliagz.com\/index.php?rest_route=\/wp\/v2\/posts\/19395","targetHints":{"allow":["GET"]}}],"collection":[{"href":"http:\/\/culturaliagz.com\/index.php?rest_route=\/wp\/v2\/posts"}],"about":[{"href":"http:\/\/culturaliagz.com\/index.php?rest_route=\/wp\/v2\/types\/post"}],"author":[{"embeddable":true,"href":"http:\/\/culturaliagz.com\/index.php?rest_route=\/wp\/v2\/users\/1"}],"replies":[{"embeddable":true,"href":"http:\/\/culturaliagz.com\/index.php?rest_route=%2Fwp%2Fv2%2Fcomments&post=19395"}],"version-history":[{"count":1,"href":"http:\/\/culturaliagz.com\/index.php?rest_route=\/wp\/v2\/posts\/19395\/revisions"}],"predecessor-version":[{"id":19397,"href":"http:\/\/culturaliagz.com\/index.php?rest_route=\/wp\/v2\/posts\/19395\/revisions\/19397"}],"wp:attachment":[{"href":"http:\/\/culturaliagz.com\/index.php?rest_route=%2Fwp%2Fv2%2Fmedia&parent=19395"}],"wp:term":[{"taxonomy":"category","embeddable":true,"href":"http:\/\/culturaliagz.com\/index.php?rest_route=%2Fwp%2Fv2%2Fcategories&post=19395"},{"taxonomy":"post_tag","embeddable":true,"href":"http:\/\/culturaliagz.com\/index.php?rest_route=%2Fwp%2Fv2%2Ftags&post=19395"}],"curies":[{"name":"wp","href":"https:\/\/api.w.org\/{rel}","templated":true}]}}