{"id":19384,"date":"2025-09-04T01:34:34","date_gmt":"2025-09-04T00:34:34","guid":{"rendered":"http:\/\/culturaliagz.com\/?p=19384"},"modified":"2025-09-04T01:35:58","modified_gmt":"2025-09-04T00:35:58","slug":"a-cancion-do-veran-chega-o-5-de-setembro-de-ninghures-e-ortiga-publican-rosalinda-este-venres","status":"publish","type":"post","link":"http:\/\/culturaliagz.com\/?p=19384","title":{"rendered":"A canci\u00f3n do ver\u00e1n chega o 5 de setembro: De Ninghures e Ortiga publican RosaLinda este venres"},"content":{"rendered":"\n<p><\/p>\n\n\n\n<figure class=\"wp-block-image size-full\"><a href=\"http:\/\/culturaliagz.com\/wp-content\/uploads\/2025\/09\/Portada-RosaLinda.jpeg\" target=\"_blank\" rel=\"noreferrer noopener\"><img loading=\"lazy\" decoding=\"async\" width=\"1280\" height=\"1280\" src=\"http:\/\/culturaliagz.com\/wp-content\/uploads\/2025\/09\/Portada-RosaLinda.jpeg\" alt=\"\" class=\"wp-image-19385\" srcset=\"http:\/\/culturaliagz.com\/wp-content\/uploads\/2025\/09\/Portada-RosaLinda.jpeg 1280w, http:\/\/culturaliagz.com\/wp-content\/uploads\/2025\/09\/Portada-RosaLinda-980x980.jpeg 980w, http:\/\/culturaliagz.com\/wp-content\/uploads\/2025\/09\/Portada-RosaLinda-480x480.jpeg 480w\" sizes=\"auto, (min-width: 0px) and (max-width: 480px) 480px, (min-width: 481px) and (max-width: 980px) 980px, (min-width: 981px) 1280px, 100vw\" \/><\/a><\/figure>\n\n\n\n<p><\/p>\n\n\n\n<p><\/p>\n\n\n\n<p class=\"has-text-align-justify\">A canci\u00f3n do ver\u00e1n chega en setembro. Da mixti\u00f3n entre as ra\u00ed\u00f1as das feiras e o rei das verbenas agroma unha peza bailable, luminosa e que zumega a calidez das noites estivais. Chega&nbsp;<strong><em><u><a href=\"https:\/\/links.altafonte.com\/rosalinda-deninghures-ortiga\" target=\"_blank\" rel=\"noreferrer noopener\">RosaLinda<\/a><\/u><\/em><\/strong>, a primeira colaboraci\u00f3n que&nbsp;<strong>De Ninghures e Ortiga&nbsp;<\/strong>gravan no estudio e na que o amor f\u00eda e reborda cada comp\u00e1s.<br><br>O novo tema, no que non faltar\u00e1n os elementos m\u00e1is reco\u00f1ecibles dos dous proxectos musicais, estar\u00e1 dispo\u00f1ible&nbsp;<a href=\"https:\/\/links.altafonte.com\/rosalinda-deninghures-ortiga\" target=\"_blank\" rel=\"noreferrer noopener\">a partir das 00.00 horas deste venres, 5 de setembro, nas principais plataformas dixitais<\/a>. A canci\u00f3n, ademais, acompa\u00f1arase dun v\u00eddeoclip dirixido por Lorenzo Negueruela, creador que traballa habitualmente coas d\u00faas formaci\u00f3ns, e que se poder\u00e1 ver na canle de Youtube de De Ninghures.<\/p>\n\n\n\n<p>\u00a0<strong>DE NINGHURES<\/strong><\/p>\n\n\n\n<p class=\"has-text-align-justify\">De Ninghures fan m\u00fasica cos p\u00e9s na terra e os brazos abertos. Son unha das bandas referentes da potente e rica escena actual en Galicia. Un grupo que mestura mestr\u00eda musical e actitude desenfadada, que sorprende en cada canci\u00f3n coas s\u00faas diferentes voces e a s\u00faa actualizaci\u00f3n das coplas e melod\u00edas populares, e que nos fai tanto bailar como emocionarnos coa s\u00faa particular fusi\u00f3n da m\u00fasica tradicional galega con ritmos e inspiraci\u00f3ns doutras culturas como a latinoamericana ou a magreb\u00ed.&nbsp;<\/p>\n\n\n\n<p class=\"has-text-align-justify\">En 2022 a banda publicou&nbsp;<em>Aqu\u00ed,&nbsp;<\/em>o seu primeiro \u00e1lbum, e m\u00e1is de medio cento de concertos e alg\u00fans sinxelos despois &#8211; coma o exitoso&nbsp;<em>Morena,<\/em>&nbsp;galardoado como Mellor M\u00fasica do Ano en Galicia nos Premios Ari(t)mar-, De Ninghures lanza en febreiro de 2025&nbsp;<em>Feira,&nbsp;<\/em>un disco no que a formaci\u00f3n traballa coa tradici\u00f3n popular galega dun xeito artesanal, cunha sonoridade e discurso moi caracter\u00edstico, para levala \u00e1 escena actual e presentar unha&nbsp;<strong><em>Feira<\/em><\/strong>&nbsp;do s\u00e9culo XXI.&nbsp;<\/p>\n\n\n\n<p><strong>Pregarda\u00a0<em>RosaLinda<\/em><\/strong>:\u00a0<a href=\"https:\/\/links.altafonte.com\/rosalinda-deninghures-ortiga\" target=\"_blank\" rel=\"noreferrer noopener\">https:\/\/links.altafonte.com\/rosalinda-deninghures-ortiga<\/a>\u00a0<\/p>\n\n\n\n<p><\/p>\n\n\n\n<p><\/p>\n\n\n<a href=\"http:\/\/culturaliagz.com\/wp-content\/uploads\/2025\/09\/20250903-NP-De-Ninghures-Ortiga-_-ROSALINDA.pdf\" class=\"pdfemb-viewer\" style=\"\" data-width=\"max\" data-height=\"max\" data-toolbar=\"bottom\" data-toolbar-fixed=\"off\">20250903-NP-De-Ninghures-Ortiga-_-ROSALINDA<\/a>","protected":false},"excerpt":{"rendered":"<p>A canci\u00f3n do ver\u00e1n chega en setembro. Da mixti\u00f3n entre as ra\u00ed\u00f1as das feiras e o rei das verbenas agroma unha peza bailable, luminosa e que zumega a calidez das [&hellip;]<\/p>\n","protected":false},"author":1,"featured_media":0,"comment_status":"open","ping_status":"open","sticky":false,"template":"","format":"standard","meta":{"_et_pb_use_builder":"","_et_pb_old_content":"","_et_gb_content_width":"","_jetpack_memberships_contains_paid_content":false,"footnotes":""},"categories":[23,7,6,57,1],"tags":[1488,2832,3335],"class_list":["post-19384","post","type-post","status-publish","format-standard","hentry","category-autoresas","category-creacion","category-novas","category-outras-artes","category-xeral","tag-de-ninghures","tag-ortiga","tag-rosalinda"],"jetpack_featured_media_url":"","jetpack_sharing_enabled":true,"_links":{"self":[{"href":"http:\/\/culturaliagz.com\/index.php?rest_route=\/wp\/v2\/posts\/19384","targetHints":{"allow":["GET"]}}],"collection":[{"href":"http:\/\/culturaliagz.com\/index.php?rest_route=\/wp\/v2\/posts"}],"about":[{"href":"http:\/\/culturaliagz.com\/index.php?rest_route=\/wp\/v2\/types\/post"}],"author":[{"embeddable":true,"href":"http:\/\/culturaliagz.com\/index.php?rest_route=\/wp\/v2\/users\/1"}],"replies":[{"embeddable":true,"href":"http:\/\/culturaliagz.com\/index.php?rest_route=%2Fwp%2Fv2%2Fcomments&post=19384"}],"version-history":[{"count":2,"href":"http:\/\/culturaliagz.com\/index.php?rest_route=\/wp\/v2\/posts\/19384\/revisions"}],"predecessor-version":[{"id":19388,"href":"http:\/\/culturaliagz.com\/index.php?rest_route=\/wp\/v2\/posts\/19384\/revisions\/19388"}],"wp:attachment":[{"href":"http:\/\/culturaliagz.com\/index.php?rest_route=%2Fwp%2Fv2%2Fmedia&parent=19384"}],"wp:term":[{"taxonomy":"category","embeddable":true,"href":"http:\/\/culturaliagz.com\/index.php?rest_route=%2Fwp%2Fv2%2Fcategories&post=19384"},{"taxonomy":"post_tag","embeddable":true,"href":"http:\/\/culturaliagz.com\/index.php?rest_route=%2Fwp%2Fv2%2Ftags&post=19384"}],"curies":[{"name":"wp","href":"https:\/\/api.w.org\/{rel}","templated":true}]}}