{"id":19294,"date":"2025-08-14T23:02:14","date_gmt":"2025-08-14T22:02:14","guid":{"rendered":"http:\/\/culturaliagz.com\/?p=19294"},"modified":"2025-08-14T23:09:45","modified_gmt":"2025-08-14T22:09:45","slug":"exposicion-retrospectiva-con-cadros-de-pedro-cabarcos-quintela-no-auditorio-municipal-de-vilalba","status":"publish","type":"post","link":"http:\/\/culturaliagz.com\/?p=19294","title":{"rendered":"Exposici\u00f3n\u00a0RETROSPECTIVA,\u00a0con cadros de\u00a0Pedro Cabarcos Quintela, no Auditorio Municipal de Vilalba"},"content":{"rendered":"\n<p><\/p>\n\n\n\n<figure class=\"wp-block-image size-full\"><a href=\"http:\/\/culturaliagz.com\/wp-content\/uploads\/2025\/08\/Copia-de-CARTAZ-EXPO-PEDRO-CABARCOS.jpg\" target=\"_blank\" rel=\"noreferrer noopener\"><img loading=\"lazy\" decoding=\"async\" width=\"1587\" height=\"2245\" src=\"http:\/\/culturaliagz.com\/wp-content\/uploads\/2025\/08\/Copia-de-CARTAZ-EXPO-PEDRO-CABARCOS.jpg\" alt=\"\" class=\"wp-image-19295\" srcset=\"http:\/\/culturaliagz.com\/wp-content\/uploads\/2025\/08\/Copia-de-CARTAZ-EXPO-PEDRO-CABARCOS.jpg 1587w, http:\/\/culturaliagz.com\/wp-content\/uploads\/2025\/08\/Copia-de-CARTAZ-EXPO-PEDRO-CABARCOS-1280x1811.jpg 1280w, http:\/\/culturaliagz.com\/wp-content\/uploads\/2025\/08\/Copia-de-CARTAZ-EXPO-PEDRO-CABARCOS-980x1386.jpg 980w, http:\/\/culturaliagz.com\/wp-content\/uploads\/2025\/08\/Copia-de-CARTAZ-EXPO-PEDRO-CABARCOS-480x679.jpg 480w\" sizes=\"auto, (min-width: 0px) and (max-width: 480px) 480px, (min-width: 481px) and (max-width: 980px) 980px, (min-width: 981px) and (max-width: 1280px) 1280px, (min-width: 1281px) 1587px, 100vw\" \/><\/a><\/figure>\n\n\n\n<p> <\/p>\n\n\n\n<p><\/p>\n\n\n\n<p><\/p>\n\n\n\n<p class=\"has-text-align-justify\">O <a href=\"https:\/\/estudoschairegos.gal\/\" target=\"_blank\" rel=\"noreferrer noopener\">Instituto de Estudos Chairegos (IESCHA)<\/a>, coa colaboraci\u00f3n do Concello de Vilalba, organiza a <a href=\"https:\/\/estudoschairegos.gal\/acto-do-iescha-festas-de-vilalba-2025-exposicion-retrospectiva-de-pedro-cabarcos-inauguracion-xoves-28-de-agosto-de-2025-2000-h-sala-de-exposicions-do-auditorio-municipal-de-vilalba-aberta-at\/\" target=\"_blank\" rel=\"noreferrer noopener\">Exposici\u00f3n <strong>RETROSPECTIVA,\u00a0<\/strong>con cadros de\u00a0<strong>Pedro Cabarcos Quintela<\/strong><\/a><strong>.<\/strong><\/p>\n\n\n\n<p class=\"has-text-align-justify\">A inauguraci\u00f3n da mesma ter\u00e1 lugar o&nbsp;<strong>xoves 28 de agosto de 2025, \u00e1s 20:00 horas<\/strong>,&nbsp;<strong>na<\/strong>&nbsp;<strong>Sala de Exposici\u00f3ns do Auditorio Municipal de Vilalba<\/strong>.<\/p>\n\n\n\n<p class=\"has-text-align-justify\">A mostra permanecer\u00e1 aberta ao p\u00fablico, no horario establecido do Auditorio Municipal, ata o&nbsp;<strong>10 de outubro de 2025.<\/strong><\/p>\n\n\n\n<p class=\"has-text-align-justify\">Esta exposici\u00f3n forma parte dos actos programados polo&nbsp;<strong>Iescha<\/strong>&nbsp;para as&nbsp;<strong>Festas de Vilalba\u20192025<\/strong>.<\/p>\n\n\n\n<p><\/p>\n\n\n\n<p><\/p>\n\n\n\n<p style=\"font-size:18px\"><strong>Tr\u00edptico<\/strong> <strong>Informativo<\/strong><\/p>\n\n\n<a href=\"http:\/\/culturaliagz.com\/wp-content\/uploads\/2025\/08\/Folleto-Triptico-PEDRO-CABARCOS-2.pdf\" class=\"pdfemb-viewer\" style=\"\" data-width=\"max\" data-height=\"max\" data-toolbar=\"bottom\" data-toolbar-fixed=\"off\">Folleto-Triptico-PEDRO-CABARCOS-2<\/a>\n\n\n<p><\/p>\n\n\n\n<p><\/p>\n\n\n\n<p><\/p>\n\n\n\n<p><\/p>\n\n\n<a href=\"http:\/\/culturaliagz.com\/wp-content\/uploads\/2025\/08\/NOTA-INFORMATIVA-EXPO-PEDRO-CABARCOS.pdf\" class=\"pdfemb-viewer\" style=\"\" data-width=\"max\" data-height=\"max\" data-toolbar=\"bottom\" data-toolbar-fixed=\"off\">NOTA-INFORMATIVA-EXPO-PEDRO-CABARCOS<\/a>","protected":false},"excerpt":{"rendered":"<p>O Instituto de Estudos Chairegos (IESCHA), coa colaboraci\u00f3n do Concello de Vilalba, organiza a Exposici\u00f3n RETROSPECTIVA,\u00a0con cadros de\u00a0Pedro Cabarcos Quintela. A inauguraci\u00f3n da mesma ter\u00e1 lugar o&nbsp;xoves 28 de agosto [&hellip;]<\/p>\n","protected":false},"author":1,"featured_media":0,"comment_status":"open","ping_status":"open","sticky":false,"template":"","format":"standard","meta":{"_et_pb_use_builder":"","_et_pb_old_content":"","_et_gb_content_width":"","_jetpack_memberships_contains_paid_content":false,"footnotes":""},"categories":[23,7,6,57,1],"tags":[313,30,3294,3258,234,3295],"class_list":["post-19294","post","type-post","status-publish","format-standard","hentry","category-autoresas","category-creacion","category-novas","category-outras-artes","category-xeral","tag-auditorio-municipal-de-vilalba","tag-concello-de-vilalba","tag-exposicion-retrospectiva","tag-festas-de-vilalba2025","tag-iescha","tag-pedro-cabarcos-quintela"],"jetpack_featured_media_url":"","jetpack_sharing_enabled":true,"_links":{"self":[{"href":"http:\/\/culturaliagz.com\/index.php?rest_route=\/wp\/v2\/posts\/19294","targetHints":{"allow":["GET"]}}],"collection":[{"href":"http:\/\/culturaliagz.com\/index.php?rest_route=\/wp\/v2\/posts"}],"about":[{"href":"http:\/\/culturaliagz.com\/index.php?rest_route=\/wp\/v2\/types\/post"}],"author":[{"embeddable":true,"href":"http:\/\/culturaliagz.com\/index.php?rest_route=\/wp\/v2\/users\/1"}],"replies":[{"embeddable":true,"href":"http:\/\/culturaliagz.com\/index.php?rest_route=%2Fwp%2Fv2%2Fcomments&post=19294"}],"version-history":[{"count":3,"href":"http:\/\/culturaliagz.com\/index.php?rest_route=\/wp\/v2\/posts\/19294\/revisions"}],"predecessor-version":[{"id":19301,"href":"http:\/\/culturaliagz.com\/index.php?rest_route=\/wp\/v2\/posts\/19294\/revisions\/19301"}],"wp:attachment":[{"href":"http:\/\/culturaliagz.com\/index.php?rest_route=%2Fwp%2Fv2%2Fmedia&parent=19294"}],"wp:term":[{"taxonomy":"category","embeddable":true,"href":"http:\/\/culturaliagz.com\/index.php?rest_route=%2Fwp%2Fv2%2Fcategories&post=19294"},{"taxonomy":"post_tag","embeddable":true,"href":"http:\/\/culturaliagz.com\/index.php?rest_route=%2Fwp%2Fv2%2Ftags&post=19294"}],"curies":[{"name":"wp","href":"https:\/\/api.w.org\/{rel}","templated":true}]}}