{"id":19233,"date":"2025-08-05T22:49:23","date_gmt":"2025-08-05T21:49:23","guid":{"rendered":"http:\/\/culturaliagz.com\/?p=19233"},"modified":"2025-08-05T22:49:27","modified_gmt":"2025-08-05T21:49:27","slug":"julia-abalde-gana-o-ii-premio-autoban-ao-mellor-fanzine-galego-2024-2025","status":"publish","type":"post","link":"http:\/\/culturaliagz.com\/?p=19233","title":{"rendered":"Julia Abalde ga\u00f1a o II Premio Autob\u00e1n ao Mellor Fanzine Galego 2024-2025"},"content":{"rendered":"\n<p><\/p>\n\n\n\n<figure class=\"wp-block-image size-full\"><a href=\"http:\/\/culturaliagz.com\/wp-content\/uploads\/2025\/08\/LaIlusion_01-scaled.jpg\" target=\"_blank\" rel=\"noreferrer noopener\"><img loading=\"lazy\" decoding=\"async\" width=\"2560\" height=\"1707\" src=\"http:\/\/culturaliagz.com\/wp-content\/uploads\/2025\/08\/LaIlusion_01-scaled.jpg\" alt=\"\" class=\"wp-image-19235\" srcset=\"http:\/\/culturaliagz.com\/wp-content\/uploads\/2025\/08\/LaIlusion_01-scaled.jpg 2560w, http:\/\/culturaliagz.com\/wp-content\/uploads\/2025\/08\/LaIlusion_01-1280x854.jpg 1280w, http:\/\/culturaliagz.com\/wp-content\/uploads\/2025\/08\/LaIlusion_01-980x653.jpg 980w, http:\/\/culturaliagz.com\/wp-content\/uploads\/2025\/08\/LaIlusion_01-480x320.jpg 480w\" sizes=\"auto, (min-width: 0px) and (max-width: 480px) 480px, (min-width: 481px) and (max-width: 980px) 980px, (min-width: 981px) and (max-width: 1280px) 1280px, (min-width: 1281px) 2560px, 100vw\" \/><\/a><\/figure>\n\n\n\n<p><\/p>\n\n\n\n<p><\/p>\n\n\n\n<p class=\"has-text-align-justify\"><strong>A Asociaci\u00f3n Cultural Autob\u00e1n, co apoio do Concello da Coru\u00f1a, promove, por segundo ano consecutivo, este certame pioneiro no sector da autoedici\u00f3n&nbsp;<\/strong><\/p>\n\n\n\n<p class=\"has-text-align-justify\"><strong>Neste 2025, o premio recaeu na obra \u201cLa ilusi\u00f3n\u201d, cunha dotaci\u00f3n de 1.250 \u20ac e un trofeo personalizado por Luis Yang, ga\u00f1ador da pasada edici\u00f3n do premio<\/strong><\/p>\n\n\n\n<p class=\"has-text-align-justify\"><strong>O xurado especializado, integrado polos profesionais Bea Lema, Luis Yang e Sira Gonz\u00e1lez, decidiu outorgarlle, tam\u00e9n, o acc\u00e9sit con diploma a Brais Rodr\u00edguez, pola s\u00faa obra \u201cEnxoval\u201d, cunha dotaci\u00f3n de 350\u20ac<\/strong><\/p>\n\n\n\n<p class=\"has-text-align-justify\"><strong>Na rolda final de clasificados foron tam\u00e9n seleccionados os fanzines \u201cTales from the Wispering Realm\u201d, de Anabel Colazo; \u201cForesta\u201d, de Eloy Hermida; e \u201cLa balada del Pr\u00edncipe Zarzaparrilla\u201d, de Paz Rodr\u00edguez<\/strong><\/p>\n\n\n\n<p class=\"has-text-align-justify\"><strong>Este II Premio Autob\u00e1n ao Mellor Fanzine Galego 2024-2025 recibiu un total de 50 proxectos aspirantes ao galard\u00f3n, que o p\u00fablico poder\u00e1 ler na mostra \u2018Expofanzines Autob\u00e1n \u2018no marco do festival Vi\u00f1etas desde o Atl\u00e1ntico 2025, do 11 de agosto ao 21 de setembro, na Biblioteca de Estudos Locais da Coru\u00f1a<\/strong><\/p>\n\n\n\n<p class=\"has-text-align-justify\"><strong>A entrega do premio ter\u00e1 lugar o venres 15 de agosto no Circo de Artes\u00e1ns da Coru\u00f1a, no marco das actividades da edici\u00f3n de ver\u00e1n de 2025 do Festival de autoedici\u00f3n e BD Autob\u00e1n&nbsp;<\/strong><\/p>\n\n\n\n<p class=\"has-text-align-justify\"><strong>A informaci\u00f3n completa do II Premio Autob\u00e1n ao Mellor Fanzine Galego 2024-2025 pode consultarse en:&nbsp;<\/strong><a target=\"_blank\" href=\"https:\/\/www.autoban.gal\/premio25\" class=\"\" rel=\"noreferrer noopener\"><strong>https:\/\/www.autoban.gal\/premio25<\/strong><\/a><strong><\/strong><strong><\/strong><\/p>\n\n\n\n<p><\/p>\n\n\n\n<p><\/p>\n\n\n\n<p class=\"has-text-align-justify\">O II Premio Autob\u00e1n ao Mellor Fanzine Galego 2023-2024, promovido pola Asociaci\u00f3n Cultural Autob\u00e1n, co apoio do Concello da Coru\u00f1a, xa ten ga\u00f1adora. Julia Abalde alzouse co galard\u00f3n grazas \u00e1 s\u00faa obra\u00a0<em>La ilusi\u00f3n<\/em>. O\u00a0premio consta dunha dotaci\u00f3n econ\u00f3mica de 1.250 \u20ac e un trofeo personalizado a man polo artista Luis Yang (ga\u00f1ador da primeira edici\u00f3n do certame).\u00a0O xurado especializado do certame, integrado polos profesionais Bea Lema, Luis Yang e Sira Gonz\u00e1lez decidiu outorgarlle, tam\u00e9n, o acc\u00e9sit con diploma,\u00a0cunha dotaci\u00f3n de 350 \u20ac,\u00a0a Brais Rodr\u00edguez, pola s\u00faa obra\u00a0<em>Enxoval<\/em>.<\/p>\n\n\n\n<p class=\"has-text-align-justify\">Este II Premio Autob\u00e1n ao Mellor Fanzine Galego 2024-2025 recibiu un total de 50 proxectos. Na rolda final de clasificados foron tam\u00e9n seleccionados os fanzines&nbsp;<em>Tales from the Wispering Realm<\/em>, de Anabel Colazo;&nbsp;<em>Foresta<\/em>, de Eloy Hermida; e&nbsp;<em>La balada del Pr\u00edncipe Zarzaparrilla<\/em>, de Paz Rodr\u00edguez.<\/p>\n\n\n\n<p class=\"has-text-align-justify\">A entrega do premio ter\u00e1 lugar o venres 15 de agosto no Circo de Artes\u00e1ns da Coru\u00f1a, no marco das actividades da edici\u00f3n de ver\u00e1n de 2025 do Festival de autoedici\u00f3n e BD Autob\u00e1n. Ademais,&nbsp;o p\u00fablico poder\u00e1 ver e ler todas as obras presentadas a concurso \u2013un total de 50\u2013 na mostra \u2018Expofanzines Autob\u00e1n\u2019 no marco do festival Vi\u00f1etas desde o Atl\u00e1ntico 2025, do 11 de agosto ao 21 de setembro, na Biblioteca de Estudos Locais da Coru\u00f1a.<\/p>\n\n\n\n<p class=\"has-text-align-justify\">O II Premio Autob\u00e1n ao Mellor Fanzine Galego 2024-2025, promovido pola Asociaci\u00f3n Cultural Autob\u00e1n, co apoio do Concello da Coru\u00f1a, recolle a participaci\u00f3n de todas as autoras, autores e colectivos que autoeditaron un c\u00f3mic ou fanzine gr\u00e1fico en lingua galega ou desde Galicia entre o 15 de maio de 2024 e o 15 de maio de 2025, cun m\u00e1ximo de 3 obras por participante, sempre que o\/a autor\/a ou a maior\u00eda dos\/as compo\u00f1entes do colectivo fosen de orixe galega ou estiveran fincados\/as en Galicia. O tema, a t\u00e9cnica, o formato e o dese\u00f1o do fanzine eran libres. A informaci\u00f3n completa pode consultarse en:\u00a0<a class=\"\" href=\"https:\/\/www.autoban.gal\/premio25\" target=\"_blank\" rel=\"noreferrer noopener\">https:\/\/www.autoban.gal\/premio25<\/a>.<\/p>\n\n\n\n<p><\/p>\n\n\n\n<p><\/p>\n\n\n<div class=\"wp-block-image\">\n<figure class=\"aligncenter size-full\"><a href=\"http:\/\/culturaliagz.com\/wp-content\/uploads\/2025\/08\/JuliaAbalde-scaled.jpg\" target=\"_blank\" rel=\"noreferrer noopener\"><img loading=\"lazy\" decoding=\"async\" width=\"2560\" height=\"1920\" src=\"http:\/\/culturaliagz.com\/wp-content\/uploads\/2025\/08\/JuliaAbalde-scaled.jpg\" alt=\"\" class=\"wp-image-19234\" srcset=\"http:\/\/culturaliagz.com\/wp-content\/uploads\/2025\/08\/JuliaAbalde-scaled.jpg 2560w, http:\/\/culturaliagz.com\/wp-content\/uploads\/2025\/08\/JuliaAbalde-1280x960.jpg 1280w, http:\/\/culturaliagz.com\/wp-content\/uploads\/2025\/08\/JuliaAbalde-980x735.jpg 980w, http:\/\/culturaliagz.com\/wp-content\/uploads\/2025\/08\/JuliaAbalde-480x360.jpg 480w\" sizes=\"auto, (min-width: 0px) and (max-width: 480px) 480px, (min-width: 481px) and (max-width: 980px) 980px, (min-width: 981px) and (max-width: 1280px) 1280px, (min-width: 1281px) 2560px, 100vw\" \/><\/a><figcaption class=\"wp-element-caption\"><em>Julia Abalde<\/em><\/figcaption><\/figure>\n<\/div>\n\n\n<p><\/p>\n\n\n\n<p><\/p>\n\n\n\n<p><strong>GA\u00d1ADORES DO II PREMIO AUTOB\u00c1N AO MELLOR FANZINE GALEGO 2024-2025<\/strong><\/p>\n\n\n\n<p class=\"has-text-align-justify\"><a target=\"_blank\" href=\"https:\/\/www.instagram.com\/juliabalde\" class=\"\" rel=\"noreferrer noopener\"><strong>Julia Abalde<\/strong><\/a>&nbsp;(A Coru\u00f1a, 1988) \u00e9 una ilustradora que no seu traballo combina intimidade, perspicacia e humor, desenvolvendo, especialmente, nos seus fanzines, unha exploraci\u00f3n visual do mundo interior a trav\u00e9s de debuxos e textos po\u00e9ticos.<\/p>\n\n\n\n<p class=\"has-text-align-justify\">Estudou Belas Artes na Universidade de Barcelona, cidade na que se instalou en 2007 e onde viviu case d\u00faas d\u00e9cadas. Durante a carreira, realiza unha estancia semestral no departamento de ilustraci\u00f3n da escola MassArt (Boston, Estados Unidos) e, posteriormente, complementa os seus estudos cun posgrado en Ilustraci\u00f3n Creativa (Escola Eina, 2011) e cursa a mestr\u00eda en Formaci\u00f3n ao Profesorado, especialidade en Debuxo e Artes Pl\u00e1sticas (UNIR, 2017).&nbsp;<\/p>\n\n\n\n<p class=\"has-text-align-justify\">Ao longo da s\u00faa traxectoria, Julia compaxina a s\u00faa labor art\u00edstica coa docencia en diferentes \u00e1mbitos: obradorista en museos e instituci\u00f3ns como a Fundaci\u00f3n Mir\u00f3 ou o Museo Picasso, docente de artes pl\u00e1sticas en Educaci\u00f3n Secundaria e cocreadora do proxecto&nbsp;<a target=\"_blank\" href=\"http:\/\/www.pintampon.com\/\" class=\"\" rel=\"noreferrer noopener\">Pin Tam Pon<\/a>, un xogo de estampaci\u00f3n que serviu de punto de partida para un universo de propostas creativas como o libro&nbsp;<a target=\"_blank\" href=\"https:\/\/editorialgg.com\/tris-tras-cuentos-actividades-pin-tam-pon-libro.html\" class=\"\" rel=\"noreferrer noopener\">\u201c<\/a><a target=\"_blank\" href=\"https:\/\/editorialgg.com\/tris-tras-cuentos-actividades-pin-tam-pon-libro.html\" class=\"\" rel=\"noreferrer noopener\">\u00a1Tris, tras!&nbsp;<\/a><a target=\"_blank\" href=\"https:\/\/editorialgg.com\/tris-tras-cuentos-actividades-pin-tam-pon-libro.html\" class=\"\" rel=\"noreferrer noopener\">Cuentos y actividades para imaginar, crear y jugar\u201d<\/a>&nbsp;ou o curso&nbsp;<a target=\"_blank\" href=\"https:\/\/www.domestika.org\/es\/courses\/599-tecnicas-de-estampacion-para-ninos\" class=\"\" rel=\"noreferrer noopener\">\u201c<\/a><a target=\"_blank\" href=\"https:\/\/www.domestika.org\/es\/courses\/599-tecnicas-de-estampacion-para-ninos\" class=\"\" rel=\"noreferrer noopener\">T\u00e9cnicas de estampaci\u00f3n para ni\u00f1os\u201d<\/a>&nbsp;na plataforma Domestika.&nbsp;<\/p>\n\n\n\n<p class=\"has-text-align-justify\">En 2023 regresa \u00e1 s\u00faa cidade natal, un retorno marcado por un proceso de d\u00f3 amoroso que condensa no poemario ilustrado&nbsp;<em>La ilusi\u00f3n<\/em>, unha pequena publicaci\u00f3n autoeditada que acolle nas s\u00faas p\u00e1xinas todo o dolor, o humor e o amor propios dunha despedida e un novo comezo.<\/p>\n\n\n\n<p class=\"has-text-align-justify\">Pola s\u00faa banda,&nbsp;<strong>Brais Rodr\u00edguez<\/strong>&nbsp;(1980) \u00e9 Licenciado en Belas Artes. Leva publicados varios fanzines no selo Carne l\u00edquida:&nbsp;<em>Enxoval<\/em>&nbsp;(2024),&nbsp;<em>La chica con&nbsp;&nbsp;el sol en su cabeza<\/em>&nbsp;(2016) ou&nbsp;<em>Sombra<\/em>&nbsp;(2017). Tam\u00e9n publicou&nbsp;<em>La mano del diablo<\/em>,&nbsp;con Astiberri, no ano 2010.<\/p>\n\n\n\n<p class=\"has-text-align-justify\">En 2022 foi bolseiro da Academia de Espa\u00f1a en Roma. Participou nas exposici\u00f3ns\u00a0<em>Surexposition.\u00a0La photo en BD\u00a0<\/em>(IMMIXgalerie, Par\u00eds, 2020),\u00a0<em>El arte en el c\u00f3mic<\/em>\u00a0(Fundaci\u00f3n Telef\u00f3nica) ou\u00a0<em>Not Your Regular Wall<\/em>\u00a0(Washington D.C., 2024). Foi merecedor de varios galard\u00f3ns, coma o Premio Castelao, o GZ Crea e o Injuve. \u00c9 profesor na EASD Pablo Picasso.<\/p>\n\n\n\n<p><\/p>\n\n\n\n<p><\/p>\n\n\n<div class=\"wp-block-image\">\n<figure class=\"aligncenter size-full\"><a href=\"http:\/\/culturaliagz.com\/wp-content\/uploads\/2025\/08\/Fallo_01_ATBN25.jpg\" target=\"_blank\" rel=\"noreferrer noopener\"><img loading=\"lazy\" decoding=\"async\" width=\"2048\" height=\"1536\" src=\"http:\/\/culturaliagz.com\/wp-content\/uploads\/2025\/08\/Fallo_01_ATBN25.jpg\" alt=\"\" class=\"wp-image-19237\" srcset=\"http:\/\/culturaliagz.com\/wp-content\/uploads\/2025\/08\/Fallo_01_ATBN25.jpg 2048w, http:\/\/culturaliagz.com\/wp-content\/uploads\/2025\/08\/Fallo_01_ATBN25-1280x960.jpg 1280w, http:\/\/culturaliagz.com\/wp-content\/uploads\/2025\/08\/Fallo_01_ATBN25-980x735.jpg 980w, http:\/\/culturaliagz.com\/wp-content\/uploads\/2025\/08\/Fallo_01_ATBN25-480x360.jpg 480w\" sizes=\"auto, (min-width: 0px) and (max-width: 480px) 480px, (min-width: 481px) and (max-width: 980px) 980px, (min-width: 981px) and (max-width: 1280px) 1280px, (min-width: 1281px) 2048px, 100vw\" \/><\/a><\/figure>\n<\/div>\n\n\n<p><\/p>\n\n\n\n<p><\/p>\n\n\n\n<p><strong>SOBRE AUTOB\u00c1N<\/strong><\/p>\n\n\n\n<p class=\"has-text-align-justify\">Autob\u00e1n \u00e9 o festival coru\u00f1\u00e9s de c\u00f3mic autoeditado. No ano 2023, a iniciativa constit\u00faese como asociaci\u00f3n cultural. O seu obxectivo \u00e9 a promoci\u00f3n da banda dese\u00f1ada e a ilustraci\u00f3n, a autoedici\u00f3n e a autoxesti\u00f3n, as\u00ed como tecer unha rede de apoio para as persoas que se dedican a estas disciplinas. No seu labor incl\u00faese a creaci\u00f3n de eventos e actividades para a xesti\u00f3n de espazos nos que todos os e as amantes da autoedici\u00f3n sexan protagonistas.<\/p>\n\n\n\n<p class=\"has-text-align-justify\">A asociaci\u00f3n organiza cada mes de agosto o Festival Autob\u00e1n coincidindo co encontro internacional Vi\u00f1etas desde o Atl\u00e1ntico. Tr\u00e1tase dun mercado de autoedici\u00f3n que ofrece a autores e autoras, colectivos, proxectos de autoedici\u00f3n e microeditoriais de toda a Pen\u00ednsula a oportunidade de amosar e vender o seu material. O encontro prop\u00f3n, tam\u00e9n, combates de debuxantes, presentaci\u00f3ns de proxectos, obradoiros, exposici\u00f3ns, m\u00fasica e gastronom\u00eda durante a s\u00faa celebraci\u00f3n.<\/p>\n\n\n\n<p class=\"has-text-align-justify\">Por outra banda, a asociaci\u00f3n promove, tam\u00e9n, iniciativas como o Autobom, que se presenta como a edici\u00f3n de primavera do Autob\u00e1n, coa vontade de ser un encontro entre a xente que se dedica e goza coa autoedici\u00f3n gr\u00e1fica e a BD alternativa, con charlas, faladoiros, obradoiros e actividades diversas en torno ao mundo dos fanzines. De forma mensual, Autob\u00e1n organiza, asimesmo, un Club de Debuxo con diferentes tem\u00e1ticas en espazos afines do sector.<\/p>\n\n\n\n<p><\/p>\n\n\n\n<p><strong>DEZ ANOS DE HISTORIA DE AUTOB\u00c1N<\/strong><\/p>\n\n\n\n<p class=\"has-text-align-justify\">En agosto de 2024, o festival de autoedici\u00f3n e BD Autob\u00e1n celebrou o seu 10\u00ba aniversario. O ilustrador Jos\u00e9 Domingo foi o autor do cartel dese 10\u00ba Autob\u00e1n, nun homenaxe a eses 10 anos de traxectoria do evento, xa que tam\u00e9n foi el quen dese\u00f1ou o cartel da primeira edici\u00f3n de Autob\u00e1n celebrada en 2014. Neste 2025, Autob\u00e1n regresar\u00e1 \u00e1 Coru\u00f1a no mes de agosto para celebrar a 11\u00aa edici\u00f3n do evento.<\/p>\n\n\n\n<p class=\"has-text-align-justify\">Entre os fitos do Autob\u00e1n nesta d\u00e9cada de historia cabe destacar que moitas das xoves promesas que ga\u00f1aron o seu Combate de Debuxantes acabaron por converterse en historietistas e artistas de renome, como Xulia Vicente, Cynthia Alfonso, Xulia Pis\u00f3n, Paula Freire, Teresa Ferreiro, Jorge Parras, Paz Rodr\u00edguez ou Aisha Rey.<\/p>\n\n\n\n<p class=\"has-text-align-justify\">As sedes m\u00e1is populares do Autob\u00e1n ao longo dos anos foron a a\u00f1orada Nave 1839 e a actual Praza de San Andr\u00e9s, pero o festival tense movido por toda A Coru\u00f1a: celebrou edici\u00f3ns no espazo The Room, nos bares Old School, La Maleta, Ledicia, Meliora, Bar 13 ou Monty, na Sala Filomatic, na librer\u00eda A Tobeira de Oza ou no local social A Revolteira, e tivo unha exposici\u00f3n antol\u00f3xica no Caf\u00e9 de Macondo. En 2024 sumouse, tam\u00e9n, o C\u00edrculo de Artes\u00e1ns.<\/p>\n\n\n\n<p class=\"has-text-align-justify\">Nos faladoiros do Autob\u00e1n te\u00f1en participado ducias de personalidades do sector, coma os debuxantes Emma R\u00edos, Natasha Bustos, Alberto V\u00e1zquez, Bea Lema, Roberta V\u00e1zquez, Manel Cr\u00e1neo, Santy Guti\u00e9rrez, Alberto Guiti\u00e1n, Leandro Barea, Pepa Prieto Puy, Miguel Porto, In\u00e9s Cararejos ou Brais Rodr\u00edguez, os cr\u00edticos Octavio Beares, Manuel Barreiro e Edu Maro\u00f1o, os blogueiros Esteban Y\u00e1\u00f1ez e Ghanito, a bibliotecaria Sira Gonz\u00e1lez ou os libreiros To\u00f1o Vilaverde e Sim\u00f3n Blanco. Trat\u00e1ronse temas como a censura e a liberdade de expresi\u00f3n, a visibilidade feminista e LGTBIQ+ no mundo da banda dese\u00f1ada, os diferentes eventos de autoedici\u00f3n galegos, o funcionamento dos colectivos autorais, o traballo dos humoristas gr\u00e1ficos, o paso \u00e1 industria do videoxogo, o panorama fanzineiro a nivel estatal ou a historia da autoedici\u00f3n en Galicia.<\/p>\n\n\n\n<p><\/p>\n\n\n\n<p><strong>M\u00c1IS INFORMACI\u00d3N<\/strong><\/p>\n\n\n\n<p><a href=\"https:\/\/www.autoban.gal\/\" target=\"_blank\" rel=\"noreferrer noopener\">https:\/\/www.autoban.gal\/<\/a><\/p>\n\n\n\n<p><\/p>\n\n\n\n<p><\/p>\n\n\n<a href=\"http:\/\/culturaliagz.com\/wp-content\/uploads\/2025\/08\/2025.08.05.-NP-Fallo-II-Premio-Autoban-24-25.pdf\" class=\"pdfemb-viewer\" style=\"\" data-width=\"max\" data-height=\"max\" data-toolbar=\"bottom\" data-toolbar-fixed=\"off\">2025.08.05.-NP-Fallo-II-Premio-Autoban-24-25<\/a>","protected":false},"excerpt":{"rendered":"<p>A Asociaci\u00f3n Cultural Autob\u00e1n, co apoio do Concello da Coru\u00f1a, promove, por segundo ano consecutivo, este certame pioneiro no sector da autoedici\u00f3n&nbsp; Neste 2025, o premio recaeu na obra \u201cLa [&hellip;]<\/p>\n","protected":false},"author":1,"featured_media":0,"comment_status":"open","ping_status":"open","sticky":false,"template":"","format":"standard","meta":{"_et_pb_use_builder":"","_et_pb_old_content":"","_et_gb_content_width":"","_jetpack_memberships_contains_paid_content":false,"footnotes":""},"categories":[23,7,129,6,57,1],"tags":[2269,3272,3037,3269,3270],"class_list":["post-19233","post","type-post","status-publish","format-standard","hentry","category-autoresas","category-creacion","category-literaria","category-novas","category-outras-artes","category-xeral","tag-asociacion-cultural-autoban","tag-enxoval","tag-ii-premio-autoban-ao-mellor-fanzine-galego-2024-2025","tag-julia-abalde","tag-la-ilusion"],"jetpack_featured_media_url":"","jetpack_sharing_enabled":true,"_links":{"self":[{"href":"http:\/\/culturaliagz.com\/index.php?rest_route=\/wp\/v2\/posts\/19233","targetHints":{"allow":["GET"]}}],"collection":[{"href":"http:\/\/culturaliagz.com\/index.php?rest_route=\/wp\/v2\/posts"}],"about":[{"href":"http:\/\/culturaliagz.com\/index.php?rest_route=\/wp\/v2\/types\/post"}],"author":[{"embeddable":true,"href":"http:\/\/culturaliagz.com\/index.php?rest_route=\/wp\/v2\/users\/1"}],"replies":[{"embeddable":true,"href":"http:\/\/culturaliagz.com\/index.php?rest_route=%2Fwp%2Fv2%2Fcomments&post=19233"}],"version-history":[{"count":1,"href":"http:\/\/culturaliagz.com\/index.php?rest_route=\/wp\/v2\/posts\/19233\/revisions"}],"predecessor-version":[{"id":19238,"href":"http:\/\/culturaliagz.com\/index.php?rest_route=\/wp\/v2\/posts\/19233\/revisions\/19238"}],"wp:attachment":[{"href":"http:\/\/culturaliagz.com\/index.php?rest_route=%2Fwp%2Fv2%2Fmedia&parent=19233"}],"wp:term":[{"taxonomy":"category","embeddable":true,"href":"http:\/\/culturaliagz.com\/index.php?rest_route=%2Fwp%2Fv2%2Fcategories&post=19233"},{"taxonomy":"post_tag","embeddable":true,"href":"http:\/\/culturaliagz.com\/index.php?rest_route=%2Fwp%2Fv2%2Ftags&post=19233"}],"curies":[{"name":"wp","href":"https:\/\/api.w.org\/{rel}","templated":true}]}}