{"id":19226,"date":"2025-08-03T23:18:49","date_gmt":"2025-08-03T22:18:49","guid":{"rendered":"http:\/\/culturaliagz.com\/?p=19226"},"modified":"2025-08-03T23:18:52","modified_gmt":"2025-08-03T22:18:52","slug":"conferencia-o-rio-ulla-a-paisaxe-e-os-eucaliptos-de-javier-castroviejo-na-casa-da-cultura-de-palas-de-rei","status":"publish","type":"post","link":"http:\/\/culturaliagz.com\/?p=19226","title":{"rendered":"Conferencia O R\u00cdO ULLA, A PAISAXE E OS EUCALIPTOS, de Javier Castroviejo, na Casa da Cultura de Palas de Rei\u00a0"},"content":{"rendered":"\n<p><\/p>\n\n\n\n<figure class=\"wp-block-image size-full\"><a href=\"http:\/\/culturaliagz.com\/wp-content\/uploads\/2025\/08\/O-RIO-ULLA.jpg\" target=\"_blank\" rel=\"noreferrer noopener\"><img loading=\"lazy\" decoding=\"async\" width=\"1138\" height=\"1600\" src=\"http:\/\/culturaliagz.com\/wp-content\/uploads\/2025\/08\/O-RIO-ULLA.jpg\" alt=\"\" class=\"wp-image-19227\" srcset=\"http:\/\/culturaliagz.com\/wp-content\/uploads\/2025\/08\/O-RIO-ULLA.jpg 1138w, http:\/\/culturaliagz.com\/wp-content\/uploads\/2025\/08\/O-RIO-ULLA-980x1378.jpg 980w, http:\/\/culturaliagz.com\/wp-content\/uploads\/2025\/08\/O-RIO-ULLA-480x675.jpg 480w\" sizes=\"auto, (min-width: 0px) and (max-width: 480px) 480px, (min-width: 481px) and (max-width: 980px) 980px, (min-width: 981px) 1138px, 100vw\" \/><\/a><\/figure>\n\n\n\n<p><\/p>\n\n\n\n<p><\/p>\n\n\n\n<p><\/p>\n\n\n\n<p class=\"has-text-align-justify\" style=\"font-size:16px\">O\u00a0 xoves 7 de agosto \u00e1s 20,00 h, o bi\u00f3logo e investigador <em>Javier Castroviejo Bol\u00edvar<\/em>\u00a0 impartir\u00e1 na Casa da Cultura de Palas de Rei a conferencia <strong><a href=\"http:\/\/ieu.gal\/conferencia-de-javier-castroviejo-en-palas-de-rei-7-8-2025\/\">O r\u00edo Ulla, a paisaxe e os eucaliptos<\/a><\/strong>.<\/p>\n\n\n\n<p class=\"has-text-align-justify\" style=\"font-size:16px\">Javier Castroviejo, ex director da Estaci\u00f3n Biol\u00f3xica de Do\u00f1ana e Presidente do Consello Internacional de Coordinaci\u00f3n MaB (Home e Biosfera) da UNESCO,&nbsp; destaca polas s\u00faas investigaci\u00f3ns cient\u00edficas e a defensa da natureza especialmente en Espa\u00f1a e Iberoam\u00e9rica.<\/p>\n","protected":false},"excerpt":{"rendered":"<p>O\u00a0 xoves 7 de agosto \u00e1s 20,00 h, o bi\u00f3logo e investigador Javier Castroviejo Bol\u00edvar\u00a0 impartir\u00e1 na Casa da Cultura de Palas de Rei a conferencia O r\u00edo Ulla, a [&hellip;]<\/p>\n","protected":false},"author":1,"featured_media":0,"comment_status":"open","ping_status":"open","sticky":false,"template":"","format":"standard","meta":{"_et_pb_use_builder":"","_et_pb_old_content":"","_et_gb_content_width":"","_jetpack_memberships_contains_paid_content":false,"footnotes":""},"categories":[23,7,129,6,57,1],"tags":[425,3265,3267],"class_list":["post-19226","post","type-post","status-publish","format-standard","hentry","category-autoresas","category-creacion","category-literaria","category-novas","category-outras-artes","category-xeral","tag-instituto-de-estudos-ulloans","tag-javier-castroviejo-bolivar","tag-o-rio-ulla-a-paisaxe-e-os-eucaliptos"],"jetpack_featured_media_url":"","jetpack_sharing_enabled":true,"_links":{"self":[{"href":"http:\/\/culturaliagz.com\/index.php?rest_route=\/wp\/v2\/posts\/19226","targetHints":{"allow":["GET"]}}],"collection":[{"href":"http:\/\/culturaliagz.com\/index.php?rest_route=\/wp\/v2\/posts"}],"about":[{"href":"http:\/\/culturaliagz.com\/index.php?rest_route=\/wp\/v2\/types\/post"}],"author":[{"embeddable":true,"href":"http:\/\/culturaliagz.com\/index.php?rest_route=\/wp\/v2\/users\/1"}],"replies":[{"embeddable":true,"href":"http:\/\/culturaliagz.com\/index.php?rest_route=%2Fwp%2Fv2%2Fcomments&post=19226"}],"version-history":[{"count":1,"href":"http:\/\/culturaliagz.com\/index.php?rest_route=\/wp\/v2\/posts\/19226\/revisions"}],"predecessor-version":[{"id":19228,"href":"http:\/\/culturaliagz.com\/index.php?rest_route=\/wp\/v2\/posts\/19226\/revisions\/19228"}],"wp:attachment":[{"href":"http:\/\/culturaliagz.com\/index.php?rest_route=%2Fwp%2Fv2%2Fmedia&parent=19226"}],"wp:term":[{"taxonomy":"category","embeddable":true,"href":"http:\/\/culturaliagz.com\/index.php?rest_route=%2Fwp%2Fv2%2Fcategories&post=19226"},{"taxonomy":"post_tag","embeddable":true,"href":"http:\/\/culturaliagz.com\/index.php?rest_route=%2Fwp%2Fv2%2Ftags&post=19226"}],"curies":[{"name":"wp","href":"https:\/\/api.w.org\/{rel}","templated":true}]}}