{"id":19209,"date":"2025-08-02T00:08:51","date_gmt":"2025-08-01T23:08:51","guid":{"rendered":"http:\/\/culturaliagz.com\/?p=19209"},"modified":"2025-08-02T00:10:47","modified_gmt":"2025-08-01T23:10:47","slug":"ana-crisman-e-quico-comesana-pratos-fortes-da-cuarta-xornada-do-noia-harp-fest","status":"publish","type":"post","link":"http:\/\/culturaliagz.com\/?p=19209","title":{"rendered":"Ana Crism\u00e1n e Quico Comesa\u00f1a, pratos fortes da cuarta xornada do Noia Harp Fest"},"content":{"rendered":"\n<p><\/p>\n\n\n\n<figure class=\"wp-block-image size-full\"><a href=\"http:\/\/culturaliagz.com\/wp-content\/uploads\/2025\/08\/ANA-CRISMAN.jpg\" target=\"_blank\" rel=\"noreferrer noopener\"><img loading=\"lazy\" decoding=\"async\" width=\"1080\" height=\"1620\" src=\"http:\/\/culturaliagz.com\/wp-content\/uploads\/2025\/08\/ANA-CRISMAN.jpg\" alt=\"\" class=\"wp-image-19211\" srcset=\"http:\/\/culturaliagz.com\/wp-content\/uploads\/2025\/08\/ANA-CRISMAN.jpg 1080w, http:\/\/culturaliagz.com\/wp-content\/uploads\/2025\/08\/ANA-CRISMAN-980x1470.jpg 980w, http:\/\/culturaliagz.com\/wp-content\/uploads\/2025\/08\/ANA-CRISMAN-480x720.jpg 480w\" sizes=\"auto, (min-width: 0px) and (max-width: 480px) 480px, (min-width: 481px) and (max-width: 980px) 980px, (min-width: 981px) 1080px, 100vw\" \/><\/a><\/figure>\n\n\n\n<p><\/p>\n\n\n\n<p><\/p>\n\n\n\n<p><\/p>\n\n\n\n<ul class=\"wp-block-list\">\n<li><strong>As actuaci\u00f3ns das cabezas de cartel do Noia Harp Fest ter\u00e1n lugar a partir&nbsp;das 22.00 horas na Praza do Tapal e a entrada ser\u00e1 libre ata completar capacidade<br><\/strong><\/li>\n\n\n\n<li><strong>A bretoa Bleuenn Le Friec ofrecer\u00e1 un concerto ideado expresamente para o festivala partir das 20.00h no Claustro de San Francisco no que se acompa\u00f1ar\u00e1 de d\u00faas voces sobranceiras da escena galega: Ux\u00eda e Fai<\/strong><\/li>\n\n\n\n<li><strong>A arpista Juliette Commeaux e a frautista Laia Blasco presentar\u00e1n por primeira vez&nbsp;&nbsp;en Galicia<em>&nbsp;El concierto secreto<\/em>, unha cita que ter\u00e1 lugar ma\u00f1\u00e1 pola ma\u00f1\u00e1,&nbsp;a partir das 12.30 horas, na Igrexa de San Francisco<\/strong><\/li>\n\n\n\n<li><strong>O festival retomar\u00e1 a s\u00faa programaci\u00f3n o 7 de agosto coa celebraci\u00f3n&nbsp;<\/strong><strong>da Gala de Entrega do III Premio Portus Apostoli, que pechar\u00e1 esta 12\u00aa edici\u00f3n<\/strong><\/li>\n<\/ul>\n\n\n\n<p><\/p>\n\n\n\n<p class=\"has-text-align-justify\">O Noia Harp Fest prep\u00e1rase para festexar a s\u00faa xornada m\u00e1is intensa. Catro concertos gratu\u00edtos con figuras sobranceiras tanto da arpa coma da escena galega ser\u00e1n protagonistas ma\u00f1\u00e1, s\u00e1bado 2, dunha programaci\u00f3n que pechar\u00e1n por todo o alto, na Praza do Tapal e a partir das 22.00 horas, as d\u00faas cabezas de cartel desta edici\u00f3n do festival: a andaluza&nbsp;<strong>Ana Crism\u00e1n,<\/strong>&nbsp;a arpista de flamenco m\u00e1is relevante a nivel internacional, e o galego&nbsp;<strong>Quico Comesa\u00f1a<\/strong>, int\u00e9rprete imprescindible \u00e1 hora de entender o panorama musical do pa\u00eds. A xornada completarase con outros dous directos moi especiais que ter\u00e1n lugar na Igrexa e no Claustro de San Francisco, tanto en horario de ma\u00f1\u00e1 (<em>El concierto secreto,<\/em>&nbsp;con Juliette Commeaux e Laia Blasco) coma de tarde (Bleueen Le Friec acompa\u00f1ada por Ux\u00eda e Faia).&nbsp;<\/p>\n\n\n\n<p class=\"has-text-align-justify\">A cuarta xornada do Noia Harp Fest dar\u00e1 comezo \u00e1s 12.30 horas coa presentaci\u00f3n en Galicia do ensemble&nbsp;<strong><em>El concierto secreto<\/em><\/strong>, unha proposta fiada por&nbsp;<strong>Juliette Commeaux&nbsp;<\/strong>(arpa) e&nbsp;<strong>Laia Blasco<\/strong>&nbsp;(voz e frauta). O d\u00fao explora a m\u00fasica antiga desde unha perspectiva \u00edntima e innovadora: busca recrear pezas virtuos\u00edsticas da antig\u00fcidade (especialmente do Renacemento e Barroco) con reduci\u00f3n para voz e para arpa, inspir\u00e1ndose na execuci\u00f3n dalgunhas das cortes italianas que interpretaban estas m\u00fasicas na intimidade ou para un grupo selecto de intelectuais. Este \u201cconcerto secreto\u201d, programado no festival da man da Asociaci\u00f3n Espa\u00f1ola de Arpistas (AEDA), chega a Noia logo de visitar numerosos ciclos e escenarios como o Museo Nacional de Arte Romano de M\u00e9rida, o Auditorio de Le\u00f3n ou mesmo o Museo Marqu\u00e9s de Dos Aguas de Valencia, entre outros.&nbsp;<\/p>\n\n\n\n<p class=\"has-text-align-justify\">Pola tarde, contra \u00e1s 20.00 horas,&nbsp;<strong>a bretoa afincada en Galicia Bleuenn Le Friec<\/strong>, que navega entre a tradici\u00f3n e a vangarda, ofrecer\u00e1 un concerto no que estar\u00e1 acompa\u00f1ada por d\u00faas das voces m\u00e1is sobranceiras do pa\u00eds: as de&nbsp;<strong>Faia&nbsp;<\/strong>e<strong>&nbsp;Ux\u00eda<\/strong>. \u201cS\u00edntome moi afortunada de poder reunir a Ux\u00eda e Faia arredor da arpa para un concerto ideado especialmente para o festival. Dalg\u00fan xeito, este proxecto sintetiza o meu percorrido tanto musical como persoal en Galicia, onde o descubrimento e a aprendizaxe da lingua galega foron elementos chaves para desenvolver un sentido de pertenza a esta terra adoptiva\u201d, exp\u00f3n a arpista.&nbsp;<\/p>\n\n\n\n<p class=\"has-text-align-justify\">A bretoa destaca pola s\u00faa versatilidade e capacidade para fusionar tradici\u00f3ns musicais con linguaxes contempor\u00e1neas. Cunha s\u00f3lida formaci\u00f3n cl\u00e1sica, explorou diversos x\u00e9neros, desde a m\u00fasica celta at\u00e9 o jazz, destacando pola s\u00faa sensibilidade e innovaci\u00f3n no uso do seu instrumento. Nesta ocasi\u00f3n, entretecendo a voz e as cordas da arpa, \u201cfaremos vibrar textos da tradici\u00f3n e da literatura galega. Seguindo a longa historia da arpa como instrumento c\u00f3mplice da voz cantada e falada, construiremos dous universos sonoros contrastados nos que voz e arpa dialogan e se acompa\u00f1an\u201d, sinala Bleuenn Le Friec.&nbsp;<\/p>\n\n\n\n<p class=\"has-text-align-justify\">D\u00faas horas despois, \u00e1s 22.00 horas, o escenario da Praza do Tapal acoller\u00e1 os concertos de d\u00faas das figuras m\u00e1is destacadas deste NHF:<strong>&nbsp;Ana Crism\u00e1n e Quico Comesa\u00f1a<\/strong>. O multiinstrumentista galego e referente do folk contempor\u00e1neo ser\u00e1 o responsable de abrir a gran noite do festival. Tras ser parte de proxectos como Armegu\u00edn, F\u00eda na Roca, Ux\u00eda ou Berrog\u00fceto,&nbsp;<strong>Comesa\u00f1a<\/strong>&nbsp;regresa aos escenarios para presentar o seu primeiro \u00e1lbum en solitario,&nbsp;<strong><em>M\u00e3e<\/em><\/strong><strong>,&nbsp;<\/strong>unha obra conceptual centrada na defensa e respecto pola natureza, con catro su\u00edtes instrumentais que abordan temas como o mundo vexetal, a auga, o reino animal e a terra.&nbsp;<\/p>\n\n\n\n<p class=\"has-text-align-justify\">Pechar\u00e1 a noite&nbsp;<strong>Ana Crism\u00e1n,&nbsp;<\/strong>quen regresa ao festival (logo da s\u00faa estrea en 2021) xa consolidada como a figura que \u00e9: a primeira artista no mundo que interpreta e comp\u00f3n flamenco cunha arpa. Inspirada por un m\u00fasico de r\u00faa que escoitou en Irlanda, Crism\u00e1n decidiu constru\u00edr o seu propio instrumento e desenvolver t\u00e9cnicas flamencas para a arpa, nun proceso autodidacta e innovador. O seu traballo culminou na creaci\u00f3n dun repertorio que abarca diversos paus do flamenco, e este ver\u00e1n no Noia Harp Fest presentar\u00e1&nbsp;<strong><em>Arpaora<\/em><\/strong>,&nbsp;<strong>o primeiro \u00e1lbum de arpa flamenca na historia.&nbsp;<\/strong><\/p>\n\n\n\n<p class=\"has-text-align-justify\"><strong>A 12\u00aa edici\u00f3n do Noia Harp Fest rematar\u00e1 o 7 de agosto<\/strong>, coa Gala de Entrega do III Premio Portus Apostoli a Federico Beilison pola s\u00faa obra&nbsp;<em>Cuatro historias gallegas<\/em>, que a Real Filharmon\u00eda estrear\u00e1 no Teatro Coliseo Noela baixo a batuta de Sebastian Zinca e coa participaci\u00f3n, como solistas, de Claudia Besn\u00e9 e Francesca Romana Di Nicola. As entradas para o concerto que por\u00e1 o ramo ao festival xa est\u00e1n \u00e1 venda en&nbsp;<a href=\"http:\/\/www.ataquilla.com\/\" target=\"_blank\" rel=\"noreferrer noopener\">www.ataquilla.com<\/a><\/p>\n\n\n\n<p><\/p>\n\n\n\n<p><\/p>\n\n\n\n<figure class=\"wp-block-image size-full\"><a href=\"http:\/\/culturaliagz.com\/wp-content\/uploads\/2025\/08\/Quico-Comesana-1.jpg\" target=\"_blank\" rel=\"noreferrer noopener\"><img loading=\"lazy\" decoding=\"async\" width=\"1200\" height=\"1276\" src=\"http:\/\/culturaliagz.com\/wp-content\/uploads\/2025\/08\/Quico-Comesana-1.jpg\" alt=\"\" class=\"wp-image-19212\" srcset=\"http:\/\/culturaliagz.com\/wp-content\/uploads\/2025\/08\/Quico-Comesana-1.jpg 1200w, http:\/\/culturaliagz.com\/wp-content\/uploads\/2025\/08\/Quico-Comesana-1-980x1042.jpg 980w, http:\/\/culturaliagz.com\/wp-content\/uploads\/2025\/08\/Quico-Comesana-1-480x510.jpg 480w\" sizes=\"auto, (min-width: 0px) and (max-width: 480px) 480px, (min-width: 481px) and (max-width: 980px) 980px, (min-width: 981px) 1200px, 100vw\" \/><\/a><\/figure>\n\n\n\n<p class=\"has-text-align-justify\"><br><br><br><\/p>\n\n\n\n<p class=\"has-text-align-justify\"><strong>NOIA HARP FEST<\/strong><br><br>O Festival Internacional de Arpa Vila de Noia (Noia Harp Fest) \u00e9 o \u00fanico festival dedicado ao instrumento en todo o noroeste peninsular. A interpretaci\u00f3n musical a trav\u00e9s da arpa \u00e9 o eixe que vertebra unha programaci\u00f3n que, cada ver\u00e1n, re\u00fane diferentes bandas e solistas sobranceiras, tanto galegas coma internacionais, de<strong>\u00a0distintos estilos e orixes<\/strong>.\u00a0<br><br>O Noia Harp Fest, que decorre do 30 de xullo ao 2 de agosto -e que contar\u00e1 cunha Gala de Entrega do Premio Portus Apostoli o vindeiro xove 7 de agosto-, presenta un cartel con\u00a0<strong>cinco xornadas de concertos<\/strong>\u00a0con arpistas de Galicia, Andaluc\u00eda, Breta\u00f1a, Colombia, Escocia, Italia, Pa\u00eds Vasco ou Valencia. Ana Crism\u00e1n, Alba Barreiro e Fernando Ra\u00f1a, Bleuenn Le Friec, D\u2019S\u00fapeto, Juliette Commeaux, Kevin Le Pennec, Laia Blasco, Noela Cotuna, Quico Comesa\u00f1a, Rebecca Hill &amp; Charlie Stewart e Yofre Brito act\u00faan nun evento que acolle, ademais, o IV Encontro do Alumnado das Escolas de Arpa de Galicia.\u00a0<\/p>\n\n\n\n<p class=\"has-text-align-justify\">Este 2025, Noia acolle&nbsp;<strong>trece actuaci\u00f3ns<\/strong>&nbsp;(doce concertos e unha gran foliada de benvida) nun total de&nbsp;<strong>sete escenarios<\/strong>, como son a m\u00edtica Praza do Tapal, o Liceo de Noia, a Praza do Curro, a Igrexa Museo Santa Mar\u00eda A Nova, o Teatro Coliseo Noela e tanto a Igrexa coma o Claustro de San Francisco.&nbsp;<\/p>\n\n\n\n<p class=\"has-text-align-justify\">A 12\u00aa edici\u00f3n do festival est\u00e1 organizada por Nalgures Produci\u00f3ns, baixo a direcci\u00f3n da asociaci\u00f3n Noia Harp Fest, e conta co apoio institucional do Concello de Noia, Xunta de Galicia a trav\u00e9s da Axencia Turismo de Galicia no marco dos Concertos do Xacobeo, e de Acci\u00f3n Cultural Espa\u00f1ola AC\/E; ademais da colaboraci\u00f3n da Deputaci\u00f3n da Coru\u00f1a.&nbsp;<\/p>\n\n\n\n<p><strong>AXENDA NOIA HARP FEST | S\u00c1BADO 2 DE AGOSTO 2025&nbsp;<\/strong><br><br><strong>12.30h | Igrexa de San Francisco<\/strong><br><em>El concierto secreto<\/em>. Con Juliette Commeaux &amp; Laia Blasco (en colaboraci\u00f3n con AEDA)<br><br><strong>20.00h | Claustro de San Francisco<\/strong><br>Bleuenn Le Friec. Con Ux\u00eda e Faia<br><br><strong>22.00h | Praza do Tapal<\/strong>Quico Comesa\u00f1a<br>Ana Crism\u00e1n<\/p>\n\n\n\n<p><\/p>\n\n\n\n<p><\/p>\n\n\n\n<figure class=\"wp-block-gallery has-nested-images columns-2 is-cropped wp-block-gallery-1 is-layout-flex wp-block-gallery-is-layout-flex\">\n<figure class=\"wp-block-image size-large\"><a href=\"http:\/\/culturaliagz.com\/wp-content\/uploads\/2025\/08\/20250731-NHF-DSupeto-\u00a9-Jerry-Elefarte-2.jpeg\" target=\"_blank\" rel=\"noreferrer noopener\"><img loading=\"lazy\" decoding=\"async\" width=\"1024\" height=\"683\" data-id=\"19213\" src=\"http:\/\/culturaliagz.com\/wp-content\/uploads\/2025\/08\/20250731-NHF-DSupeto-\u00a9-Jerry-Elefarte-2-1024x683.jpeg\" alt=\"\" class=\"wp-image-19213\" srcset=\"http:\/\/culturaliagz.com\/wp-content\/uploads\/2025\/08\/20250731-NHF-DSupeto-\u00a9-Jerry-Elefarte-2-1024x683.jpeg 1024w, http:\/\/culturaliagz.com\/wp-content\/uploads\/2025\/08\/20250731-NHF-DSupeto-\u00a9-Jerry-Elefarte-2-300x200.jpeg 300w, http:\/\/culturaliagz.com\/wp-content\/uploads\/2025\/08\/20250731-NHF-DSupeto-\u00a9-Jerry-Elefarte-2-768x512.jpeg 768w, http:\/\/culturaliagz.com\/wp-content\/uploads\/2025\/08\/20250731-NHF-DSupeto-\u00a9-Jerry-Elefarte-2-1080x720.jpeg 1080w, http:\/\/culturaliagz.com\/wp-content\/uploads\/2025\/08\/20250731-NHF-DSupeto-\u00a9-Jerry-Elefarte-2-980x653.jpeg 980w, http:\/\/culturaliagz.com\/wp-content\/uploads\/2025\/08\/20250731-NHF-DSupeto-\u00a9-Jerry-Elefarte-2-480x320.jpeg 480w, http:\/\/culturaliagz.com\/wp-content\/uploads\/2025\/08\/20250731-NHF-DSupeto-\u00a9-Jerry-Elefarte-2.jpeg 1200w\" sizes=\"auto, (max-width: 1024px) 100vw, 1024px\" \/><\/a><\/figure>\n\n\n\n<figure class=\"wp-block-image size-large\"><a href=\"http:\/\/culturaliagz.com\/wp-content\/uploads\/2025\/08\/20250731-NHF-DSupeto-\u00a9-Jerry-Elefarte-4.jpeg\" target=\"_blank\" rel=\"noreferrer noopener\"><img loading=\"lazy\" decoding=\"async\" width=\"1024\" height=\"683\" data-id=\"19217\" src=\"http:\/\/culturaliagz.com\/wp-content\/uploads\/2025\/08\/20250731-NHF-DSupeto-\u00a9-Jerry-Elefarte-4-1024x683.jpeg\" alt=\"\" class=\"wp-image-19217\" srcset=\"http:\/\/culturaliagz.com\/wp-content\/uploads\/2025\/08\/20250731-NHF-DSupeto-\u00a9-Jerry-Elefarte-4-1024x683.jpeg 1024w, http:\/\/culturaliagz.com\/wp-content\/uploads\/2025\/08\/20250731-NHF-DSupeto-\u00a9-Jerry-Elefarte-4-300x200.jpeg 300w, http:\/\/culturaliagz.com\/wp-content\/uploads\/2025\/08\/20250731-NHF-DSupeto-\u00a9-Jerry-Elefarte-4-768x512.jpeg 768w, http:\/\/culturaliagz.com\/wp-content\/uploads\/2025\/08\/20250731-NHF-DSupeto-\u00a9-Jerry-Elefarte-4-1080x720.jpeg 1080w, http:\/\/culturaliagz.com\/wp-content\/uploads\/2025\/08\/20250731-NHF-DSupeto-\u00a9-Jerry-Elefarte-4-980x653.jpeg 980w, http:\/\/culturaliagz.com\/wp-content\/uploads\/2025\/08\/20250731-NHF-DSupeto-\u00a9-Jerry-Elefarte-4-480x320.jpeg 480w, http:\/\/culturaliagz.com\/wp-content\/uploads\/2025\/08\/20250731-NHF-DSupeto-\u00a9-Jerry-Elefarte-4.jpeg 1200w\" sizes=\"auto, (max-width: 1024px) 100vw, 1024px\" \/><\/a><\/figure>\n\n\n\n<figure class=\"wp-block-image size-large\"><a href=\"http:\/\/culturaliagz.com\/wp-content\/uploads\/2025\/08\/20250731-NHF-Kevin-Le-Pennec-\u00a9-Jerry-Elefarte-2.jpeg\" target=\"_blank\" rel=\"noreferrer noopener\"><img loading=\"lazy\" decoding=\"async\" width=\"1024\" height=\"683\" data-id=\"19218\" src=\"http:\/\/culturaliagz.com\/wp-content\/uploads\/2025\/08\/20250731-NHF-Kevin-Le-Pennec-\u00a9-Jerry-Elefarte-2-1024x683.jpeg\" alt=\"\" class=\"wp-image-19218\" srcset=\"http:\/\/culturaliagz.com\/wp-content\/uploads\/2025\/08\/20250731-NHF-Kevin-Le-Pennec-\u00a9-Jerry-Elefarte-2-1024x683.jpeg 1024w, http:\/\/culturaliagz.com\/wp-content\/uploads\/2025\/08\/20250731-NHF-Kevin-Le-Pennec-\u00a9-Jerry-Elefarte-2-300x200.jpeg 300w, http:\/\/culturaliagz.com\/wp-content\/uploads\/2025\/08\/20250731-NHF-Kevin-Le-Pennec-\u00a9-Jerry-Elefarte-2-768x512.jpeg 768w, http:\/\/culturaliagz.com\/wp-content\/uploads\/2025\/08\/20250731-NHF-Kevin-Le-Pennec-\u00a9-Jerry-Elefarte-2-1080x720.jpeg 1080w, http:\/\/culturaliagz.com\/wp-content\/uploads\/2025\/08\/20250731-NHF-Kevin-Le-Pennec-\u00a9-Jerry-Elefarte-2-980x653.jpeg 980w, http:\/\/culturaliagz.com\/wp-content\/uploads\/2025\/08\/20250731-NHF-Kevin-Le-Pennec-\u00a9-Jerry-Elefarte-2-480x320.jpeg 480w, http:\/\/culturaliagz.com\/wp-content\/uploads\/2025\/08\/20250731-NHF-Kevin-Le-Pennec-\u00a9-Jerry-Elefarte-2.jpeg 1200w\" sizes=\"auto, (max-width: 1024px) 100vw, 1024px\" \/><\/a><\/figure>\n\n\n\n<figure class=\"wp-block-image size-large\"><a href=\"http:\/\/culturaliagz.com\/wp-content\/uploads\/2025\/08\/20250731-NHF-Kevin-Le-Pennec-\u00a9-Jerry-Elefarte-3.jpeg\" target=\"_blank\" rel=\"noreferrer noopener\"><img loading=\"lazy\" decoding=\"async\" width=\"1024\" height=\"683\" data-id=\"19214\" src=\"http:\/\/culturaliagz.com\/wp-content\/uploads\/2025\/08\/20250731-NHF-Kevin-Le-Pennec-\u00a9-Jerry-Elefarte-3-1024x683.jpeg\" alt=\"\" class=\"wp-image-19214\" srcset=\"http:\/\/culturaliagz.com\/wp-content\/uploads\/2025\/08\/20250731-NHF-Kevin-Le-Pennec-\u00a9-Jerry-Elefarte-3-1024x683.jpeg 1024w, http:\/\/culturaliagz.com\/wp-content\/uploads\/2025\/08\/20250731-NHF-Kevin-Le-Pennec-\u00a9-Jerry-Elefarte-3-300x200.jpeg 300w, http:\/\/culturaliagz.com\/wp-content\/uploads\/2025\/08\/20250731-NHF-Kevin-Le-Pennec-\u00a9-Jerry-Elefarte-3-768x512.jpeg 768w, http:\/\/culturaliagz.com\/wp-content\/uploads\/2025\/08\/20250731-NHF-Kevin-Le-Pennec-\u00a9-Jerry-Elefarte-3-1080x720.jpeg 1080w, http:\/\/culturaliagz.com\/wp-content\/uploads\/2025\/08\/20250731-NHF-Kevin-Le-Pennec-\u00a9-Jerry-Elefarte-3-980x653.jpeg 980w, http:\/\/culturaliagz.com\/wp-content\/uploads\/2025\/08\/20250731-NHF-Kevin-Le-Pennec-\u00a9-Jerry-Elefarte-3-480x320.jpeg 480w, http:\/\/culturaliagz.com\/wp-content\/uploads\/2025\/08\/20250731-NHF-Kevin-Le-Pennec-\u00a9-Jerry-Elefarte-3.jpeg 1200w\" sizes=\"auto, (max-width: 1024px) 100vw, 1024px\" \/><\/a><\/figure>\n\n\n\n<figure class=\"wp-block-image size-large\"><a href=\"http:\/\/culturaliagz.com\/wp-content\/uploads\/2025\/08\/Bleuenn-Le-Friec-A.Doisnel-1.jpeg\"><img loading=\"lazy\" decoding=\"async\" width=\"1024\" height=\"728\" data-id=\"19215\" src=\"http:\/\/culturaliagz.com\/wp-content\/uploads\/2025\/08\/Bleuenn-Le-Friec-A.Doisnel-1-1024x728.jpeg\" alt=\"\" class=\"wp-image-19215\" srcset=\"http:\/\/culturaliagz.com\/wp-content\/uploads\/2025\/08\/Bleuenn-Le-Friec-A.Doisnel-1-980x696.jpeg 980w, http:\/\/culturaliagz.com\/wp-content\/uploads\/2025\/08\/Bleuenn-Le-Friec-A.Doisnel-1-480x341.jpeg 480w\" sizes=\"auto, (min-width: 0px) and (max-width: 480px) 480px, (min-width: 481px) and (max-width: 980px) 980px, (min-width: 981px) 1024px, 100vw\" \/><\/a><\/figure>\n\n\n\n<figure class=\"wp-block-image size-large\"><a href=\"http:\/\/culturaliagz.com\/wp-content\/uploads\/2025\/08\/El-Concierto-Secreto-Juliette-Commeaux-Laia-Blasco.jpg\" target=\"_blank\" rel=\"noreferrer noopener\"><img loading=\"lazy\" decoding=\"async\" width=\"1024\" height=\"644\" data-id=\"19216\" src=\"http:\/\/culturaliagz.com\/wp-content\/uploads\/2025\/08\/El-Concierto-Secreto-Juliette-Commeaux-Laia-Blasco-1024x644.jpg\" alt=\"\" class=\"wp-image-19216\" srcset=\"http:\/\/culturaliagz.com\/wp-content\/uploads\/2025\/08\/El-Concierto-Secreto-Juliette-Commeaux-Laia-Blasco-980x616.jpg 980w, http:\/\/culturaliagz.com\/wp-content\/uploads\/2025\/08\/El-Concierto-Secreto-Juliette-Commeaux-Laia-Blasco-480x302.jpg 480w\" sizes=\"auto, (min-width: 0px) and (max-width: 480px) 480px, (min-width: 481px) and (max-width: 980px) 980px, (min-width: 981px) 1024px, 100vw\" \/><\/a><\/figure>\n<\/figure>\n\n\n\n<p><\/p>\n\n\n\n<p><\/p>\n\n\n\n<p><\/p>\n\n\n\n<p><\/p>\n\n\n<a href=\"http:\/\/culturaliagz.com\/wp-content\/uploads\/2025\/08\/20250801-Axenda-NHF-sabado-2.pdf\" class=\"pdfemb-viewer\" style=\"\" data-width=\"max\" data-height=\"max\" data-toolbar=\"bottom\" data-toolbar-fixed=\"off\">20250801-Axenda-NHF-sabado-2<\/a>","protected":false},"excerpt":{"rendered":"<p>O Noia Harp Fest prep\u00e1rase para festexar a s\u00faa xornada m\u00e1is intensa. Catro concertos gratu\u00edtos con figuras sobranceiras tanto da arpa coma da escena galega ser\u00e1n protagonistas ma\u00f1\u00e1, s\u00e1bado 2, [&hellip;]<\/p>\n","protected":false},"author":1,"featured_media":0,"comment_status":"open","ping_status":"open","sticky":false,"template":"","format":"standard","meta":{"_et_pb_use_builder":"","_et_pb_old_content":"","_et_gb_content_width":"","_jetpack_memberships_contains_paid_content":false,"footnotes":""},"categories":[23,7,6,57,1],"tags":[2977,1543,3251,3076,3078,1155,2349,3087],"class_list":["post-19209","post","type-post","status-publish","format-standard","hentry","category-autoresas","category-creacion","category-novas","category-outras-artes","category-xeral","tag-ana-crisman","tag-bleuenn-le-friec","tag-iii-premio-portus-apostoli","tag-juliette-commeaux","tag-laia-blasco","tag-noia-harp-fest","tag-praza-do-tapal","tag-quico-comesana"],"jetpack_featured_media_url":"","jetpack_sharing_enabled":true,"_links":{"self":[{"href":"http:\/\/culturaliagz.com\/index.php?rest_route=\/wp\/v2\/posts\/19209","targetHints":{"allow":["GET"]}}],"collection":[{"href":"http:\/\/culturaliagz.com\/index.php?rest_route=\/wp\/v2\/posts"}],"about":[{"href":"http:\/\/culturaliagz.com\/index.php?rest_route=\/wp\/v2\/types\/post"}],"author":[{"embeddable":true,"href":"http:\/\/culturaliagz.com\/index.php?rest_route=\/wp\/v2\/users\/1"}],"replies":[{"embeddable":true,"href":"http:\/\/culturaliagz.com\/index.php?rest_route=%2Fwp%2Fv2%2Fcomments&post=19209"}],"version-history":[{"count":2,"href":"http:\/\/culturaliagz.com\/index.php?rest_route=\/wp\/v2\/posts\/19209\/revisions"}],"predecessor-version":[{"id":19221,"href":"http:\/\/culturaliagz.com\/index.php?rest_route=\/wp\/v2\/posts\/19209\/revisions\/19221"}],"wp:attachment":[{"href":"http:\/\/culturaliagz.com\/index.php?rest_route=%2Fwp%2Fv2%2Fmedia&parent=19209"}],"wp:term":[{"taxonomy":"category","embeddable":true,"href":"http:\/\/culturaliagz.com\/index.php?rest_route=%2Fwp%2Fv2%2Fcategories&post=19209"},{"taxonomy":"post_tag","embeddable":true,"href":"http:\/\/culturaliagz.com\/index.php?rest_route=%2Fwp%2Fv2%2Ftags&post=19209"}],"curies":[{"name":"wp","href":"https:\/\/api.w.org\/{rel}","templated":true}]}}