{"id":19194,"date":"2025-08-01T01:41:33","date_gmt":"2025-08-01T00:41:33","guid":{"rendered":"http:\/\/culturaliagz.com\/?p=19194"},"modified":"2025-08-01T01:43:14","modified_gmt":"2025-08-01T00:43:14","slug":"noelia-cotuna-rebecca-hill-e-yofre-brito-protagonistas-da-terceira-xornada-da-12a-edicion-do-noia-harp-fest","status":"publish","type":"post","link":"http:\/\/culturaliagz.com\/?p=19194","title":{"rendered":"Noelia Cotuna, Rebecca Hill e Yofre Brito, protagonistas da terceira xornada\u00a0da 12\u00aa edici\u00f3n do Noia Harp Fest"},"content":{"rendered":"\n<p><\/p>\n\n\n\n<p><\/p>\n\n\n\n<figure class=\"wp-block-image size-full\"><a href=\"http:\/\/culturaliagz.com\/wp-content\/uploads\/2025\/08\/Rebecca-Hill-Charlie-Stewart.jpg\" target=\"_blank\" rel=\"noreferrer noopener\"><img loading=\"lazy\" decoding=\"async\" width=\"2048\" height=\"1537\" src=\"http:\/\/culturaliagz.com\/wp-content\/uploads\/2025\/08\/Rebecca-Hill-Charlie-Stewart.jpg\" alt=\"\" class=\"wp-image-19195\" srcset=\"http:\/\/culturaliagz.com\/wp-content\/uploads\/2025\/08\/Rebecca-Hill-Charlie-Stewart.jpg 2048w, http:\/\/culturaliagz.com\/wp-content\/uploads\/2025\/08\/Rebecca-Hill-Charlie-Stewart-1280x961.jpg 1280w, http:\/\/culturaliagz.com\/wp-content\/uploads\/2025\/08\/Rebecca-Hill-Charlie-Stewart-980x735.jpg 980w, http:\/\/culturaliagz.com\/wp-content\/uploads\/2025\/08\/Rebecca-Hill-Charlie-Stewart-480x360.jpg 480w\" sizes=\"auto, (min-width: 0px) and (max-width: 480px) 480px, (min-width: 481px) and (max-width: 980px) 980px, (min-width: 981px) and (max-width: 1280px) 1280px, (min-width: 1281px) 2048px, 100vw\" \/><\/a><\/figure>\n\n\n\n<p><\/p>\n\n\n\n<p><\/p>\n\n\n\n<p class=\"has-text-align-justify\"><strong>A Igrexa Museo Santa Mar\u00eda A Nova e o Teatro Coliseo Noela acollen ma\u00f1\u00e1 venres,&nbsp;<\/strong><strong>a partir das 19.00 horas, os tres concertos do d\u00eda, cuxa entrada \u00e9 gratu\u00edta<\/strong><\/p>\n\n\n\n<p><\/p>\n\n\n\n<p class=\"has-text-align-justify\">O 12\u00ba Noia Harp Fest chega ao seu ecuador coa actuaci\u00f3n de tres solistas cunha relevante proxecci\u00f3n internacional. A valenci\u00e1 Noelia Cotuna, a escocesa Rebecca Hill e o colombiano Yofre Brito formar\u00e1n parte do cartel desta terceira xornada do festival.&nbsp;<\/p>\n\n\n\n<p class=\"has-text-align-justify\">A solista e m\u00fasico de c\u00e1mara&nbsp;<strong>Noelia Cotuna<\/strong>, galardoada tanto a nivel nacional como internacional pola s\u00faa t\u00e9cnica e calidade interpretativa, ser\u00e1 a responsable de abrir a&nbsp; xornada do venres 1 no Noia Harp Fest nun concerto que se celebrar\u00e1 da man da AEDA (Asociaci\u00f3n Espa\u00f1ola de Arpistas) e que ter\u00e1 lugar, a partir das 19.00 horas, na Igrexa Museo Santa Mar\u00eda A Nova.&nbsp;<\/p>\n\n\n\n<p class=\"has-text-align-justify\">Cotuna, quen ten actuado baixo a batuta de figuras reco\u00f1ecidas como Kill Petrenko, Zubin Mehta, Daniel Barenboim ou Gustavo Dudamel, \u00e9 un dos pratos fortes desta edici\u00f3n do festival. Na s\u00faa actuaci\u00f3n, a actual arpa solista da Orquestra de la Comunitat Valenciana&nbsp; (OCV) presentar\u00e1 un repertorio que render\u00e1 homenaxe \u00e1 int\u00e9rprete e compositora francesa&nbsp;<strong>Henriette Reni\u00e9<\/strong>&nbsp;no 150\u00aa aniversario do seu nacemento.<\/p>\n\n\n\n<p class=\"has-text-align-justify\">A partir das 21.00 horas, o Teatro Coliseo Noela acoller\u00e1 d\u00faas estreas en Espa\u00f1a. \u00c9 o caso&nbsp; da escocesa&nbsp;<strong>Rebecca Hill,&nbsp;<\/strong>quen presentar\u00e1 o seu \u00e1lbum&nbsp;<em>Thawcrook<\/em>&nbsp;acompa\u00f1ada do violinista&nbsp;<strong>Charlie Stewart.<\/strong>&nbsp;A parella experimenta sobre a tradici\u00f3n con t\u00e9cnicas de composici\u00f3n contempor\u00e1neas, xerando temas hipn\u00f3ticos e con grandes dotes de improvisaci\u00f3n nos seus arranxos. Ser\u00e1 unha das citas imprescindibles tanto para as amantes da m\u00fasica folk como para aquelas interesadas na s\u00faa renovaci\u00f3n.&nbsp;<\/p>\n\n\n\n<p class=\"has-text-align-justify\">Tam\u00e9n subir\u00e1 \u00e1s t\u00e1boas do Teatro Coliseo Noela unha lenda da arpa llanera colombiana:&nbsp;<strong>Yofre Brito Rivera<\/strong>. Int\u00e9rprete, compositor e arranxista reco\u00f1ecido internacionalmente, ten actuado en m\u00e1is de 15 pa\u00edses (entre eles M\u00e9xico, Francia, Italia, Alema\u00f1a, Venezuela ou Brasil) representando a m\u00fasica llanera. Tam\u00e9n \u00e9 co\u00f1ecido por ser o impulsor do Festival Internacional Arpas Sin Fronteras en C\u00facuta (Colombia), un evento que promove o intercambio cultural arredor da arpa e no que participan artistas de m\u00e1is de 10 pa\u00edses.<br><\/p>\n\n\n\n<p><\/p>\n\n\n\n<figure class=\"wp-block-gallery has-nested-images columns-1 is-cropped wp-block-gallery-1 is-layout-flex wp-block-gallery-is-layout-flex\">\n<figure class=\"wp-block-image size-large\"><a href=\"http:\/\/culturaliagz.com\/wp-content\/uploads\/2025\/08\/20250730-Noia-Harp-Fest-xornada-inaugural-\u00a9-Jerry-Elefarte-1.jpg\" target=\"_blank\" rel=\"noreferrer noopener\"><img loading=\"lazy\" decoding=\"async\" width=\"1024\" height=\"683\" data-id=\"19198\" src=\"http:\/\/culturaliagz.com\/wp-content\/uploads\/2025\/08\/20250730-Noia-Harp-Fest-xornada-inaugural-\u00a9-Jerry-Elefarte-1-1024x683.jpg\" alt=\"\" class=\"wp-image-19198\" srcset=\"http:\/\/culturaliagz.com\/wp-content\/uploads\/2025\/08\/20250730-Noia-Harp-Fest-xornada-inaugural-\u00a9-Jerry-Elefarte-1-1024x683.jpg 1024w, http:\/\/culturaliagz.com\/wp-content\/uploads\/2025\/08\/20250730-Noia-Harp-Fest-xornada-inaugural-\u00a9-Jerry-Elefarte-1-300x200.jpg 300w, http:\/\/culturaliagz.com\/wp-content\/uploads\/2025\/08\/20250730-Noia-Harp-Fest-xornada-inaugural-\u00a9-Jerry-Elefarte-1-768x512.jpg 768w, http:\/\/culturaliagz.com\/wp-content\/uploads\/2025\/08\/20250730-Noia-Harp-Fest-xornada-inaugural-\u00a9-Jerry-Elefarte-1-1080x720.jpg 1080w, http:\/\/culturaliagz.com\/wp-content\/uploads\/2025\/08\/20250730-Noia-Harp-Fest-xornada-inaugural-\u00a9-Jerry-Elefarte-1-1280x853.jpg 1280w, http:\/\/culturaliagz.com\/wp-content\/uploads\/2025\/08\/20250730-Noia-Harp-Fest-xornada-inaugural-\u00a9-Jerry-Elefarte-1-980x653.jpg 980w, http:\/\/culturaliagz.com\/wp-content\/uploads\/2025\/08\/20250730-Noia-Harp-Fest-xornada-inaugural-\u00a9-Jerry-Elefarte-1-480x320.jpg 480w, http:\/\/culturaliagz.com\/wp-content\/uploads\/2025\/08\/20250730-Noia-Harp-Fest-xornada-inaugural-\u00a9-Jerry-Elefarte-1.jpg 1500w\" sizes=\"auto, (max-width: 1024px) 100vw, 1024px\" \/><\/a><\/figure>\n\n\n\n<figure class=\"wp-block-image size-large\"><a href=\"http:\/\/culturaliagz.com\/wp-content\/uploads\/2025\/08\/20250730-Noia-Harp-Fest-xornada-inaugural-\u00a9-Jerry-Elefarte-2.jpg\" target=\"_blank\" rel=\"noreferrer noopener\"><img loading=\"lazy\" decoding=\"async\" width=\"1024\" height=\"683\" data-id=\"19199\" src=\"http:\/\/culturaliagz.com\/wp-content\/uploads\/2025\/08\/20250730-Noia-Harp-Fest-xornada-inaugural-\u00a9-Jerry-Elefarte-2-1024x683.jpg\" alt=\"\" class=\"wp-image-19199\" srcset=\"http:\/\/culturaliagz.com\/wp-content\/uploads\/2025\/08\/20250730-Noia-Harp-Fest-xornada-inaugural-\u00a9-Jerry-Elefarte-2-1024x683.jpg 1024w, http:\/\/culturaliagz.com\/wp-content\/uploads\/2025\/08\/20250730-Noia-Harp-Fest-xornada-inaugural-\u00a9-Jerry-Elefarte-2-300x200.jpg 300w, http:\/\/culturaliagz.com\/wp-content\/uploads\/2025\/08\/20250730-Noia-Harp-Fest-xornada-inaugural-\u00a9-Jerry-Elefarte-2-768x512.jpg 768w, http:\/\/culturaliagz.com\/wp-content\/uploads\/2025\/08\/20250730-Noia-Harp-Fest-xornada-inaugural-\u00a9-Jerry-Elefarte-2-1080x720.jpg 1080w, http:\/\/culturaliagz.com\/wp-content\/uploads\/2025\/08\/20250730-Noia-Harp-Fest-xornada-inaugural-\u00a9-Jerry-Elefarte-2-1280x853.jpg 1280w, http:\/\/culturaliagz.com\/wp-content\/uploads\/2025\/08\/20250730-Noia-Harp-Fest-xornada-inaugural-\u00a9-Jerry-Elefarte-2-980x653.jpg 980w, http:\/\/culturaliagz.com\/wp-content\/uploads\/2025\/08\/20250730-Noia-Harp-Fest-xornada-inaugural-\u00a9-Jerry-Elefarte-2-480x320.jpg 480w, http:\/\/culturaliagz.com\/wp-content\/uploads\/2025\/08\/20250730-Noia-Harp-Fest-xornada-inaugural-\u00a9-Jerry-Elefarte-2.jpg 1500w\" sizes=\"auto, (max-width: 1024px) 100vw, 1024px\" \/><\/a><\/figure>\n\n\n\n<figure class=\"wp-block-image size-large\"><a href=\"http:\/\/culturaliagz.com\/wp-content\/uploads\/2025\/08\/20250730-Noia-Harp-Fest-xornada-inaugural-\u00a9-Jerry-Elefarte-3.jpg\" target=\"_blank\" rel=\"noreferrer noopener\"><img loading=\"lazy\" decoding=\"async\" width=\"1024\" height=\"683\" data-id=\"19196\" src=\"http:\/\/culturaliagz.com\/wp-content\/uploads\/2025\/08\/20250730-Noia-Harp-Fest-xornada-inaugural-\u00a9-Jerry-Elefarte-3-1024x683.jpg\" alt=\"\" class=\"wp-image-19196\" srcset=\"http:\/\/culturaliagz.com\/wp-content\/uploads\/2025\/08\/20250730-Noia-Harp-Fest-xornada-inaugural-\u00a9-Jerry-Elefarte-3-1024x683.jpg 1024w, http:\/\/culturaliagz.com\/wp-content\/uploads\/2025\/08\/20250730-Noia-Harp-Fest-xornada-inaugural-\u00a9-Jerry-Elefarte-3-300x200.jpg 300w, http:\/\/culturaliagz.com\/wp-content\/uploads\/2025\/08\/20250730-Noia-Harp-Fest-xornada-inaugural-\u00a9-Jerry-Elefarte-3-768x512.jpg 768w, http:\/\/culturaliagz.com\/wp-content\/uploads\/2025\/08\/20250730-Noia-Harp-Fest-xornada-inaugural-\u00a9-Jerry-Elefarte-3-1080x720.jpg 1080w, http:\/\/culturaliagz.com\/wp-content\/uploads\/2025\/08\/20250730-Noia-Harp-Fest-xornada-inaugural-\u00a9-Jerry-Elefarte-3-1280x853.jpg 1280w, http:\/\/culturaliagz.com\/wp-content\/uploads\/2025\/08\/20250730-Noia-Harp-Fest-xornada-inaugural-\u00a9-Jerry-Elefarte-3-980x653.jpg 980w, http:\/\/culturaliagz.com\/wp-content\/uploads\/2025\/08\/20250730-Noia-Harp-Fest-xornada-inaugural-\u00a9-Jerry-Elefarte-3-480x320.jpg 480w, http:\/\/culturaliagz.com\/wp-content\/uploads\/2025\/08\/20250730-Noia-Harp-Fest-xornada-inaugural-\u00a9-Jerry-Elefarte-3.jpg 1500w\" sizes=\"auto, (max-width: 1024px) 100vw, 1024px\" \/><\/a><\/figure>\n\n\n\n<figure class=\"wp-block-image size-large\"><a href=\"http:\/\/culturaliagz.com\/wp-content\/uploads\/2025\/08\/20250730-Noia-Harp-Fest-xornada-inaugural-\u00a9-Jerry-Elefarte-4.jpg\" target=\"_blank\" rel=\"noreferrer noopener\"><img loading=\"lazy\" decoding=\"async\" width=\"1024\" height=\"768\" data-id=\"19200\" src=\"http:\/\/culturaliagz.com\/wp-content\/uploads\/2025\/08\/20250730-Noia-Harp-Fest-xornada-inaugural-\u00a9-Jerry-Elefarte-4-1024x768.jpg\" alt=\"\" class=\"wp-image-19200\" srcset=\"http:\/\/culturaliagz.com\/wp-content\/uploads\/2025\/08\/20250730-Noia-Harp-Fest-xornada-inaugural-\u00a9-Jerry-Elefarte-4-1024x768.jpg 1024w, http:\/\/culturaliagz.com\/wp-content\/uploads\/2025\/08\/20250730-Noia-Harp-Fest-xornada-inaugural-\u00a9-Jerry-Elefarte-4-300x225.jpg 300w, http:\/\/culturaliagz.com\/wp-content\/uploads\/2025\/08\/20250730-Noia-Harp-Fest-xornada-inaugural-\u00a9-Jerry-Elefarte-4-768x576.jpg 768w, http:\/\/culturaliagz.com\/wp-content\/uploads\/2025\/08\/20250730-Noia-Harp-Fest-xornada-inaugural-\u00a9-Jerry-Elefarte-4-510x382.jpg 510w, http:\/\/culturaliagz.com\/wp-content\/uploads\/2025\/08\/20250730-Noia-Harp-Fest-xornada-inaugural-\u00a9-Jerry-Elefarte-4-1080x810.jpg 1080w, http:\/\/culturaliagz.com\/wp-content\/uploads\/2025\/08\/20250730-Noia-Harp-Fest-xornada-inaugural-\u00a9-Jerry-Elefarte-4-980x735.jpg 980w, http:\/\/culturaliagz.com\/wp-content\/uploads\/2025\/08\/20250730-Noia-Harp-Fest-xornada-inaugural-\u00a9-Jerry-Elefarte-4-480x360.jpg 480w, http:\/\/culturaliagz.com\/wp-content\/uploads\/2025\/08\/20250730-Noia-Harp-Fest-xornada-inaugural-\u00a9-Jerry-Elefarte-4.jpg 1200w\" sizes=\"auto, (max-width: 1024px) 100vw, 1024px\" \/><\/a><\/figure>\n\n\n\n<figure class=\"wp-block-image size-large\"><a href=\"http:\/\/culturaliagz.com\/wp-content\/uploads\/2025\/08\/20250730-Noia-Harp-Fest-xornada-inaugural-\u00a9-Jerry-Elefarte-5.jpg\" target=\"_blank\" rel=\"noreferrer noopener\"><img loading=\"lazy\" decoding=\"async\" width=\"1024\" height=\"683\" data-id=\"19197\" src=\"http:\/\/culturaliagz.com\/wp-content\/uploads\/2025\/08\/20250730-Noia-Harp-Fest-xornada-inaugural-\u00a9-Jerry-Elefarte-5-1024x683.jpg\" alt=\"\" class=\"wp-image-19197\" srcset=\"http:\/\/culturaliagz.com\/wp-content\/uploads\/2025\/08\/20250730-Noia-Harp-Fest-xornada-inaugural-\u00a9-Jerry-Elefarte-5-1024x683.jpg 1024w, http:\/\/culturaliagz.com\/wp-content\/uploads\/2025\/08\/20250730-Noia-Harp-Fest-xornada-inaugural-\u00a9-Jerry-Elefarte-5-300x200.jpg 300w, http:\/\/culturaliagz.com\/wp-content\/uploads\/2025\/08\/20250730-Noia-Harp-Fest-xornada-inaugural-\u00a9-Jerry-Elefarte-5-768x512.jpg 768w, http:\/\/culturaliagz.com\/wp-content\/uploads\/2025\/08\/20250730-Noia-Harp-Fest-xornada-inaugural-\u00a9-Jerry-Elefarte-5-1080x720.jpg 1080w, http:\/\/culturaliagz.com\/wp-content\/uploads\/2025\/08\/20250730-Noia-Harp-Fest-xornada-inaugural-\u00a9-Jerry-Elefarte-5-980x653.jpg 980w, http:\/\/culturaliagz.com\/wp-content\/uploads\/2025\/08\/20250730-Noia-Harp-Fest-xornada-inaugural-\u00a9-Jerry-Elefarte-5-480x320.jpg 480w, http:\/\/culturaliagz.com\/wp-content\/uploads\/2025\/08\/20250730-Noia-Harp-Fest-xornada-inaugural-\u00a9-Jerry-Elefarte-5.jpg 1200w\" sizes=\"auto, (max-width: 1024px) 100vw, 1024px\" \/><\/a><\/figure>\n<\/figure>\n\n\n\n<p><\/p>\n\n\n\n<p><\/p>\n\n\n\n<p><\/p>\n\n\n\n<p class=\"has-text-align-justify\"><strong>NOIA HARP FEST<\/strong><br><br>O Festival Internacional de Arpa Vila de Noia (Noia Harp Fest) \u00e9 o \u00fanico festival dedicado ao instrumento en todo o noroeste peninsular. A interpretaci\u00f3n musical a trav\u00e9s da arpa \u00e9 o eixe que vertebra unha programaci\u00f3n que, cada ver\u00e1n, re\u00fane diferentes bandas e solistas sobranceiras, tanto galegas coma internacionais, de<strong>&nbsp;distintos estilos e orixes<\/strong>.&nbsp;<\/p>\n\n\n\n<p class=\"has-text-align-justify\">O Noia Harp Fest, que decorre do 30 de xullo ao 2 de agosto -e que contar\u00e1 cunha Gala de Entrega do Premio Portus Apostoli o xoves 7 de agosto-, presenta un cartel con&nbsp;<strong>cinco xornadas de concertos<\/strong>&nbsp;con arpistas de primeiro nivel chegadas de Galicia, Andaluc\u00eda, Breta\u00f1a, Colombia, Escocia, Italia, Pa\u00eds Vasco ou Valencia. Ana Crism\u00e1n, Alba Barreiro e Fernando Ra\u00f1a, Bleuenn Le Friec, D\u2019S\u00fapeto, Juliette Commeaux, Kevin Le Pennec, Laia Blasco, Noela Cotuna, Quico Comesa\u00f1a, Rebecca Hill &amp; Charlie Stewart e Yofre Brito act\u00faan nun evento no que tam\u00e9n participan m\u00e1is de 20 estudantes do IV Encontro do Alumnado das Escolas de Arpa de Galicia.&nbsp;<\/p>\n\n\n\n<p class=\"has-text-align-justify\">Este 2025, Noia acolle&nbsp;<strong>trece actuaci\u00f3ns<\/strong>&nbsp;(doce concertos e unha gran foliada de benvida) nun total de&nbsp;<strong>sete escenarios<\/strong>, como son a m\u00edtica Praza do Tapal, o Liceo de Noia, a Praza do Curro, a Igrexa Museo Santa Mar\u00eda A Nova, o Teatro Coliseo Noela e tanto a Igrexa coma o Claustro de San Francisco. O festival ten unha clara vocaci\u00f3n divulgativa: pon en relaci\u00f3n as artistas e ao p\u00fablico en varios lugares representativos do patrimonio hist\u00f3rico e cultural de Noia, e d\u00e1 un espazo relevante ao talento m\u00e1is novo do pa\u00eds.&nbsp;<\/p>\n\n\n\n<p class=\"has-text-align-justify\">A 12\u00aa edici\u00f3n do festival est\u00e1 organizada por Nalgures Produci\u00f3ns, baixo a direcci\u00f3n da asociaci\u00f3n Noia Harp Fest, e conta co apoio institucional do Concello de Noia, Xunta de Galicia a trav\u00e9s da Axencia Turismo de Galicia no marco dos Concertos do Xacobeo, e de Acci\u00f3n Cultural Espa\u00f1ola AC\/E; ademais da colaboraci\u00f3n da Deputaci\u00f3n da Coru\u00f1a.<\/p>\n\n\n\n<p><\/p>\n\n\n\n<p><\/p>\n\n\n\n<figure class=\"wp-block-gallery has-nested-images columns-1 is-cropped wp-block-gallery-2 is-layout-flex wp-block-gallery-is-layout-flex\">\n<figure class=\"wp-block-image size-large\"><a href=\"http:\/\/culturaliagz.com\/wp-content\/uploads\/2025\/08\/Noelia-Cotuna.jpg\" target=\"_blank\" rel=\"noreferrer noopener\"><img loading=\"lazy\" decoding=\"async\" width=\"819\" height=\"1024\" data-id=\"19201\" src=\"http:\/\/culturaliagz.com\/wp-content\/uploads\/2025\/08\/Noelia-Cotuna-819x1024.jpg\" alt=\"\" class=\"wp-image-19201\"\/><\/a><\/figure>\n\n\n\n<figure class=\"wp-block-image size-large\"><a href=\"http:\/\/culturaliagz.com\/wp-content\/uploads\/2025\/08\/Yofre-Brito.jpg\" target=\"_blank\" rel=\"noreferrer noopener\"><img loading=\"lazy\" decoding=\"async\" width=\"828\" height=\"780\" data-id=\"19202\" src=\"http:\/\/culturaliagz.com\/wp-content\/uploads\/2025\/08\/Yofre-Brito.jpg\" alt=\"\" class=\"wp-image-19202\" srcset=\"http:\/\/culturaliagz.com\/wp-content\/uploads\/2025\/08\/Yofre-Brito.jpg 828w, http:\/\/culturaliagz.com\/wp-content\/uploads\/2025\/08\/Yofre-Brito-480x452.jpg 480w\" sizes=\"auto, (min-width: 0px) and (max-width: 480px) 480px, (min-width: 481px) 828px, 100vw\" \/><\/a><\/figure>\n<\/figure>\n\n\n\n<p class=\"has-text-align-justify\"><br><\/p>\n\n\n\n<p><strong>AXENDA NOIA HARP FEST | VENRES 1 DE AGOSTO 2025&nbsp;<\/strong><br><br><strong>19.00h | Igrexa Museo Santa Mar\u00eda A Nova<\/strong><br>Noelia Cotuna<br><strong><br>21.00h | Teatro Coliseo Noela<\/strong><br>Rebecca Hill &amp; Charlie Stewart<br>Yofre Brito Rivera<\/p>\n\n\n\n<p><\/p>\n\n\n\n<p><\/p>\n\n\n<a href=\"http:\/\/culturaliagz.com\/wp-content\/uploads\/2025\/08\/20250731-Axenda-NHF-venres-1.pdf\" class=\"pdfemb-viewer\" style=\"\" data-width=\"max\" data-height=\"max\" data-toolbar=\"bottom\" data-toolbar-fixed=\"off\">20250731-Axenda-NHF-venres-1<\/a>","protected":false},"excerpt":{"rendered":"<p>A Igrexa Museo Santa Mar\u00eda A Nova e o Teatro Coliseo Noela acollen ma\u00f1\u00e1 venres,&nbsp;a partir das 19.00 horas, os tres concertos do d\u00eda, cuxa entrada \u00e9 gratu\u00edta O 12\u00ba [&hellip;]<\/p>\n","protected":false},"author":1,"featured_media":0,"comment_status":"open","ping_status":"open","sticky":false,"template":"","format":"standard","meta":{"_et_pb_use_builder":"","_et_pb_old_content":"","_et_gb_content_width":"","_jetpack_memberships_contains_paid_content":false,"footnotes":""},"categories":[23,7,6,57,1],"tags":[3081,3253,3259,3260,1155,3080,2348,3088],"class_list":["post-19194","post","type-post","status-publish","format-standard","hentry","category-autoresas","category-creacion","category-novas","category-outras-artes","category-xeral","tag-charlie-stewart","tag-concello-de-noia","tag-igrexa-museo-santa-maria-a-nova","tag-noelia-cotuna","tag-noia-harp-fest","tag-rebecca-hill","tag-teatro-coliseo-noela","tag-yofre-brito"],"jetpack_featured_media_url":"","jetpack_sharing_enabled":true,"_links":{"self":[{"href":"http:\/\/culturaliagz.com\/index.php?rest_route=\/wp\/v2\/posts\/19194","targetHints":{"allow":["GET"]}}],"collection":[{"href":"http:\/\/culturaliagz.com\/index.php?rest_route=\/wp\/v2\/posts"}],"about":[{"href":"http:\/\/culturaliagz.com\/index.php?rest_route=\/wp\/v2\/types\/post"}],"author":[{"embeddable":true,"href":"http:\/\/culturaliagz.com\/index.php?rest_route=\/wp\/v2\/users\/1"}],"replies":[{"embeddable":true,"href":"http:\/\/culturaliagz.com\/index.php?rest_route=%2Fwp%2Fv2%2Fcomments&post=19194"}],"version-history":[{"count":2,"href":"http:\/\/culturaliagz.com\/index.php?rest_route=\/wp\/v2\/posts\/19194\/revisions"}],"predecessor-version":[{"id":19205,"href":"http:\/\/culturaliagz.com\/index.php?rest_route=\/wp\/v2\/posts\/19194\/revisions\/19205"}],"wp:attachment":[{"href":"http:\/\/culturaliagz.com\/index.php?rest_route=%2Fwp%2Fv2%2Fmedia&parent=19194"}],"wp:term":[{"taxonomy":"category","embeddable":true,"href":"http:\/\/culturaliagz.com\/index.php?rest_route=%2Fwp%2Fv2%2Fcategories&post=19194"},{"taxonomy":"post_tag","embeddable":true,"href":"http:\/\/culturaliagz.com\/index.php?rest_route=%2Fwp%2Fv2%2Ftags&post=19194"}],"curies":[{"name":"wp","href":"https:\/\/api.w.org\/{rel}","templated":true}]}}