{"id":19189,"date":"2025-08-01T01:22:27","date_gmt":"2025-08-01T00:22:27","guid":{"rendered":"http:\/\/culturaliagz.com\/?p=19189"},"modified":"2025-08-01T01:22:30","modified_gmt":"2025-08-01T00:22:30","slug":"danza-no-claustro-continua-este-venres-a-sua-programacion-na-13a-edicion","status":"publish","type":"post","link":"http:\/\/culturaliagz.com\/?p=19189","title":{"rendered":"DANZA NO CLAUSTRO contin\u00faa este venres a s\u00faa programaci\u00f3n na 13\u00aa edici\u00f3n"},"content":{"rendered":"\n<p><\/p>\n\n\n\n<figure class=\"wp-block-image size-large\"><a href=\"http:\/\/culturaliagz.com\/wp-content\/uploads\/2025\/08\/DANI-HERNANDEZ-en-CORDOBA-DRONE-FOTO-MANU-LAGO-2-scaled.jpg\" target=\"_blank\" rel=\"noreferrer noopener\"><img loading=\"lazy\" decoding=\"async\" width=\"1024\" height=\"681\" src=\"http:\/\/culturaliagz.com\/wp-content\/uploads\/2025\/08\/DANI-HERNANDEZ-en-CORDOBA-DRONE-FOTO-MANU-LAGO-2-1024x681.jpg\" alt=\"\" class=\"wp-image-19190\" srcset=\"http:\/\/culturaliagz.com\/wp-content\/uploads\/2025\/08\/DANI-HERNANDEZ-en-CORDOBA-DRONE-FOTO-MANU-LAGO-2-980x652.jpg 980w, http:\/\/culturaliagz.com\/wp-content\/uploads\/2025\/08\/DANI-HERNANDEZ-en-CORDOBA-DRONE-FOTO-MANU-LAGO-2-480x319.jpg 480w\" sizes=\"auto, (min-width: 0px) and (max-width: 480px) 480px, (min-width: 481px) and (max-width: 980px) 980px, (min-width: 981px) 1024px, 100vw\" \/><\/a><\/figure>\n\n\n\n<p><\/p>\n\n\n\n<p><\/p>\n\n\n\n<p><strong><br>1 AGOSTO<\/strong><\/p>\n\n\n\n<p>20h: Actuaci\u00f3n no Claustro de Santo Estevo de Ribas de Sil en Nogueira de Ramu\u00edn.<\/p>\n\n\n\n<p><strong>2 AGOSTO<\/strong><\/p>\n\n\n\n<p>11.30h: Conversas Ciclo Entre Formas e Palabras, en Xunqueira de Espadanedo.<\/p>\n\n\n\n<p>20h: Actuaci\u00f3n Claustro de Santa Mar\u00eda de Mel\u00f3n.<\/p>\n\n\n\n<p><strong>3 AGOSTO<\/strong><\/p>\n\n\n\n<p>20h: Actuaci\u00f3n&nbsp;Claustro de Santa Mar\u00eda de Xunqueira de Espadanedo.&nbsp;<\/p>\n\n\n\n<p>22h: Bocados de Danza no Claustro &#8211; Pinchos organizados pola Comisi\u00f3n de Festas de Xunqueira.<\/p>\n\n\n\n<p><strong>Actuaci\u00f3n e a conversa &#8211;&nbsp;&nbsp;Entrada Libre ata completar aforo.&nbsp;<\/strong><\/p>\n\n\n\n<p><strong>Artistas convidados e convidadas:<\/strong><\/p>\n\n\n\n<p>WILLIAM RETANA e SHARIFA KARIMAH \/ COSTA RICA<\/p>\n\n\n\n<p>NURIA SOTELO \/ GALICIA<\/p>\n\n\n\n<p>ALBA FERN\u00c1NDEZ COTELO \/ GALICIA<\/p>\n\n\n\n<p>DANI HERN\u00c1NDEZ \/ BILBAO<\/p>\n\n\n\n<p>KIKO L\u00d3PEZ \/ COMUNIDADE VALENCIANA- RED ACIELO ABIERTO<\/p>\n\n\n\n<p>MARCIA V\u00c1ZQUEZ \/ GALICIA<\/p>\n\n\n\n<p>ARNAU P\u00c9REZ\u00a0\u00a0e JER\u00d3NIMO RUIZ \/ CATALU\u00d1A &#8211; RED ACIELO ABIERTO<\/p>\n\n\n\n<p><\/p>\n\n\n\n<p><\/p>\n\n\n\n<figure class=\"wp-block-image size-large\"><a href=\"http:\/\/culturaliagz.com\/wp-content\/uploads\/2025\/08\/DANI-HERNANDEZ-en-CORDOBA-DRONE-FOTO-MANU-LAGO-scaled.jpg\" target=\"_blank\" rel=\"noreferrer noopener\"><img loading=\"lazy\" decoding=\"async\" width=\"1024\" height=\"681\" src=\"http:\/\/culturaliagz.com\/wp-content\/uploads\/2025\/08\/DANI-HERNANDEZ-en-CORDOBA-DRONE-FOTO-MANU-LAGO-1024x681.jpg\" alt=\"\" class=\"wp-image-19191\" srcset=\"http:\/\/culturaliagz.com\/wp-content\/uploads\/2025\/08\/DANI-HERNANDEZ-en-CORDOBA-DRONE-FOTO-MANU-LAGO-980x652.jpg 980w, http:\/\/culturaliagz.com\/wp-content\/uploads\/2025\/08\/DANI-HERNANDEZ-en-CORDOBA-DRONE-FOTO-MANU-LAGO-480x319.jpg 480w\" sizes=\"auto, (min-width: 0px) and (max-width: 480px) 480px, (min-width: 481px) and (max-width: 980px) 980px, (min-width: 981px) 1024px, 100vw\" \/><\/a><\/figure>\n\n\n\n<p><\/p>\n\n\n\n<p><\/p>\n\n\n\n<p class=\"has-text-align-justify\"><strong>Danza no Claustro \u00e9 un proxecto&nbsp;<\/strong>da Plataforma Cultural S\u00f3LODOS. Paisaxes cheas de historia e singularidade da provincia de Ourense son o contexto para que artistas internacionais e locais, xunto coas comunidades, constr\u00faan un proxecto cultural en com\u00fan. Os artistas tras un proceso de creaci\u00f3n e investigaci\u00f3n art\u00edstica nos diferentes claustros e espazos, realizan unha exhibici\u00f3n do seu traballo creativo.&nbsp;A danza como motor cultural que potencia a historia do lugar, a s\u00faa xente, a s\u00faa beleza, a s\u00faa singularidade&#8230;Un xeito diferente de mirar a arquitectura e o patrimonio hist\u00f3rico a trav\u00e9s do baile, do movemento.<\/p>\n\n\n\n<p><strong>Alg\u00fans datos de Danza no Claustro:<\/strong><\/p>\n\n\n\n<ul class=\"wp-block-list\">\n<li>Coa celebraci\u00f3n da 13\u00aa edici\u00f3n Danza no Claustro, \u00e9 o festival de danza m\u00e1is lonxevo de Galicia.<\/li>\n\n\n\n<li>Formaron parte do programa, nestes 13 anos, artistas de 12 pa\u00edses diferentes.<\/li>\n\n\n\n<li>Danza no Claustro forma parte da Red Acieloabierto, rede de festivais de danza en espazos non convencionais, dende 2021.&nbsp;<\/li>\n\n\n\n<li>Desde 2021 a firma Adolfo Dom\u00ednguez viste \u00e1s e os artistas para as funci\u00f3ns no festival.<\/li>\n\n\n\n<li>Do 2013 ao 2019 naceu e celebrouse no Claustro de San Francisco de Ourense. No 2021 se extende a Xunqueira de Espadanedo e do 2022 ata a actualidade l\u00e9vase a cabo nos tres claustro actuais. No 2024 A Casa Vella al\u00edase co proxecto propo\u00f1endo unha extensi\u00f3n no seu Ciclo de Artes Vivas e Mediaci\u00f3n.<\/li>\n<\/ul>\n\n\n\n<p class=\"has-text-align-justify\"><strong>ORGANIZA: S\u00f3LODOS. DIRECCI\u00d3N:&nbsp;<\/strong>Erick Jim\u00e9nez e Maruxa Salas<strong>. PRODUCI\u00d3N:&nbsp;<\/strong>V\u00edctor L\u00f3pez Carbajales.<strong>&nbsp;VESTiARIO:&nbsp;<\/strong>Adolfo Dom\u00ednguez.<strong>&nbsp;FOTO e V\u00cdDEO:&nbsp;<\/strong>Fotograf\u00eda Salas.&nbsp;<strong>COA AXUDA DE:&nbsp;<\/strong>INAEM &#8211; Ministerio de Cultura, Deputaci\u00f3n de Ourense, Xunta de Galicia a trav\u00e9s da AGADIC.&nbsp;<strong>COLABORA:&nbsp;<\/strong>Concello de Xunqueira de Espadanedo, Concello de Nogueira de Ramu\u00edn, Parador de Santo Estevo, Concello de Mel\u00f3n, Red Acieloabierto, Adolfo Dominguez, A Casa Vella e Taller Nacional de Danza de Costa Rica.<\/p>\n\n\n\n<p><a href=\"http:\/\/www.danzanoclaustro.com\/\" target=\"_blank\" rel=\"noreferrer noopener\"><strong>www.danzanoclaustro.com<\/strong><\/a><\/p>\n\n\n\n<p><\/p>\n\n\n\n<p><\/p>\n\n\n<a href=\"http:\/\/culturaliagz.com\/wp-content\/uploads\/2025\/08\/DANZA-NO-CLAUSTRO-2025-OK.pdf\" class=\"pdfemb-viewer\" style=\"\" data-width=\"max\" data-height=\"max\" data-toolbar=\"bottom\" data-toolbar-fixed=\"off\">DANZA-NO-CLAUSTRO-2025-OK<\/a>","protected":false},"excerpt":{"rendered":"<p>1 AGOSTO 20h: Actuaci\u00f3n no Claustro de Santo Estevo de Ribas de Sil en Nogueira de Ramu\u00edn. 2 AGOSTO 11.30h: Conversas Ciclo Entre Formas e Palabras, en Xunqueira de Espadanedo. [&hellip;]<\/p>\n","protected":false},"author":1,"featured_media":0,"comment_status":"open","ping_status":"open","sticky":false,"template":"","format":"standard","meta":{"_et_pb_use_builder":"","_et_pb_old_content":"","_et_gb_content_width":"","_jetpack_memberships_contains_paid_content":false,"footnotes":""},"categories":[23,7,6,57,1],"tags":[2417,3242],"class_list":["post-19189","post","type-post","status-publish","format-standard","hentry","category-autoresas","category-creacion","category-novas","category-outras-artes","category-xeral","tag-danza-no-claustro","tag-solodos"],"jetpack_featured_media_url":"","jetpack_sharing_enabled":true,"_links":{"self":[{"href":"http:\/\/culturaliagz.com\/index.php?rest_route=\/wp\/v2\/posts\/19189","targetHints":{"allow":["GET"]}}],"collection":[{"href":"http:\/\/culturaliagz.com\/index.php?rest_route=\/wp\/v2\/posts"}],"about":[{"href":"http:\/\/culturaliagz.com\/index.php?rest_route=\/wp\/v2\/types\/post"}],"author":[{"embeddable":true,"href":"http:\/\/culturaliagz.com\/index.php?rest_route=\/wp\/v2\/users\/1"}],"replies":[{"embeddable":true,"href":"http:\/\/culturaliagz.com\/index.php?rest_route=%2Fwp%2Fv2%2Fcomments&post=19189"}],"version-history":[{"count":1,"href":"http:\/\/culturaliagz.com\/index.php?rest_route=\/wp\/v2\/posts\/19189\/revisions"}],"predecessor-version":[{"id":19193,"href":"http:\/\/culturaliagz.com\/index.php?rest_route=\/wp\/v2\/posts\/19189\/revisions\/19193"}],"wp:attachment":[{"href":"http:\/\/culturaliagz.com\/index.php?rest_route=%2Fwp%2Fv2%2Fmedia&parent=19189"}],"wp:term":[{"taxonomy":"category","embeddable":true,"href":"http:\/\/culturaliagz.com\/index.php?rest_route=%2Fwp%2Fv2%2Fcategories&post=19189"},{"taxonomy":"post_tag","embeddable":true,"href":"http:\/\/culturaliagz.com\/index.php?rest_route=%2Fwp%2Fv2%2Ftags&post=19189"}],"curies":[{"name":"wp","href":"https:\/\/api.w.org\/{rel}","templated":true}]}}