{"id":19181,"date":"2025-07-30T21:20:28","date_gmt":"2025-07-30T20:20:28","guid":{"rendered":"http:\/\/culturaliagz.com\/?p=19181"},"modified":"2025-07-30T21:26:30","modified_gmt":"2025-07-30T20:26:30","slug":"exposicion-retrospectiva-con-oleos-de-pepe-lafuente-na-casa-da-cultura-de-vilalba","status":"publish","type":"post","link":"http:\/\/culturaliagz.com\/?p=19181","title":{"rendered":"Exposici\u00f3n RETROSPECTIVA, con \u00f3leos de Pepe Lafuente, na Casa da Cultura de Vilalba"},"content":{"rendered":"\n<p><\/p>\n\n\n\n<figure class=\"wp-block-image size-full\"><a href=\"http:\/\/culturaliagz.com\/wp-content\/uploads\/2025\/07\/CARTAZ-EXPO-PEPE-LAGUENTE.jpg\" target=\"_blank\" rel=\"noreferrer noopener\"><img loading=\"lazy\" decoding=\"async\" width=\"1414\" height=\"2000\" src=\"http:\/\/culturaliagz.com\/wp-content\/uploads\/2025\/07\/CARTAZ-EXPO-PEPE-LAGUENTE.jpg\" alt=\"\" class=\"wp-image-19182\" srcset=\"http:\/\/culturaliagz.com\/wp-content\/uploads\/2025\/07\/CARTAZ-EXPO-PEPE-LAGUENTE.jpg 1414w, http:\/\/culturaliagz.com\/wp-content\/uploads\/2025\/07\/CARTAZ-EXPO-PEPE-LAGUENTE-1280x1810.jpg 1280w, http:\/\/culturaliagz.com\/wp-content\/uploads\/2025\/07\/CARTAZ-EXPO-PEPE-LAGUENTE-980x1386.jpg 980w, http:\/\/culturaliagz.com\/wp-content\/uploads\/2025\/07\/CARTAZ-EXPO-PEPE-LAGUENTE-480x679.jpg 480w\" sizes=\"auto, (min-width: 0px) and (max-width: 480px) 480px, (min-width: 481px) and (max-width: 980px) 980px, (min-width: 981px) and (max-width: 1280px) 1280px, (min-width: 1281px) 1414px, 100vw\" \/><\/a><\/figure>\n\n\n\n<p><\/p>\n\n\n\n<p><\/p>\n\n\n\n<p><\/p>\n\n\n\n<p class=\"has-text-align-justify\" style=\"font-size:16px\">O <a href=\"https:\/\/estudoschairegos.gal\/\" target=\"_blank\" rel=\"noreferrer noopener\">Instituto de Estudos Chairegos (IESCHA)<\/a>, coa colaboraci\u00f3n co Concello de Vilalba, organiza a <a href=\"https:\/\/estudoschairegos.gal\/exposicion-retrospectiva-oleos-de-pepe-lafuente-apertura-venres-1-de-agosto-de-2025-as-2030-h-na-casa-da-cultura-de-vilalba\/\" target=\"_blank\" rel=\"noreferrer noopener\">EXPOSICI\u00d3N<strong>&nbsp;&nbsp;RETROSPECTIVA,<\/strong> <strong>con \u00f3leos de PEPE LAFUENTE<\/strong><\/a><strong>.<\/strong><\/p>\n\n\n\n<p class=\"has-text-align-justify\" style=\"font-size:16px\">O acto apertura da mesma ter\u00e1 lugar o&nbsp;<strong>venres 1 de agosto de 2025, \u00e1s 20:30 horas<\/strong>, na&nbsp;<strong>CASA DA CULTURA DE VILALBA<\/strong>.<\/p>\n\n\n\n<p class=\"has-text-align-justify\" style=\"font-size:16px\">A mostra permanecer\u00e1 aberta ao p\u00fablico, no horario establecido da Casa da Cultura, ata o&nbsp;<strong>3 de setembro de 2025.<\/strong><\/p>\n\n\n\n<p class=\"has-text-align-justify\" style=\"font-size:16px\">Esta exposici\u00f3n forma parte dos actos programados polo Iescha para as vindeiras&nbsp;<strong>Festas de Vilalba\u20192025<\/strong>, e dos que se dar\u00e1 conta oportunamente.<\/p>\n\n\n\n<p style=\"font-size:16px\"><\/p>\n\n\n\n<p><\/p>\n\n\n<a href=\"http:\/\/culturaliagz.com\/wp-content\/uploads\/2025\/07\/NOTA-INFORMATIVA-EXPO-LAFUENTE.pdf\" class=\"pdfemb-viewer\" style=\"\" data-width=\"max\" data-height=\"max\" data-toolbar=\"bottom\" data-toolbar-fixed=\"off\">NOTA-INFORMATIVA-EXPO-LAFUENTE<\/a>","protected":false},"excerpt":{"rendered":"<p>O Instituto de Estudos Chairegos (IESCHA), coa colaboraci\u00f3n co Concello de Vilalba, organiza a EXPOSICI\u00d3N&nbsp;&nbsp;RETROSPECTIVA, con \u00f3leos de PEPE LAFUENTE. O acto apertura da mesma ter\u00e1 lugar o&nbsp;venres 1 de [&hellip;]<\/p>\n","protected":false},"author":1,"featured_media":0,"comment_status":"open","ping_status":"open","sticky":false,"template":"","format":"standard","meta":{"_et_pb_use_builder":"","_et_pb_old_content":"","_et_gb_content_width":"","_jetpack_memberships_contains_paid_content":false,"footnotes":""},"categories":[23,7,6,57,1],"tags":[220,30,3258,234,3256,3257],"class_list":["post-19181","post","type-post","status-publish","format-standard","hentry","category-autoresas","category-creacion","category-novas","category-outras-artes","category-xeral","tag-casa-da-cultura-de-vilalba","tag-concello-de-vilalba","tag-festas-de-vilalba2025","tag-iescha","tag-pepe-lafuente","tag-retrospectiva"],"jetpack_featured_media_url":"","jetpack_sharing_enabled":true,"_links":{"self":[{"href":"http:\/\/culturaliagz.com\/index.php?rest_route=\/wp\/v2\/posts\/19181","targetHints":{"allow":["GET"]}}],"collection":[{"href":"http:\/\/culturaliagz.com\/index.php?rest_route=\/wp\/v2\/posts"}],"about":[{"href":"http:\/\/culturaliagz.com\/index.php?rest_route=\/wp\/v2\/types\/post"}],"author":[{"embeddable":true,"href":"http:\/\/culturaliagz.com\/index.php?rest_route=\/wp\/v2\/users\/1"}],"replies":[{"embeddable":true,"href":"http:\/\/culturaliagz.com\/index.php?rest_route=%2Fwp%2Fv2%2Fcomments&post=19181"}],"version-history":[{"count":4,"href":"http:\/\/culturaliagz.com\/index.php?rest_route=\/wp\/v2\/posts\/19181\/revisions"}],"predecessor-version":[{"id":19188,"href":"http:\/\/culturaliagz.com\/index.php?rest_route=\/wp\/v2\/posts\/19181\/revisions\/19188"}],"wp:attachment":[{"href":"http:\/\/culturaliagz.com\/index.php?rest_route=%2Fwp%2Fv2%2Fmedia&parent=19181"}],"wp:term":[{"taxonomy":"category","embeddable":true,"href":"http:\/\/culturaliagz.com\/index.php?rest_route=%2Fwp%2Fv2%2Fcategories&post=19181"},{"taxonomy":"post_tag","embeddable":true,"href":"http:\/\/culturaliagz.com\/index.php?rest_route=%2Fwp%2Fv2%2Ftags&post=19181"}],"curies":[{"name":"wp","href":"https:\/\/api.w.org\/{rel}","templated":true}]}}