{"id":19131,"date":"2025-07-24T01:06:54","date_gmt":"2025-07-24T00:06:54","guid":{"rendered":"http:\/\/culturaliagz.com\/?p=19131"},"modified":"2025-07-24T01:19:12","modified_gmt":"2025-07-24T00:19:12","slug":"o-festival-sinsal-son-estrella-galicia-ofrecera-desde-o-venres-25-en-san-simon-o-debut-de-17-bandas-e-solistas-en-territorio-galego","status":"publish","type":"post","link":"http:\/\/culturaliagz.com\/?p=19131","title":{"rendered":"O Festival Sinsal SON Estrella Galicia ofrecer\u00e1, desde o venres 25 en San Sim\u00f3n, o debut\u00a0de 17 bandas e solistas en territorio galego"},"content":{"rendered":"\n<p><\/p>\n\n\n\n<figure class=\"wp-block-image size-full\"><a href=\"http:\/\/culturaliagz.com\/wp-content\/uploads\/2025\/07\/SS25_grellas_actividades_sinsalsenrastro_page-0001.jpg\" target=\"_blank\" rel=\"noreferrer noopener\"><img loading=\"lazy\" decoding=\"async\" width=\"1241\" height=\"1754\" src=\"http:\/\/culturaliagz.com\/wp-content\/uploads\/2025\/07\/SS25_grellas_actividades_sinsalsenrastro_page-0001.jpg\" alt=\"\" class=\"wp-image-19140\" srcset=\"http:\/\/culturaliagz.com\/wp-content\/uploads\/2025\/07\/SS25_grellas_actividades_sinsalsenrastro_page-0001.jpg 1241w, http:\/\/culturaliagz.com\/wp-content\/uploads\/2025\/07\/SS25_grellas_actividades_sinsalsenrastro_page-0001-980x1385.jpg 980w, http:\/\/culturaliagz.com\/wp-content\/uploads\/2025\/07\/SS25_grellas_actividades_sinsalsenrastro_page-0001-480x678.jpg 480w\" sizes=\"auto, (min-width: 0px) and (max-width: 480px) 480px, (min-width: 481px) and (max-width: 980px) 980px, (min-width: 981px) 1241px, 100vw\" \/><\/a><\/figure>\n\n\n\n<p><\/p>\n\n\n\n<p><\/p>\n\n\n\n<p><\/p>\n\n\n\n<p><\/p>\n\n\n\n<p class=\"has-text-align-justify\"><strong>M\u00e1is de 30 formaci\u00f3ns de Angola, Arxentina, Austria, Bulgaria, Cabo Verde, Corea do Sul, Francia, Espa\u00f1a, Indonesia, Xap\u00f3n, Marrocos, Portugal, Reino Unido, Somalilandia, Suecia, Tunes e Uganda formar\u00e1n parte do cartel, que \u00e9 secreto para o p\u00fablico ata que desembarca na illa<\/strong><strong>As m\u00fasicas de ra\u00edz e de renovaci\u00f3n da tradici\u00f3n,&nbsp;<\/strong><strong>psicodelia, soul, afrohouse,electr\u00f3nica, pop, experimental, kraut rock ou after punk ser\u00e1n alg\u00fans dos estilos que se poidan escoitar&nbsp;<\/strong><strong>durante as tres xornadas de directos, para as que non quedan entradas dispo\u00f1ibles<\/strong><strong>En paralelo \u00e1 programaci\u00f3n de concertos, e aproveitando o horario diurno nun espacio \u00fanico, desenvolverase un festival cultural ateigado de actividades con microconcertos ac\u00fasticos, obradoiros familiares,&nbsp; demostraci\u00f3ns de coci\u00f1a con produtos de proximidade ou visitas guiadas para descubrir o patrimonio hist\u00f3rico, cultural e natural da illa<\/strong><\/p>\n\n\n\n<p><strong>Sinsal convidar\u00e1 de novo a que o p\u00fablico sexa responsable e consciente coa xesti\u00f3n&nbsp;<\/strong><strong>dos seus residuos e, ademais de inhabilitar as papeleiras na illa, convidar\u00e1 a facer uso&nbsp;<\/strong><strong>do \u201ckit festivaleiro\u201d con cuberter\u00eda reutilizable<\/strong><\/p>\n\n\n\n<p><\/p>\n\n\n\n<p><\/p>\n\n\n\n<p class=\"has-text-align-justify\">O Festival Sinsal SON Estrella Galicia celebrar\u00e1 a s\u00faa 23\u00aa edici\u00f3n desde este venres 25 e at\u00e9 o domingo 27 de xullo na illa de San Sim\u00f3n (Redondela). O festival do cartel secreto volver\u00e1 ofrecer, ao longo de tres xornadas, no coraz\u00f3n das R\u00edas Baixas, unha pequena mostra da creaci\u00f3n musical contempor\u00e1nea m\u00e1is estimulante que se est\u00e1 producir na escena mundial. A diversidade estil\u00edstica, o protagonismo de proxectos liderados por mulleres, a programaci\u00f3n de grupos que act\u00faan por primeira vez en Galicia e un fondo compromiso social e ambiental, al\u00e9n dun&nbsp;<em>line up&nbsp;<\/em>que o p\u00fablico s\u00f3 descubre ao desembarcar, volver\u00e1n ser os sinais de identidade dun festival \u00fanico no panorama estatal.<br><br>M\u00e1is de 30 formaci\u00f3ns chegadas de Angola, Arxentina, Austria, Bulgaria, Cabo Verde, Corea do Sul, Francia, Espa\u00f1a, Indonesia, Xap\u00f3n, Marrocos, Portugal, Reino Unido, Somalilandia, Suecia, Tunes e Uganda compartir\u00e1n moito m\u00e1is que unha grella de programaci\u00f3n. Esta fin de semana ser\u00e1n parte dun festival cuxa cabeza de cartel \u00e9 a s\u00faa excepcional localizaci\u00f3n: a illa de San Sim\u00f3n, declarada Ben de Interese Cultural (BIC).&nbsp;<\/p>\n\n\n\n<p class=\"has-text-align-justify\">A programaci\u00f3n do Sinsal 2025 contar\u00e1 con 17 debuts de bandas e solistas en Galicia, das cales unha ducia ofrecer\u00e1, ademais, a s\u00faa estrea a nivel estatal na r\u00eda de Vigo. Durante tres d\u00edas, o p\u00fablico poder\u00e1 mergullarse e gozar de ata 36 directos e sesi\u00f3ns, con postas en escena moi diferentes entre si, ao transitar polos distintos escenarios da illa: aos catro oficiais e reco\u00f1ecibles para as asistentes habituais do evento -San Sim\u00f3n SON Estrella Galicia, Buxos FEST Galicia, Santo Ant\u00f3n Rock\u2019n\u2019Roll e Malmequeres-, uniranse nesta ocasi\u00f3n outros dous alternativos liderados por formaci\u00f3ns locais.&nbsp;<\/p>\n\n\n\n<p class=\"has-text-align-justify\">Estilos comosoul, afrohouse, koduro, electr\u00f3nica, pop, experimental, kraut rock ou after punk, entre outros moitos, citaranse desde o mediod\u00eda e at\u00e9 o solpor no arquip\u00e9lago conformado por San Sim\u00f3n e Santo Ant\u00f3n. Ademais, tal e como \u00e9 habitual no festival, non faltar\u00e1n na programaci\u00f3n as propostas m\u00e1is suxestivas e singulares que revisan e reinterpretan a tradici\u00f3n&nbsp;dos seus lugares de orixe.&nbsp;<\/p>\n\n\n\n<p><strong><br>Un festival cultural paralelo aos directos<\/strong><\/p>\n\n\n\n<p class=\"has-text-align-justify\">De xeito paralelo aos concertos, e aproveitando a celebraci\u00f3n do evento en horario diurno, Sinsal ofrecer\u00e1 unha ampla programaci\u00f3n de actividades culturais, unha sorte de festival cultural que se desenvolver\u00e1 desde o momento no que as e os asistentes desembarquen. As iniciativas est\u00e1n dirixidas a todo tipo de p\u00fablicos e enm\u00e1rcanse nas secci\u00f3ns&nbsp;<strong>A Escola Sinsal, Descubre San Sim\u00f3n<\/strong>&nbsp;e&nbsp;<strong>A coci\u00f1a Sinsal.<\/strong>&nbsp;&nbsp;<\/p>\n\n\n\n<p><\/p>\n\n\n\n<p><\/p>\n\n\n\n<figure class=\"wp-block-gallery has-nested-images columns-1 is-cropped wp-block-gallery-1 is-layout-flex wp-block-gallery-is-layout-flex\">\n<figure class=\"wp-block-image size-large\"><img loading=\"lazy\" decoding=\"async\" width=\"1024\" height=\"683\" data-id=\"19132\" src=\"http:\/\/culturaliagz.com\/wp-content\/uploads\/2025\/07\/20250723-Sinsal-Visita-institucional-San-Simon-\u00a9-elmembrillo-2-1024x683.jpg\" alt=\"\" class=\"wp-image-19132\" srcset=\"http:\/\/culturaliagz.com\/wp-content\/uploads\/2025\/07\/20250723-Sinsal-Visita-institucional-San-Simon-\u00a9-elmembrillo-2-1024x683.jpg 1024w, http:\/\/culturaliagz.com\/wp-content\/uploads\/2025\/07\/20250723-Sinsal-Visita-institucional-San-Simon-\u00a9-elmembrillo-2-300x200.jpg 300w, http:\/\/culturaliagz.com\/wp-content\/uploads\/2025\/07\/20250723-Sinsal-Visita-institucional-San-Simon-\u00a9-elmembrillo-2-768x512.jpg 768w, http:\/\/culturaliagz.com\/wp-content\/uploads\/2025\/07\/20250723-Sinsal-Visita-institucional-San-Simon-\u00a9-elmembrillo-2-1080x720.jpg 1080w, http:\/\/culturaliagz.com\/wp-content\/uploads\/2025\/07\/20250723-Sinsal-Visita-institucional-San-Simon-\u00a9-elmembrillo-2-1280x853.jpg 1280w, http:\/\/culturaliagz.com\/wp-content\/uploads\/2025\/07\/20250723-Sinsal-Visita-institucional-San-Simon-\u00a9-elmembrillo-2-980x653.jpg 980w, http:\/\/culturaliagz.com\/wp-content\/uploads\/2025\/07\/20250723-Sinsal-Visita-institucional-San-Simon-\u00a9-elmembrillo-2-480x320.jpg 480w, http:\/\/culturaliagz.com\/wp-content\/uploads\/2025\/07\/20250723-Sinsal-Visita-institucional-San-Simon-\u00a9-elmembrillo-2.jpg 1500w\" sizes=\"auto, (max-width: 1024px) 100vw, 1024px\" \/><\/figure>\n\n\n\n<figure class=\"wp-block-image size-large\"><a href=\"http:\/\/culturaliagz.com\/wp-content\/uploads\/2025\/07\/20250723-Sinsal-Visita-institucional-San-Simon-\u00a9-elmembrillo-1.jpg\" target=\"_blank\" rel=\"noreferrer noopener\"><img loading=\"lazy\" decoding=\"async\" width=\"1024\" height=\"683\" data-id=\"19134\" src=\"http:\/\/culturaliagz.com\/wp-content\/uploads\/2025\/07\/20250723-Sinsal-Visita-institucional-San-Simon-\u00a9-elmembrillo-1-1024x683.jpg\" alt=\"\" class=\"wp-image-19134\" srcset=\"http:\/\/culturaliagz.com\/wp-content\/uploads\/2025\/07\/20250723-Sinsal-Visita-institucional-San-Simon-\u00a9-elmembrillo-1-1024x683.jpg 1024w, http:\/\/culturaliagz.com\/wp-content\/uploads\/2025\/07\/20250723-Sinsal-Visita-institucional-San-Simon-\u00a9-elmembrillo-1-300x200.jpg 300w, http:\/\/culturaliagz.com\/wp-content\/uploads\/2025\/07\/20250723-Sinsal-Visita-institucional-San-Simon-\u00a9-elmembrillo-1-768x512.jpg 768w, http:\/\/culturaliagz.com\/wp-content\/uploads\/2025\/07\/20250723-Sinsal-Visita-institucional-San-Simon-\u00a9-elmembrillo-1-1080x720.jpg 1080w, http:\/\/culturaliagz.com\/wp-content\/uploads\/2025\/07\/20250723-Sinsal-Visita-institucional-San-Simon-\u00a9-elmembrillo-1-1280x853.jpg 1280w, http:\/\/culturaliagz.com\/wp-content\/uploads\/2025\/07\/20250723-Sinsal-Visita-institucional-San-Simon-\u00a9-elmembrillo-1-980x653.jpg 980w, http:\/\/culturaliagz.com\/wp-content\/uploads\/2025\/07\/20250723-Sinsal-Visita-institucional-San-Simon-\u00a9-elmembrillo-1-480x320.jpg 480w, http:\/\/culturaliagz.com\/wp-content\/uploads\/2025\/07\/20250723-Sinsal-Visita-institucional-San-Simon-\u00a9-elmembrillo-1.jpg 1500w\" sizes=\"auto, (max-width: 1024px) 100vw, 1024px\" \/><\/a><\/figure>\n\n\n\n<figure class=\"wp-block-image size-large\"><a href=\"http:\/\/culturaliagz.com\/wp-content\/uploads\/2025\/07\/20250723-Sinsal-Visita-institucional-San-Simon-\u00a9-elmembrillo-3.jpg\" target=\"_blank\" rel=\"noreferrer noopener\"><img loading=\"lazy\" decoding=\"async\" width=\"1024\" height=\"683\" data-id=\"19133\" src=\"http:\/\/culturaliagz.com\/wp-content\/uploads\/2025\/07\/20250723-Sinsal-Visita-institucional-San-Simon-\u00a9-elmembrillo-3-1024x683.jpg\" alt=\"\" class=\"wp-image-19133\" srcset=\"http:\/\/culturaliagz.com\/wp-content\/uploads\/2025\/07\/20250723-Sinsal-Visita-institucional-San-Simon-\u00a9-elmembrillo-3-1024x683.jpg 1024w, http:\/\/culturaliagz.com\/wp-content\/uploads\/2025\/07\/20250723-Sinsal-Visita-institucional-San-Simon-\u00a9-elmembrillo-3-300x200.jpg 300w, http:\/\/culturaliagz.com\/wp-content\/uploads\/2025\/07\/20250723-Sinsal-Visita-institucional-San-Simon-\u00a9-elmembrillo-3-768x512.jpg 768w, http:\/\/culturaliagz.com\/wp-content\/uploads\/2025\/07\/20250723-Sinsal-Visita-institucional-San-Simon-\u00a9-elmembrillo-3-1080x720.jpg 1080w, http:\/\/culturaliagz.com\/wp-content\/uploads\/2025\/07\/20250723-Sinsal-Visita-institucional-San-Simon-\u00a9-elmembrillo-3-1280x853.jpg 1280w, http:\/\/culturaliagz.com\/wp-content\/uploads\/2025\/07\/20250723-Sinsal-Visita-institucional-San-Simon-\u00a9-elmembrillo-3-980x653.jpg 980w, http:\/\/culturaliagz.com\/wp-content\/uploads\/2025\/07\/20250723-Sinsal-Visita-institucional-San-Simon-\u00a9-elmembrillo-3-480x320.jpg 480w, http:\/\/culturaliagz.com\/wp-content\/uploads\/2025\/07\/20250723-Sinsal-Visita-institucional-San-Simon-\u00a9-elmembrillo-3.jpg 1500w\" sizes=\"auto, (max-width: 1024px) 100vw, 1024px\" \/><\/a><\/figure>\n<\/figure>\n\n\n\n<p><\/p>\n\n\n\n<p><\/p>\n\n\n\n<p class=\"has-text-align-justify\">A actividade que inaugurar\u00e1 a programaci\u00f3n musical de cada xornada ser\u00e1<em>&nbsp;<\/em><a href=\"https:\/\/festival.sins.al\/gl\/festival\/sinsal-son-estrella-galicia-2025\/a-escola-sinsal#audicions-malmequeres\" target=\"_blank\" rel=\"noreferrer noopener\"><strong><em>Audici\u00f3ns Malmequeres<\/em><\/strong><\/a>, unha serie de sesi\u00f3ns nas que se que recuperar\u00e1n arquivos e colecci\u00f3ns sonoras dos anos 80 e 90 da man das convidadas Chus Taboada e Eva Izquierdo (Voces de Ultratumba), Marco Maril (Apenino) e o d\u00fao radiof\u00f3nico conformado por Isabel D\u00edaz e Pedro Bl\u00e1zquez (RNE, Cadena SER). Estas audici\u00f3ns p\u00fablicas forman parte&nbsp;<strong>d\u2019A Escola Sinsal,<\/strong>&nbsp;o proxecto educativo e de investigaci\u00f3n do festival Sinsal que promove a divulgaci\u00f3n do rexistro sonoro desde a antig\u00fcidade at\u00e9 os nosos d\u00edas.<br><br>Desta li\u00f1a tam\u00e9n agroman propostas como a&nbsp;<a href=\"https:\/\/festival.sins.al\/gl\/novas\/131\/mercedes-marino-ana-kiro-e-reveriano-soutullo-incorporanse-a-mostra-da-escola-sinsal\" target=\"_blank\" rel=\"noreferrer noopener\"><strong><em>Exposici\u00f3n de c\u00f3mic A Escola Sinsal: A historia da m\u00fasica gravada en Galicia<\/em><\/strong><\/a>, que este ano se exhibir\u00e1 a ceo aberto. Da man de 16 debuxantes, o p\u00fablico poder\u00e1 co\u00f1ecer outras tantas figuras chave da memoria sonora galega. As\u00ed, se no 2024 Sinsal presentaba a&nbsp;Domingo Mart\u00ednez de Presa (debuxado por Emma Roulette), Severino P\u00e9rez y V\u00e1zquez (Bego\u00f1a Garc\u00eda-Al\u00e9n), Andr\u00e9s Avelino Comerma (Santi Zubizarreta), Emilia Pardo Baz\u00e1n (Mar Mascar\u00f3), Enrique Labarta Pose (Marta Cartu), Maruja Boga (RAPAPAWN), Pedro Ferrer (Andr\u00e9s Mag\u00e1n) e os irm\u00e1ns Portela Seijo (Pepa Prieto Puy); este ano s\u00famanse&nbsp;Amando Hermida (Carlos G. Boy), Ana Kiro (Luis Yang), Eloy Luis Andr\u00e9 (David Gonz\u00e1lez L\u00f3pez), Ernesto Lecuona (Paula Guerrero), Fina Galicia (Mar\u00eda Ramos), Manuel Mir\u00e1s (Nico Ben), Mercedes Mari\u00f1o (Julia Lago) e Reveriano Soutullo (Paw Salc\u00e9s).&nbsp;<\/p>\n\n\n\n<p class=\"has-text-align-justify\">Ademais, no marco&nbsp; d\u2019A Escola Sinsal, a cafetar\u00eda da illa acoller\u00e1 d\u00faas propostas que supor\u00e1n unha viaxe \u00e1&nbsp;<strong>memoria sonora de hai cen anos<\/strong>. Por unha banda, as hipn\u00f3ticas&nbsp;<a target=\"_blank\" href=\"https:\/\/festival.sins.al\/gl\/festival\/sinsal-son-estrella-galicia-2025\/a-escola-sinsal#sesions-san-simon\" rel=\"noreferrer noopener\"><strong><em>Sesi\u00f3ns San Sim\u00f3n con Aleksander Kolkowski<\/em><\/strong>.<\/a>&nbsp;Todas as xornadas o p\u00fablico poder\u00e1 asistir \u00e1s gravaci\u00f3ns en cilindros fonogr\u00e1ficos -rexistro dunha canci\u00f3n, duns dous minutos, nun cilindro de cera- nas que participar\u00e1n as bandas e solistas do Sinsal. O resultado das mesmas&nbsp;<a target=\"_blank\" href=\"https:\/\/festival.sins.al\/gl\/festival\/sinsal-son-estrella-galicia-2025\/sesions-san-simon\" rel=\"noreferrer noopener\">poderase&nbsp; escoitar e ver na web do festival<\/a>.<br><br>Pola outra, ser\u00e1 o escenario dos&nbsp;<a target=\"_blank\" href=\"https:\/\/festival.sins.al\/gl\/novas\/129\/a-escola-sinsal-levara-a-san-simon-as-musicas-dos-cafes-e-dos-actos-sociais-da-primeira-metade-do-seculo-xx-en-galicia\" rel=\"noreferrer noopener\"><strong>microconcertos ac\u00fasticos<\/strong>&nbsp;<strong>da Orquesta Cl\u00e1sica de Vigo<\/strong><\/a>. Se ben o venres 25, e a trav\u00e9s dun sexteto de caf\u00e9, a formaci\u00f3n evocar\u00e1 un ins\u00f3lito filme galego de vangarda<em>&nbsp;(<\/em><strong><em>Canto de emigraci\u00f3n<\/em><\/strong>, do ourens\u00e1n Tony Rom\u00e1n) do que se conservan vestixios e a partitura de Te\u00f3dulo R. P\u00e1ramo; os d\u00edas 26 e 27&nbsp; as protagonistas ser\u00e1n as&nbsp;<strong>m\u00fasicas de caf\u00e9s, bailes e verbenas&nbsp;<\/strong>que tiveron en lugar en Galicia na primeira metade do s\u00e9culo XX. Neste caso, a intenci\u00f3n \u00e9 d\u2019a Escola Sinsal \u00e9 po\u00f1er en valor o papel dos instrumentistas an\u00f3nimos que levaban os sons e os ritmos a todos os recunchos do pa\u00eds&nbsp; antes da popularizaci\u00f3n da m\u00fasica gravada.<\/p>\n\n\n\n<p class=\"has-text-align-justify\">A segunda das li\u00f1as de actividades paralelas \u00e9<strong>&nbsp;Descubre San Sim\u00f3n<\/strong>, serie de iniciativas dese\u00f1adas para dar a co\u00f1ecer o patrimonio natural, cultural e hist\u00f3rico da illa. Comeza co itinerario que d\u00e1 nome \u00e1 secci\u00f3n,&nbsp;<a target=\"_blank\" href=\"https:\/\/festival.sins.al\/gl\/festival\/sinsal-son-estrella-galicia-2025\/descubre-san-simon#roteiro-descubre-san-simon\" rel=\"noreferrer noopener\">unroteiro independenteideado por Sinsalaudio para divulgar a memoria do arquip\u00e9lago<\/a>&nbsp;entre as e os asistentes ao festival. A trav\u00e9s de distintos paneis que se atopan espallados no territorio (e que cada un deles cont\u00e9n un c\u00f3digo QR con informaci\u00f3n en galego, espa\u00f1ol e ingl\u00e9s), danse a co\u00f1ecer sete historias ou episodios:&nbsp;<em>A roca de San Sim\u00f3n, Proxecto Trobadores, A avenida de Teruel, A paisaxe de Alejo Y\u00e1\u00f1ez Andrade, O aeroporto mar\u00edtimo de San Sim\u00f3n, A conexi\u00f3n de San Sim\u00f3n e o P\u00f3rtico da Gloria<\/em>&nbsp;e&nbsp;<em>A relaci\u00f3n de Reveriano Soutullo e Diego San Jos\u00e9 de la Torre coa illa de San Sim\u00f3n<\/em>.<br><br>Durante o festival organizaranse, ademais, d\u00faas visitas guiadas. O s\u00e1bado 26 ter\u00e1 lugar o paseo polo arquip\u00e9lago co investigador Xos\u00e9 Lois G. Fa\u00edlde, quen presentar\u00e1&nbsp;<a target=\"_blank\" href=\"https:\/\/festival.sins.al\/gl\/festival\/sinsal-son-estrella-galicia-2025\/descubre-san-simon#illario-pantasma\" rel=\"noreferrer noopener\"><strong><em>Illario pantasma<\/em><\/strong>,<\/a>&nbsp;un roteiro para co\u00f1ecer o corpo fitol\u00f3xico da paisaxe, a pegada difusa do imaxinario da escrita da illa e a xenealox\u00eda pol\u00edtica soterrada no lugar. De cara ao domingo 27, Sinsal contar\u00e1 coa colaboraci\u00f3n da&nbsp;<a target=\"_blank\" href=\"https:\/\/festival.sins.al\/gl\/festival\/sinsal-son-estrella-galicia-2025\/descubre-san-simon#andaina-con-amarturmar\" rel=\"noreferrer noopener\"><strong>asociaci\u00f3n de turismo mari\u00f1eiro Amarturmar.<\/strong><\/a>As e os integrantes da entidade presentar\u00e1n, a trav\u00e9s dunha andaina e ampla conversa, os recursos naturais e industriais da contorna da illa.<br><br>A \u00faltima das actividades desta \u00e1rea vinculada \u00e1 descuberta de San Sim\u00f3n \u00e9&nbsp;<a target=\"_blank\" href=\"https:\/\/festival.sins.al\/gl\/novas\/135\/sinsal-presenta-caderno-de-bitacora-un-obradoiro-creativo-para-dialogar-coa-paisaxe-de-san-simon\" rel=\"noreferrer noopener\"><strong><em>Caderno de Bit\u00e1cora<\/em><\/strong><strong>,<\/strong><\/a>&nbsp;un obradoiro impartido por Arte &amp; Garabato que pretende favorecer a exploraci\u00f3n de linguaxes art\u00edsticas a trav\u00e9s de espazos inclusivos e interxeracionais -ao ser unha actividade aberta a todas as idades, a partir dos 7 anos-. Neste taller crearase un libro obxecto a partir do percorrido que o p\u00fablico fai para chegar \u00e1 illa e as s\u00faas vivencias durante a estancia, o que lle permitir\u00e1 descubrir e rexistrar diferentes experiencias est\u00e9ticas a partir do valor paisax\u00edstico, patrimonial e hist\u00f3rico de San Sim\u00f3n.<\/p>\n\n\n\n<p class=\"has-text-align-justify\">FInalmente, neste 2025incorp\u00f3rase a li\u00f1a&nbsp;<a target=\"_blank\" href=\"https:\/\/festival.sins.al\/gl\/novas\/137\/o-festival-sinsal-pon-o-foco-na-sostibilidade-e-na-economia-circular-a-traves-da-cocina-sinsal\" rel=\"noreferrer noopener\"><strong>A coci\u00f1a Sinsal<\/strong><\/a>, que pretende por o foco na sostibilidade e na econom\u00eda circular da man de coci\u00f1eiras galegas, produtos de proximidade e empresas do pa\u00eds, coa intenci\u00f3n de&nbsp; loitar contra o desperdicio alimentario e reducir, \u00e1 vez, a pegada de carbono.&nbsp; O venres 25, Bego\u00f1a V\u00e1zquez dar\u00e1 a co\u00f1ecer, coa colaboraci\u00f3n de Aceites Abril, f\u00f3rmulas coas que reutilizar produtos humildes para crear pratos do d\u00eda a d\u00eda e da alta coci\u00f1a. O s\u00e1bado 26, Xes\u00fas Mazaira -propietario de Airas Moniz- convidar\u00e1 ao p\u00fablico a descubrir os segredos dos seus produtos acompa\u00f1ados da mel da Ribeira Sacra Puramel. Finalmente, o domingo 27, Ari\u00e1n Lorenzo -Ari\u00e1n Chef- far\u00e1 unha demostraci\u00f3n de coci\u00f1a vexetariana con produtos de mar proporcionados por Porto Mu\u00ed\u00f1os.<br><br>As actividades d<strong>\u2019a coci\u00f1a Sinsal<\/strong>&nbsp;completaranse cunha iniciativa especialmente a todas as familias que visitan San Sim\u00f3n durante o festival. O artista multidisciplinar galego Juanma LoDo impartir\u00e1<a target=\"_blank\" href=\"https:\/\/festival.sins.al\/gl\/novas\/138\/do-re-bip-un-obradoiro-familiar-para-descubrir-a-producion-musical-e-facer-musica-con-froitas-e-verdurinas\" rel=\"noreferrer noopener\"><strong><em>Do, re, Bip<\/em><\/strong><\/a><em>,<\/em>&nbsp;un obradoiro no que o p\u00fablico poder\u00e1 descubrir conceptos vinculados \u00e1 produci\u00f3n musical dixital e crear a s\u00faa propia m\u00fasica ao entrar en contacto con froitas e verduri\u00f1as. Este taller, pensado especialmente para as m\u00e1is pequenas, decorrer\u00e1 nas tardes do venres 25 e domingo 27.&nbsp;<br><br><strong>Sinsal, un evento \u201csen rastro\u201d<\/strong><br><br>Toda a actividade de Sinsal est\u00e1 atravesada por un firme&nbsp;<strong>compromiso coa sostibilidade<\/strong>, que no 2024 se transformou en&nbsp;<strong>#sinsalsenrastro<\/strong>, o novo modelo de xesti\u00f3n de residuos do evento baseado na teor\u00eda das tres R (reducir, reutilizar, reciclar). Para avanzar nesta intenci\u00f3n, Sinsalnon producir\u00e1 este ano vasos reutilizables coa identidade e programaci\u00f3n diaria do festival, obxecto facilmente identificable -e incluso de colecci\u00f3n- para o p\u00fablico sinsaleiro.<\/p>\n\n\n\n<p class=\"has-text-align-justify\">Esta medida \u00fanese as implantadas con anterioridade, como&nbsp;<strong>a eliminaci\u00f3n das papeleiras da illa<\/strong>&nbsp; ou a creaci\u00f3n do&nbsp;<strong>Punto R<\/strong>&nbsp;para informar sobre a correcta xesti\u00f3n dos residuos. Ademais, desde o ano pasado Sinsal tam\u00e9n convida ao p\u00fablicoa facer uso do seu propio&nbsp;<strong>\u2018<\/strong><a target=\"_blank\" href=\"https:\/\/festival.sins.al\/gl\/festival\/sinsal-son-estrella-galicia-2025\/faq#o-compromiso-sinsalsenrastro\" rel=\"noreferrer noopener\"><strong>KIT FESTIVALEIRO<\/strong><\/a>\u2019, para que cada asistente leve \u00e1 illa a s\u00faa vaixela reutilizable -que pode incluir o seu propio vaso no que poder&nbsp;<a target=\"_blank\" href=\"https:\/\/festival.sins.al\/storage\/media\/sinsal-senrastro-mapa-1920-x-1350-1717494357bYdXg.jpg\" rel=\"noreferrer noopener\">beber auga potable das billas,<\/a>&nbsp;un pano de mesa de tea, prato de picnic, garfo e culler de varios usos-. Entre todas as persoas que acrediten no Punto R o seu kit, sortearanse premios cada d\u00eda.<br><\/p>\n\n\n\n<p><strong>Sinsal SON Estrella Galicia<\/strong><\/p>\n\n\n\n<p class=\"has-text-align-justify\">Sinsal SON Estrella Galicia \u00e9 unha iniciativa cultural que visualiza as artistas pr\u00f3ximas \u00e1 creaci\u00f3n contempor\u00e1nea da escena galega, estatal e internacional. Cada ver\u00e1n ofrece na illa de San Sim\u00f3n unha pequena mostra dos proxectos musicais m\u00e1is estimulantes de formaci\u00f3ns que proceden de Europa, \u00c1frica, Asia ou Am\u00e9rica.&nbsp;Desde a s\u00faa primeira edici\u00f3n, un dos compromisos de Sinsal foi programar artistas que iniciaban s\u00faa carreira musical. Alg\u00fans destes nomes, poucos anos despois,&nbsp;<a target=\"_blank\" href=\"https:\/\/festival.sins.al\/gl\/edicions-anteriores\" rel=\"noreferrer noopener\">aterraron nos grandes festivais e salas de concertos de todo o mundo<\/a>.<\/p>\n\n\n\n<p class=\"has-text-align-justify\">A diversidade estil\u00edstica, o protagonismo de proxectos liderados por mulleres e un fondo compromiso co medio ambiente e a igualdade son os sinais de identidade dun festival&nbsp;<strong>cuxo cartel \u00e9 secreto para o p\u00fablico<\/strong>&nbsp;-que sempre esgota as entradas con antelaci\u00f3n- ata que desembarca na illa. Desde 2022,&nbsp;<a target=\"_blank\" href=\"https:\/\/festival.sins.al\/gl\/novas\/121\/sinsal-o-festival-de-musica-mellor-valorado-en-galicia-polas-profesionais-da-cultura\" rel=\"noreferrer noopener\"><strong>Sinsal \u00e9<\/strong>&nbsp;<strong>o festival galego de m\u00fasica mellor valorado polas profesionais da cultura do pa\u00eds<\/strong><\/a>, reco\u00f1ecemento que se suma aos recibidos nos \u00faltimos anos, en distintos foros, polas s\u00faas innovadoras pol\u00edticas de sostibilidade ambiental e social.&nbsp;<\/p>\n\n\n\n<p class=\"has-text-align-justify\">As\u00ed, Sinsal atesoura m\u00faltiples galard\u00f3ns, como o Premio Nacional dos Iberian Festival Award de&nbsp;<strong>Contribuci\u00f3n \u00e1 igualdade<\/strong>&nbsp;no 2023 ou Premio FEST \u00e1&nbsp;<strong>Sostibilidade ambiental<\/strong>&nbsp;no mesmo ano, distintivo que reforza o que xa recibiu no 2019 (<strong>Festival m\u00e1is sostible<\/strong>) ou no 2015 (<strong>Mellor Festival de Pequeno Formato<\/strong>).&nbsp; Ademais, o informe sobre a cultura en Espa\u00f1a de 2024 da Fundaci\u00f3n Contempor\u00e1nea situa ao festival Sinsal SON Estrella Galicia, a nivel estatal, como a sexta iniciativa cultural m\u00e1is comprometida a nivel social e co desenvolvemento sostible.<\/p>\n\n\n\n<p class=\"has-text-align-justify\">Sinsal, que neste 2025 celebra a s\u00faa 15\u00aa edici\u00f3n na illa de San Sim\u00f3n, \u00e9 un festival organizado e producido pola promotora viguesa Sinsalaudio, e conta con SON Estrella Galicia como patrocinador principal. Ademais, o evento ten o apoio institucional tanto da Xunta de Galicia a trav\u00e9s da Axencia Galega das Industrias Culturais (Agadic) e do programa FEST Galicia, como da Deputaci\u00f3n de Pontevedra a trav\u00e9s de Turismo R\u00edas Baixas -enmarcado nos R\u00edas Baixas Fest-. Nesta edici\u00f3n tam\u00e9n colaboran Gadis, Viqueira, Marlene, Cosferla e Plat\u00fa.&nbsp;&nbsp;<\/p>\n\n\n\n<p><\/p>\n\n\n\n<p><\/p>\n\n\n<a href=\"http:\/\/culturaliagz.com\/wp-content\/uploads\/2025\/07\/20250723-NP-GAL-Festival-Sinsal-SON-Estrella-Galicia.pdf\" class=\"pdfemb-viewer\" style=\"\" data-width=\"max\" data-height=\"max\" data-toolbar=\"bottom\" data-toolbar-fixed=\"off\">20250723-NP-GAL-Festival-Sinsal-SON-Estrella-Galicia<\/a>\n\n\n<p><\/p>\n\n\n\n<p><\/p>\n\n\n<a href=\"http:\/\/culturaliagz.com\/wp-content\/uploads\/2025\/07\/SS25_grellas_actividades_sinsalsenrastro.pdf\" class=\"pdfemb-viewer\" style=\"\" data-width=\"max\" data-height=\"max\" data-toolbar=\"bottom\" data-toolbar-fixed=\"off\">SS25_grellas_actividades_sinsalsenrastro<\/a>","protected":false},"excerpt":{"rendered":"<p>M\u00e1is de 30 formaci\u00f3ns de Angola, Arxentina, Austria, Bulgaria, Cabo Verde, Corea do Sul, Francia, Espa\u00f1a, Indonesia, Xap\u00f3n, Marrocos, Portugal, Reino Unido, Somalilandia, Suecia, Tunes e Uganda formar\u00e1n parte do [&hellip;]<\/p>\n","protected":false},"author":1,"featured_media":0,"comment_status":"open","ping_status":"open","sticky":false,"template":"","format":"standard","meta":{"_et_pb_use_builder":"","_et_pb_old_content":"","_et_gb_content_width":"","_jetpack_memberships_contains_paid_content":false,"footnotes":""},"categories":[23,7,129,6,57,1],"tags":[1234,1235],"class_list":["post-19131","post","type-post","status-publish","format-standard","hentry","category-autoresas","category-creacion","category-literaria","category-novas","category-outras-artes","category-xeral","tag-festival-sinsal-son-estrella-galicia","tag-illa-de-san-simon"],"jetpack_featured_media_url":"","jetpack_sharing_enabled":true,"_links":{"self":[{"href":"http:\/\/culturaliagz.com\/index.php?rest_route=\/wp\/v2\/posts\/19131","targetHints":{"allow":["GET"]}}],"collection":[{"href":"http:\/\/culturaliagz.com\/index.php?rest_route=\/wp\/v2\/posts"}],"about":[{"href":"http:\/\/culturaliagz.com\/index.php?rest_route=\/wp\/v2\/types\/post"}],"author":[{"embeddable":true,"href":"http:\/\/culturaliagz.com\/index.php?rest_route=\/wp\/v2\/users\/1"}],"replies":[{"embeddable":true,"href":"http:\/\/culturaliagz.com\/index.php?rest_route=%2Fwp%2Fv2%2Fcomments&post=19131"}],"version-history":[{"count":4,"href":"http:\/\/culturaliagz.com\/index.php?rest_route=\/wp\/v2\/posts\/19131\/revisions"}],"predecessor-version":[{"id":19143,"href":"http:\/\/culturaliagz.com\/index.php?rest_route=\/wp\/v2\/posts\/19131\/revisions\/19143"}],"wp:attachment":[{"href":"http:\/\/culturaliagz.com\/index.php?rest_route=%2Fwp%2Fv2%2Fmedia&parent=19131"}],"wp:term":[{"taxonomy":"category","embeddable":true,"href":"http:\/\/culturaliagz.com\/index.php?rest_route=%2Fwp%2Fv2%2Fcategories&post=19131"},{"taxonomy":"post_tag","embeddable":true,"href":"http:\/\/culturaliagz.com\/index.php?rest_route=%2Fwp%2Fv2%2Ftags&post=19131"}],"curies":[{"name":"wp","href":"https:\/\/api.w.org\/{rel}","templated":true}]}}