{"id":1889,"date":"2017-07-07T23:33:28","date_gmt":"2017-07-07T22:33:28","guid":{"rendered":"http:\/\/culturaliagz.com\/?p=1889"},"modified":"2017-07-07T23:33:28","modified_gmt":"2017-07-07T22:33:28","slug":"a-giganta-de-charles-baudelaire-version-galega-de-andre-da-ponte","status":"publish","type":"post","link":"http:\/\/culturaliagz.com\/?p=1889","title":{"rendered":"A GIGANTA  de Charles Baudelaire (versi\u00f3n galega de Andr\u00e9 Da Ponte)"},"content":{"rendered":"<h5>Das minhas tradu\u00e7\u00f5es<\/h5>\n<p><strong>\u00a0<\/strong><\/p>\n<h4><strong>\u00a0<\/strong><strong>A GIGANTA<\/strong><\/h4>\n<p>&nbsp;<\/p>\n<p>Quando a Natura, antanho, cuja for\u00e7a \u00e9 tanta,<\/p>\n<p>a di\u00e1rio gerava o seu ser mais monstruoso,<\/p>\n<p>quijera viver eu junto \u00e0 jovem giganta,<\/p>\n<p>qual aos p\u00e9s da rainha um gato voluptuoso<\/p>\n<p>&nbsp;<\/p>\n<p>Olhar como o seu corpo e sua alma florecia<\/p>\n<p>e senti-la medrar entre os horr\u00edveis folguedos;<\/p>\n<p>decifrar se alguma chama o cora\u00e7\u00e3o lhe ardia<\/p>\n<p>entre as \u00famidas n\u00e9voas dos seus dous olhos quedos;<\/p>\n<p>&nbsp;<\/p>\n<p>Percorrer a modo as suas curvas multiformes,<\/p>\n<p>subir \u00e0 vertente dos seus joelhos enormes,<\/p>\n<p>e \u00e0s vezes, no ver\u00e3o, de malef\u00edcios cheios,<\/p>\n<p>&nbsp;<\/p>\n<p>Obrigam-lhe a deitar-se, sobre uma campa estranha<\/p>\n<p>dormir languidamente \u00e0 sombra dos seus seios,<\/p>\n<p>dormir como uma aldeia ao p\u00e9 duma montanha<\/p>\n<p>&nbsp;<\/p>\n<p><strong>\u00a0<\/strong><\/p>\n<p><strong>\u00a0<\/strong><em><strong>XIX<\/strong><\/em><\/p>\n<p><em> <strong>LA G\u00c9ANTE<\/strong><\/em><\/p>\n<p><em><strong>\u00a0<\/strong><\/em><\/p>\n<p>Segundo a edi\u00e7\u00e3o. Poulet-Malassis et de Broise,\u00a01857\u00a0(pp.\u00a050-51).<\/p>\n<p>&nbsp;<\/p>\n<p><em> Du temps que la Nature en sa verve puissante<\/em><br \/>\n<em> Concevait chaque jour des enfants monstrueux,<\/em><br \/>\n<em> J\u2019eusse aim\u00e9 vivre aupr\u00e8s d\u2019une jeune g\u00e9ante,<\/em><br \/>\n<em> Comme aux pieds d\u2019une reine un chat voluptueux.<\/em><\/p>\n<p><em> J\u2019eusse aim\u00e9 voir son corps fleurir avec son \u00e2me<\/em><br \/>\n<em> Et grandir librement dans ses terribles jeux,<\/em><br \/>\n<em> Deviner si son c\u0153ur couve une sombre flamme<\/em><br \/>\n<em> Aux humides brouillards qui nagent dans ses yeux,<\/em><\/p>\n<p><em> Parcourir \u00e0 loisir ses magnifiques formes,<\/em><br \/>\n<em> Ramper sur le versant de ses genoux \u00e9normes,<\/em><br \/>\n<em> Et parfois en \u00e9t\u00e9, quand les soleils malsains,<\/em><\/p>\n<p><em> Lasse, la font s\u2019\u00e9tendre \u00e0 travers la campagne,<\/em><br \/>\n<em> Dormir nonchalamment \u00e0 l\u2019ombre de ses seins,<\/em><br \/>\n<em> Comme un hameau paisible au pied d\u2019une montagne.<\/em><\/p>\n<p>&nbsp;<\/p>\n<p><a href=\"http:\/\/4.bp.blogspot.com\/-MwIOOTmtpd8\/Ui4IY4gP5XI\/AAAAAAAAOA4\/0BP075AeXRs\/s640\/Imagem3.jpg\">http:\/\/4.bp.blogspot.com\/-MwIOOTmtpd8\/Ui4IY4gP5XI\/AAAAAAAAOA4\/0BP075AeXRs\/s640\/Imagem3.jpg<\/a><\/p>\n<p>&nbsp;<\/p>\n<p>&nbsp;<\/p>\n<p>&nbsp;<\/p>\n<p>&nbsp;<\/p>\n<p>&nbsp;<\/p>\n<p>&nbsp;<\/p>\n<p>&nbsp;<\/p>\n<p>&nbsp;<\/p>\n<p>&nbsp;<\/p>\n<p>&nbsp;<\/p>\n","protected":false},"excerpt":{"rendered":"<p>Das minhas tradu\u00e7\u00f5es \u00a0 \u00a0A GIGANTA &nbsp; Quando a Natura, antanho, cuja for\u00e7a \u00e9 tanta, a di\u00e1rio gerava o seu ser mais monstruoso, quijera viver eu junto \u00e0 jovem giganta, [&hellip;]<\/p>\n","protected":false},"author":35,"featured_media":1890,"comment_status":"open","ping_status":"open","sticky":false,"template":"","format":"standard","meta":{"_et_pb_use_builder":"","_et_pb_old_content":"","_et_gb_content_width":"","_jetpack_memberships_contains_paid_content":false,"footnotes":""},"categories":[23,7,1],"tags":[281,130,265],"class_list":["post-1889","post","type-post","status-publish","format-standard","has-post-thumbnail","hentry","category-autoresas","category-creacion","category-xeral","tag-a-giganta","tag-andre-da-ponte","tag-charles-baudelaire"],"jetpack_featured_media_url":"http:\/\/culturaliagz.com\/wp-content\/uploads\/2017\/07\/Charles-Baudelaire12.jpg","jetpack_sharing_enabled":true,"_links":{"self":[{"href":"http:\/\/culturaliagz.com\/index.php?rest_route=\/wp\/v2\/posts\/1889","targetHints":{"allow":["GET"]}}],"collection":[{"href":"http:\/\/culturaliagz.com\/index.php?rest_route=\/wp\/v2\/posts"}],"about":[{"href":"http:\/\/culturaliagz.com\/index.php?rest_route=\/wp\/v2\/types\/post"}],"author":[{"embeddable":true,"href":"http:\/\/culturaliagz.com\/index.php?rest_route=\/wp\/v2\/users\/35"}],"replies":[{"embeddable":true,"href":"http:\/\/culturaliagz.com\/index.php?rest_route=%2Fwp%2Fv2%2Fcomments&post=1889"}],"version-history":[{"count":1,"href":"http:\/\/culturaliagz.com\/index.php?rest_route=\/wp\/v2\/posts\/1889\/revisions"}],"predecessor-version":[{"id":1891,"href":"http:\/\/culturaliagz.com\/index.php?rest_route=\/wp\/v2\/posts\/1889\/revisions\/1891"}],"wp:featuredmedia":[{"embeddable":true,"href":"http:\/\/culturaliagz.com\/index.php?rest_route=\/wp\/v2\/media\/1890"}],"wp:attachment":[{"href":"http:\/\/culturaliagz.com\/index.php?rest_route=%2Fwp%2Fv2%2Fmedia&parent=1889"}],"wp:term":[{"taxonomy":"category","embeddable":true,"href":"http:\/\/culturaliagz.com\/index.php?rest_route=%2Fwp%2Fv2%2Fcategories&post=1889"},{"taxonomy":"post_tag","embeddable":true,"href":"http:\/\/culturaliagz.com\/index.php?rest_route=%2Fwp%2Fv2%2Ftags&post=1889"}],"curies":[{"name":"wp","href":"https:\/\/api.w.org\/{rel}","templated":true}]}}