{"id":18793,"date":"2025-06-21T15:50:43","date_gmt":"2025-06-21T14:50:43","guid":{"rendered":"http:\/\/culturaliagz.com\/?p=18793"},"modified":"2025-06-21T15:52:25","modified_gmt":"2025-06-21T14:52:25","slug":"2a-sesion-de-curtas-dos-xxiii-premios-mestre-mateo-no-auditorio-municipal-de-vilalba","status":"publish","type":"post","link":"http:\/\/culturaliagz.com\/?p=18793","title":{"rendered":"2\u00aa Sesi\u00f3n de curtas dos XXIII PREMIOS MESTRE MATEO no Auditorio Municipal de Vilalba"},"content":{"rendered":"\n<p><\/p>\n\n\n\n<figure class=\"wp-block-image size-full\"><a href=\"http:\/\/culturaliagz.com\/wp-content\/uploads\/2025\/06\/Cartel-A3-scaled.jpg\" target=\"_blank\" rel=\"noreferrer noopener\"><img loading=\"lazy\" decoding=\"async\" width=\"1810\" height=\"2560\" src=\"http:\/\/culturaliagz.com\/wp-content\/uploads\/2025\/06\/Cartel-A3-scaled.jpg\" alt=\"\" class=\"wp-image-18794\" srcset=\"http:\/\/culturaliagz.com\/wp-content\/uploads\/2025\/06\/Cartel-A3-scaled.jpg 1810w, http:\/\/culturaliagz.com\/wp-content\/uploads\/2025\/06\/Cartel-A3-1280x1810.jpg 1280w, http:\/\/culturaliagz.com\/wp-content\/uploads\/2025\/06\/Cartel-A3-980x1386.jpg 980w, http:\/\/culturaliagz.com\/wp-content\/uploads\/2025\/06\/Cartel-A3-480x679.jpg 480w\" sizes=\"auto, (min-width: 0px) and (max-width: 480px) 480px, (min-width: 481px) and (max-width: 980px) 980px, (min-width: 981px) and (max-width: 1280px) 1280px, (min-width: 1281px) 1810px, 100vw\" \/><\/a><\/figure>\n\n\n\n<p><\/p>\n\n\n\n<p><\/p>\n\n\n\n<p class=\"has-text-align-justify\">O <a href=\"https:\/\/estudoschairegos.gal\/\" target=\"_blank\" rel=\"noreferrer noopener\">Instituto de Estudos Chairegos (IESCHA)<\/a>, en colaboraci\u00f3n coa&nbsp;<em>Academia Galega do Audiovisual e o Concello de Vilalba, e coa&nbsp;<\/em>financiaci\u00f3n da ICAA-Ministerio de Cultura e a Axencia Galega das Industrias Culturais, organiza a&nbsp;<a href=\"https:\/\/estudoschairegos.gal\/ciclo-mestre-mateo25-2a-sesion-curtas-coa-proxeccion-de-avetomologia-noites-de-prata-sinapse-eu-vou-comigo-e-platonico-platonica-sabado-28-06-2000h-auditorio-municipal-de-v\/\" target=\"_blank\" rel=\"noreferrer noopener\"><strong>2\u00aa Sesi\u00f3n de Curtas,&nbsp;coa proxecci\u00f3n de&nbsp;5 CURTAMETRAXES:<\/strong>&nbsp;<strong>AVETOMOLOG\u00cdA, NOITES DE PRATA, SINAPSE, EU VOU COMIGO E PLAT\u00d3NICO, PLAT\u00d3NICA<\/strong><\/a><strong>,<\/strong>&nbsp;continuando as\u00ed coas proxecci\u00f3ns do&nbsp;<strong>CICLO MESTRE MATEO-2025&nbsp;<\/strong>que durante os pr\u00f3ximos meses brindaranos a oportunidade de poder disfrutar das pel\u00edculas finalistas (documentais, longametraxes e curtas) dos&nbsp;<strong>XXIII PREMIOS MESTRE MATEO<\/strong>.<\/p>\n\n\n\n<p class=\"has-text-align-justify\">Esta&nbsp;<strong>SEGUNDA<\/strong>&nbsp;proxecci\u00f3n ter\u00e1 lugar no&nbsp;<strong><em>Auditorio Municipal de Vilalba o s\u00e1bado 28 de xu\u00f1o de 2025, \u00e1s 20:00 horas<\/em><\/strong>.&nbsp; &nbsp; &nbsp;&nbsp;<\/p>\n\n\n\n<p><\/p>\n\n\n\n<p><\/p>\n\n\n<a href=\"http:\/\/culturaliagz.com\/wp-content\/uploads\/2025\/06\/NOTA-INFORMATIVA-II-SESION-DE-CURTAS.pdf\" class=\"pdfemb-viewer\" style=\"\" data-width=\"max\" data-height=\"max\" data-toolbar=\"bottom\" data-toolbar-fixed=\"off\">NOTA-INFORMATIVA-II-SESION-DE-CURTAS<\/a>","protected":false},"excerpt":{"rendered":"<p>O Instituto de Estudos Chairegos (IESCHA), en colaboraci\u00f3n coa&nbsp;Academia Galega do Audiovisual e o Concello de Vilalba, e coa&nbsp;financiaci\u00f3n da ICAA-Ministerio de Cultura e a Axencia Galega das Industrias Culturais, [&hellip;]<\/p>\n","protected":false},"author":1,"featured_media":0,"comment_status":"open","ping_status":"open","sticky":false,"template":"","format":"standard","meta":{"_et_pb_use_builder":"","_et_pb_old_content":"","_et_gb_content_width":"","_jetpack_memberships_contains_paid_content":false,"footnotes":""},"categories":[23,7,6,57,1],"tags":[800,313,30,234,3116],"class_list":["post-18793","post","type-post","status-publish","format-standard","hentry","category-autoresas","category-creacion","category-novas","category-outras-artes","category-xeral","tag-academia-galega-do-audiovisual","tag-auditorio-municipal-de-vilalba","tag-concello-de-vilalba","tag-iescha","tag-xxiii-premios-mestre-mateo"],"jetpack_featured_media_url":"","jetpack_sharing_enabled":true,"_links":{"self":[{"href":"http:\/\/culturaliagz.com\/index.php?rest_route=\/wp\/v2\/posts\/18793","targetHints":{"allow":["GET"]}}],"collection":[{"href":"http:\/\/culturaliagz.com\/index.php?rest_route=\/wp\/v2\/posts"}],"about":[{"href":"http:\/\/culturaliagz.com\/index.php?rest_route=\/wp\/v2\/types\/post"}],"author":[{"embeddable":true,"href":"http:\/\/culturaliagz.com\/index.php?rest_route=\/wp\/v2\/users\/1"}],"replies":[{"embeddable":true,"href":"http:\/\/culturaliagz.com\/index.php?rest_route=%2Fwp%2Fv2%2Fcomments&post=18793"}],"version-history":[{"count":2,"href":"http:\/\/culturaliagz.com\/index.php?rest_route=\/wp\/v2\/posts\/18793\/revisions"}],"predecessor-version":[{"id":18798,"href":"http:\/\/culturaliagz.com\/index.php?rest_route=\/wp\/v2\/posts\/18793\/revisions\/18798"}],"wp:attachment":[{"href":"http:\/\/culturaliagz.com\/index.php?rest_route=%2Fwp%2Fv2%2Fmedia&parent=18793"}],"wp:term":[{"taxonomy":"category","embeddable":true,"href":"http:\/\/culturaliagz.com\/index.php?rest_route=%2Fwp%2Fv2%2Fcategories&post=18793"},{"taxonomy":"post_tag","embeddable":true,"href":"http:\/\/culturaliagz.com\/index.php?rest_route=%2Fwp%2Fv2%2Ftags&post=18793"}],"curies":[{"name":"wp","href":"https:\/\/api.w.org\/{rel}","templated":true}]}}