{"id":1878,"date":"2017-07-05T22:40:10","date_gmt":"2017-07-05T21:40:10","guid":{"rendered":"http:\/\/culturaliagz.com\/?p=1878"},"modified":"2017-07-05T22:40:46","modified_gmt":"2017-07-05T21:40:46","slug":"o-homem-e-o-mar","status":"publish","type":"post","link":"http:\/\/culturaliagz.com\/?p=1878","title":{"rendered":"O HOMEM E O MAR de Charles Baudelaire (traducido ao galego por Andr\u00e9 Da Ponte)"},"content":{"rendered":"<h5><strong>Das minhas tradu\u00e7\u00f5es<\/strong><\/h5>\n<p><strong>\u00a0<\/strong><strong>\u00a0<\/strong><\/p>\n<h4><strong>O HOMEM E O MAR<\/strong><\/h4>\n<p>&nbsp;<\/p>\n<p>Homem livre, sempre has de querer o mar!<\/p>\n<p>\u00c9 como a tua alma, um espelho fulgente<\/p>\n<p>na ess\u00eancia infinita do cora\u00e7\u00e3o ardente<\/p>\n<p>e teu esp\u00edrito \u00e9 pego a amargurar.<\/p>\n<p>&nbsp;<\/p>\n<p>Te agrada afundar na tua pr\u00f3pria imagem;<\/p>\n<p>a cinges com olhos e bra\u00e7os, teu amor<\/p>\n<p>por vezes se ocupa em seu certo rumor<\/p>\n<p>no ru\u00eddo da queixa altiva e selvagem<\/p>\n<p>&nbsp;<\/p>\n<p>Sodes ambos tenebrosos e discretos;<\/p>\n<p>Homem, ningu\u00e9m explorou os teus paroxismos,<\/p>\n<p>Mar!, ningu\u00e9m sabe dos teus fundos abismos;<\/p>\n<p>ciumentos de guardar-vos os secretos!<\/p>\n<p>&nbsp;<\/p>\n<p>E, contudo, h\u00e1 s\u00e9culos inumer\u00e1veis<\/p>\n<p>os dous vos bateis numa briga a bra\u00e7agem,<\/p>\n<p>De tal jeito amais a luita selvagem,<\/p>\n<p>Oh eternos que lutais, oh, irm\u00e3os implac\u00e1veis!<\/p>\n<p>&nbsp;<\/p>\n<p>&nbsp;<\/p>\n<p><em><strong>XIV<\/strong><\/em><\/p>\n<p><em> <strong>L\u2019HOMME ET LA MER<\/strong><\/em><\/p>\n<p>&nbsp;<\/p>\n<p><em>Segundo a edi\u00e7\u00e3o: Poulet-Malassis et de Broise,\u00a01861\u00a0(pp.\u00a036-37).<\/em><\/p>\n<p><em> Homme libre, toujours tu ch\u00e9riras la mer\u00a0!<\/em><br \/>\n<em> La mer est ton miroir\u00a0; tu contemples ton \u00e2me<\/em><br \/>\n<em> Dans le d\u00e9roulement infini de sa lame,<\/em><br \/>\n<em> Et ton esprit n\u2019est pas un gouffre moins amer.<\/em><\/p>\n<p><em> Tu te plais \u00e0 plonger au sein de ton image\u00a0;<\/em><br \/>\n<em> Tu l\u2019embrasses des yeux et des bras, et ton c\u0153ur<\/em><br \/>\n<em> Se distrait quelquefois de sa propre rumeur<\/em><br \/>\n<em> Au bruit de cette plainte indomptable et sauvage.<\/em><\/p>\n<p><em> Vous \u00eates tous les deux t\u00e9n\u00e9breux et discrets\u00a0:<\/em><br \/>\n<em> Homme, nul n\u2019a sond\u00e9 le fond de tes ab\u00eemes\u00a0;<\/em><br \/>\n<em> \u00d4 mer, nul ne conna\u00eet tes richesses intimes,<\/em><br \/>\n<em> Tant vous \u00eates jaloux de garder vos secrets\u00a0!<\/em><\/p>\n<p><em> Et cependant voil\u00e0 des si\u00e8cles innombrables<\/em><br \/>\n<em> Que vous vous combattez sans piti\u00e9 ni remord,<\/em><br \/>\n<em> Tellement vous aimez le carnage et la mort,<\/em><br \/>\n<em> \u00d4 lutteurs \u00e9ternels, \u00f4 fr\u00e8res implacables\u00a0!<\/em><\/p>\n<p>&nbsp;<\/p>\n<p>&nbsp;<\/p>\n<p><a href=\"http:\/\/4.bp.blogspot.com\/-U6xH4WB9xgo\/Uuhoxah4FuI\/AAAAAAAAAXI\/KEbRxFnpqMc\/s1600\/Charles-Baudelaire.jpg\">http:\/\/4.bp.blogspot.com\/-U6xH4WB9xgo\/Uuhoxah4FuI\/AAAAAAAAAXI\/KEbRxFnpqMc\/s1600\/Charles-Baudelaire.jpg<\/a><\/p>\n<p>&nbsp;<\/p>\n<p>&nbsp;<\/p>\n<p>&nbsp;<\/p>\n","protected":false},"excerpt":{"rendered":"<p>Das minhas tradu\u00e7\u00f5es \u00a0\u00a0 O HOMEM E O MAR &nbsp; Homem livre, sempre has de querer o mar! \u00c9 como a tua alma, um espelho fulgente na ess\u00eancia infinita do [&hellip;]<\/p>\n","protected":false},"author":35,"featured_media":1879,"comment_status":"open","ping_status":"open","sticky":false,"template":"","format":"standard","meta":{"_et_pb_use_builder":"","_et_pb_old_content":"","_et_gb_content_width":"","_jetpack_memberships_contains_paid_content":false,"footnotes":""},"categories":[23,7,1],"tags":[130,265,279],"class_list":["post-1878","post","type-post","status-publish","format-standard","has-post-thumbnail","hentry","category-autoresas","category-creacion","category-xeral","tag-andre-da-ponte","tag-charles-baudelaire","tag-o-homem-e-o-mar"],"jetpack_featured_media_url":"http:\/\/culturaliagz.com\/wp-content\/uploads\/2017\/07\/Charles-Baudelaire10.jpg","jetpack_sharing_enabled":true,"_links":{"self":[{"href":"http:\/\/culturaliagz.com\/index.php?rest_route=\/wp\/v2\/posts\/1878","targetHints":{"allow":["GET"]}}],"collection":[{"href":"http:\/\/culturaliagz.com\/index.php?rest_route=\/wp\/v2\/posts"}],"about":[{"href":"http:\/\/culturaliagz.com\/index.php?rest_route=\/wp\/v2\/types\/post"}],"author":[{"embeddable":true,"href":"http:\/\/culturaliagz.com\/index.php?rest_route=\/wp\/v2\/users\/35"}],"replies":[{"embeddable":true,"href":"http:\/\/culturaliagz.com\/index.php?rest_route=%2Fwp%2Fv2%2Fcomments&post=1878"}],"version-history":[{"count":2,"href":"http:\/\/culturaliagz.com\/index.php?rest_route=\/wp\/v2\/posts\/1878\/revisions"}],"predecessor-version":[{"id":1881,"href":"http:\/\/culturaliagz.com\/index.php?rest_route=\/wp\/v2\/posts\/1878\/revisions\/1881"}],"wp:featuredmedia":[{"embeddable":true,"href":"http:\/\/culturaliagz.com\/index.php?rest_route=\/wp\/v2\/media\/1879"}],"wp:attachment":[{"href":"http:\/\/culturaliagz.com\/index.php?rest_route=%2Fwp%2Fv2%2Fmedia&parent=1878"}],"wp:term":[{"taxonomy":"category","embeddable":true,"href":"http:\/\/culturaliagz.com\/index.php?rest_route=%2Fwp%2Fv2%2Fcategories&post=1878"},{"taxonomy":"post_tag","embeddable":true,"href":"http:\/\/culturaliagz.com\/index.php?rest_route=%2Fwp%2Fv2%2Ftags&post=1878"}],"curies":[{"name":"wp","href":"https:\/\/api.w.org\/{rel}","templated":true}]}}