{"id":18567,"date":"2025-05-26T22:02:00","date_gmt":"2025-05-26T21:02:00","guid":{"rendered":"http:\/\/culturaliagz.com\/?p=18567"},"modified":"2025-05-26T22:23:32","modified_gmt":"2025-05-26T21:23:32","slug":"noia-harp-fest-lamenta-fondamente-o-pasamento-do-arpista-emilio-cao","status":"publish","type":"post","link":"http:\/\/culturaliagz.com\/?p=18567","title":{"rendered":"Noia Harp Fest lamenta fondamente o pasamento do arpista Emilio Cao"},"content":{"rendered":"\n<p><\/p>\n\n\n<div class=\"wp-block-image\">\n<figure class=\"aligncenter size-full\"><a href=\"http:\/\/culturaliagz.com\/wp-content\/uploads\/2025\/05\/EMILIO-CAO.jpg\" target=\"_blank\" rel=\"noreferrer noopener\"><img loading=\"lazy\" decoding=\"async\" width=\"600\" height=\"540\" src=\"http:\/\/culturaliagz.com\/wp-content\/uploads\/2025\/05\/EMILIO-CAO.jpg\" alt=\"\" class=\"wp-image-18568\" srcset=\"http:\/\/culturaliagz.com\/wp-content\/uploads\/2025\/05\/EMILIO-CAO.jpg 600w, http:\/\/culturaliagz.com\/wp-content\/uploads\/2025\/05\/EMILIO-CAO-480x432.jpg 480w\" sizes=\"auto, (min-width: 0px) and (max-width: 480px) 480px, (min-width: 481px) 600px, 100vw\" \/><\/a><figcaption class=\"wp-element-caption\"><em>Fonte da imaxe de Emilio Cao: <a href=\"https:\/\/www.discogs.com\/es\/artist\/1551434-Emilio-Cao\" target=\"_blank\" rel=\"noreferrer noopener\">www.discogs.com<\/a><\/em><\/figcaption><\/figure>\n<\/div>\n\n\n<p><\/p>\n\n\n\n<p><\/p>\n\n\n\n<p class=\"has-text-align-justify\" style=\"font-size:16px\"><strong>O festival rendeu no 2023 unha homenaxe ao reco\u00f1ecido m\u00fasico durante a celebraci\u00f3n do primeiro encontro do alumnado das escolas de arpa de Galicia, na que se interpretou o seu m\u00edtico <em>Vals do Mencer<\/em><\/strong><\/p>\n\n\n\n<p class=\"has-text-align-justify\"><strong><br><br><\/strong>O <a href=\"https:\/\/noiaharpfest.gal\/\" target=\"_blank\" rel=\"noreferrer noopener\">Festival Internacional de Arpa Vila de Noia (Noia Harp Fest)<\/a>&nbsp; lamenta fondamente o pasamento do m\u00fasico compostel\u00e1n <strong><a href=\"https:\/\/gl.wikipedia.org\/wiki\/Emilio_Cao\" target=\"_blank\" rel=\"noreferrer noopener\">Emilio Cao<\/a><\/strong>, reco\u00f1ecido artista e magn\u00edfico int\u00e9rprete da arpa celta, instrumento que el mesmo introduciu no pa\u00eds coa publicaci\u00f3n do seu aclamado \u00e1lbum<em> Fontes de Ara\u00f1o<\/em> (1977), que supuxo toda unha revoluci\u00f3n para a escena da m\u00fasica folk.<\/p>\n\n\n\n<p class=\"has-text-align-justify\">Precisamente Noia Harp Fest salientou o papel de Emilio Cao coa homenaxe que se lle rendeu na d\u00e9cima edici\u00f3n (ver\u00e1n de 2023), durante a celebraci\u00f3n do primeiro <strong>Encontro do Alumnado das Escolas de Arpa de Galicia<\/strong>. No marco deste pioneiro encontro, as e os estudantes m\u00e1is novos do pa\u00eds interpretaron, conxuntamente e co apoio do codirector do NHF Rodrigo Roman\u00ed, o m\u00edtico <em>Vals do Mencer<\/em> composto por Cao.<\/p>\n\n\n\n<p><em>Que a terra che sexa leve, Emilio!<\/em><\/p>\n\n\n\n<p><\/p>\n\n\n\n<p><\/p>\n\n\n\n<p><\/p>\n\n\n<a href=\"http:\/\/culturaliagz.com\/wp-content\/uploads\/2025\/05\/20250526-Pasamento-Emilio-Cao.pdf\" class=\"pdfemb-viewer\" style=\"\" data-width=\"max\" data-height=\"max\" data-toolbar=\"bottom\" data-toolbar-fixed=\"off\">20250526-Pasamento-Emilio-Cao<\/a>","protected":false},"excerpt":{"rendered":"<p>O festival rendeu no 2023 unha homenaxe ao reco\u00f1ecido m\u00fasico durante a celebraci\u00f3n do primeiro encontro do alumnado das escolas de arpa de Galicia, na que se interpretou o seu [&hellip;]<\/p>\n","protected":false},"author":1,"featured_media":0,"comment_status":"open","ping_status":"open","sticky":false,"template":"","format":"standard","meta":{"_et_pb_use_builder":"","_et_pb_old_content":"","_et_gb_content_width":"","_jetpack_memberships_contains_paid_content":false,"footnotes":""},"categories":[23,7,6,57,1],"tags":[3054,1155],"class_list":["post-18567","post","type-post","status-publish","format-standard","hentry","category-autoresas","category-creacion","category-novas","category-outras-artes","category-xeral","tag-emilio-cao","tag-noia-harp-fest"],"jetpack_featured_media_url":"","jetpack_sharing_enabled":true,"_links":{"self":[{"href":"http:\/\/culturaliagz.com\/index.php?rest_route=\/wp\/v2\/posts\/18567","targetHints":{"allow":["GET"]}}],"collection":[{"href":"http:\/\/culturaliagz.com\/index.php?rest_route=\/wp\/v2\/posts"}],"about":[{"href":"http:\/\/culturaliagz.com\/index.php?rest_route=\/wp\/v2\/types\/post"}],"author":[{"embeddable":true,"href":"http:\/\/culturaliagz.com\/index.php?rest_route=\/wp\/v2\/users\/1"}],"replies":[{"embeddable":true,"href":"http:\/\/culturaliagz.com\/index.php?rest_route=%2Fwp%2Fv2%2Fcomments&post=18567"}],"version-history":[{"count":3,"href":"http:\/\/culturaliagz.com\/index.php?rest_route=\/wp\/v2\/posts\/18567\/revisions"}],"predecessor-version":[{"id":18572,"href":"http:\/\/culturaliagz.com\/index.php?rest_route=\/wp\/v2\/posts\/18567\/revisions\/18572"}],"wp:attachment":[{"href":"http:\/\/culturaliagz.com\/index.php?rest_route=%2Fwp%2Fv2%2Fmedia&parent=18567"}],"wp:term":[{"taxonomy":"category","embeddable":true,"href":"http:\/\/culturaliagz.com\/index.php?rest_route=%2Fwp%2Fv2%2Fcategories&post=18567"},{"taxonomy":"post_tag","embeddable":true,"href":"http:\/\/culturaliagz.com\/index.php?rest_route=%2Fwp%2Fv2%2Ftags&post=18567"}],"curies":[{"name":"wp","href":"https:\/\/api.w.org\/{rel}","templated":true}]}}