{"id":18547,"date":"2025-05-23T21:33:06","date_gmt":"2025-05-23T20:33:06","guid":{"rendered":"http:\/\/culturaliagz.com\/?p=18547"},"modified":"2025-05-23T21:35:05","modified_gmt":"2025-05-23T20:35:05","slug":"o-festival-do-pasatempo-voltara-o-proximo-27-e-28-de-xuno-ao-parque-do-pasatempo-de-betanzos","status":"publish","type":"post","link":"http:\/\/culturaliagz.com\/?p=18547","title":{"rendered":"O Festival do Pasatempo voltar\u00e1 o pr\u00f3ximo 27 e 28 de xu\u00f1o ao Parque do Pasatempo de Betanzos"},"content":{"rendered":"\n<p><\/p>\n\n\n<div class=\"wp-block-image\">\n<figure class=\"aligncenter size-full\"><a href=\"http:\/\/culturaliagz.com\/wp-content\/uploads\/2025\/05\/image-1.jpg\" target=\"_blank\" rel=\"noreferrer noopener\"><img loading=\"lazy\" decoding=\"async\" width=\"500\" height=\"500\" src=\"http:\/\/culturaliagz.com\/wp-content\/uploads\/2025\/05\/image-1.jpg\" alt=\"\" class=\"wp-image-18548\" srcset=\"http:\/\/culturaliagz.com\/wp-content\/uploads\/2025\/05\/image-1.jpg 500w, http:\/\/culturaliagz.com\/wp-content\/uploads\/2025\/05\/image-1-480x480.jpg 480w\" sizes=\"auto, (min-width: 0px) and (max-width: 480px) 480px, (min-width: 481px) 500px, 100vw\" \/><\/a><\/figure>\n<\/div>\n\n\n<p><\/p>\n\n\n\n<p><\/p>\n\n\n\n<p class=\"has-text-align-center\" style=\"font-size:16px\"><br>O CARTEL DESTA NOVA EDICI\u00d3N DESVELARASE O PR\u00d3XIMO MARTES 27<\/p>\n\n\n\n<p><\/p>\n\n\n\n<p class=\"has-text-align-justify\">Un ano m\u00e1is, o <strong>Parque do Pasatempo de Betanzos<\/strong> encherase da mellor m\u00fasica en directo coa celebraci\u00f3n dunha nova edici\u00f3n do <strong>Festival do Pasatempo<\/strong>. A organizaci\u00f3n ten listo xa o <strong>cartel deste ano<\/strong>, que ver\u00e1 a luz o pr\u00f3ximo <strong>martes 27 \u00e1s 12:00h<\/strong>, con artistas de renome que levar\u00e1n os seus espect\u00e1culos completos \u00e1 vila betanceira. Tras a volta \u00e1 actividade, a <strong>\u00faltima edici\u00f3n<\/strong> do festival pechou cos concertos de artistas da talla de <strong>Andr\u00e9s Su\u00e1rez<\/strong>, <strong>David Bustamante<\/strong>, <strong>Sabela<\/strong> e <strong>Paula Mattheus<\/strong>, volvendo a po\u00f1er ao Parque do Pasatempo no mapa da mellor m\u00fasica en directo.&nbsp;<\/p>\n\n\n\n<p class=\"has-text-align-justify\">O festival xorde como unha iniciativa para traer a artistas de primeiro nivel a un parque hist\u00f3rico, po\u00f1endo en valor a s\u00faa categor\u00eda de <strong>Ben de Interese Cultural<\/strong>. O espazo \u00e9 un tesouro agochado da historia galega, constru\u00eddo no s\u00e9culo XIX polos indianos da zona. A d\u00eda de hoxe segue sendo un elemento impresionante en v\u00edas de restauraci\u00f3n, polo que o evento, dende a li\u00f1a gr\u00e1fica creada por <strong>Rei Zentolo<\/strong> ata as actividades e comunicaci\u00f3n do mesmo, tam\u00e9n visibilizar\u00e1 os procesos de resignificaci\u00f3n dun dos espazos m\u00e1is hist\u00f3ricos e culturais da contorna.&nbsp;<\/p>\n\n\n\n<p class=\"has-text-align-justify\">O Festival do Pasatempo de Betanzos \u00e9 un festival promovido pola promotora <strong>PlayPlan<\/strong>, art\u00edfice de festivais como o <strong>SonR\u00edas Baixas<\/strong>, <strong>BIGSOUND Pontevedra<\/strong>, <strong>Fumega Fest<\/strong> ou das carreiras art\u00edsticas de<strong> Tanxugueiras<\/strong>, <strong>Caama\u00f1o&amp;Ameixeiras<\/strong>, <strong>Hugo Guezeta<\/strong>, <strong>Sabela<\/strong> ou <strong>Vimbio<\/strong> entre moitos outros. Ademais, conta co patrocinio da Axencia&nbsp; Turismo de Galicia, Xunta de Galicia e Xacobeo e coa colaboraci\u00f3n da Deputaci\u00f3n da Coru\u00f1a e o Concello de Betanzos.&nbsp;<\/p>\n","protected":false},"excerpt":{"rendered":"<p>O CARTEL DESTA NOVA EDICI\u00d3N DESVELARASE O PR\u00d3XIMO MARTES 27 Un ano m\u00e1is, o Parque do Pasatempo de Betanzos encherase da mellor m\u00fasica en directo coa celebraci\u00f3n dunha nova edici\u00f3n [&hellip;]<\/p>\n","protected":false},"author":1,"featured_media":0,"comment_status":"open","ping_status":"open","sticky":false,"template":"","format":"standard","meta":{"_et_pb_use_builder":"","_et_pb_old_content":"","_et_gb_content_width":"","_jetpack_memberships_contains_paid_content":false,"footnotes":""},"categories":[23,7,6,57,1],"tags":[2283,2908],"class_list":["post-18547","post","type-post","status-publish","format-standard","hentry","category-autoresas","category-creacion","category-novas","category-outras-artes","category-xeral","tag-festival-do-pasatempo","tag-parque-do-pasatempo-de-betanzos"],"jetpack_featured_media_url":"","jetpack_sharing_enabled":true,"_links":{"self":[{"href":"http:\/\/culturaliagz.com\/index.php?rest_route=\/wp\/v2\/posts\/18547","targetHints":{"allow":["GET"]}}],"collection":[{"href":"http:\/\/culturaliagz.com\/index.php?rest_route=\/wp\/v2\/posts"}],"about":[{"href":"http:\/\/culturaliagz.com\/index.php?rest_route=\/wp\/v2\/types\/post"}],"author":[{"embeddable":true,"href":"http:\/\/culturaliagz.com\/index.php?rest_route=\/wp\/v2\/users\/1"}],"replies":[{"embeddable":true,"href":"http:\/\/culturaliagz.com\/index.php?rest_route=%2Fwp%2Fv2%2Fcomments&post=18547"}],"version-history":[{"count":5,"href":"http:\/\/culturaliagz.com\/index.php?rest_route=\/wp\/v2\/posts\/18547\/revisions"}],"predecessor-version":[{"id":18553,"href":"http:\/\/culturaliagz.com\/index.php?rest_route=\/wp\/v2\/posts\/18547\/revisions\/18553"}],"wp:attachment":[{"href":"http:\/\/culturaliagz.com\/index.php?rest_route=%2Fwp%2Fv2%2Fmedia&parent=18547"}],"wp:term":[{"taxonomy":"category","embeddable":true,"href":"http:\/\/culturaliagz.com\/index.php?rest_route=%2Fwp%2Fv2%2Fcategories&post=18547"},{"taxonomy":"post_tag","embeddable":true,"href":"http:\/\/culturaliagz.com\/index.php?rest_route=%2Fwp%2Fv2%2Ftags&post=18547"}],"curies":[{"name":"wp","href":"https:\/\/api.w.org\/{rel}","templated":true}]}}